{"id":5699,"date":"2020-06-02T07:00:34","date_gmt":"2020-06-02T05:00:34","guid":{"rendered":"http:\/\/blogscvc.cervantes.es\/martes-neologico\/?p=5699"},"modified":"2025-07-31T11:49:14","modified_gmt":"2025-07-31T09:49:14","slug":"malware","status":"publish","type":"post","link":"https:\/\/blogscvc.cervantes.es\/martes-neologico\/malware\/","title":{"rendered":"malware <em>m.<\/em>"},"content":{"rendered":"<p>El neologismo <em>malware<\/em> es un extranjerismo procedente del ingl\u00e9s formado por acronimia: es un acr\u00f3nimo de&nbsp;<em>malicious <\/em>y <em>software<\/em>. En los \u00faltimos veinticinco a\u00f1os se ha otorgado a este vocablo tal importancia en el campo de la seguridad de la informaci\u00f3n que se ha llegado a establecer un d\u00eda mundial del <em>antimalware<\/em>, que se celebra el 3 de noviembre de cada a\u00f1o. Esta fecha la estableci\u00f3 la compa\u00f1\u00eda de seguridad ESET en 2017 con el objetivo de destacar la labor que realizan los investigadores de este campo para combatir programas malignos que ponen en peligro la seguridad de instituciones, empresas o personas. En esa misma fecha, pero en el a\u00f1o 1983, el estudiante de Ingenier\u00eda de la Universidad del Sur de California Fred Cohen present\u00f3 un prototipo de programa maligno en un seminario de inform\u00e1tica que luego su profesor, Len Adleman, bautizar\u00eda como virus inform\u00e1tico o <em>malware<\/em>. No obstante, se reconoce que el vocablo fue acu\u00f1ado por el profesor israel\u00ed Yisrael Radai el 4 de julio 1990, en una de sus publicaciones en lengua inglesa en la que describ\u00eda los distintos tipos de <em>malware<\/em>, como los virus inform\u00e1ticos, los troyanos, <em>ransomware<\/em> (programas de secuestro o chantaje<em>)<\/em>, <em>spyware<\/em> (programas esp\u00edas) y <em>adware <\/em>(programas de publicidad indeseada), entre otros.<\/p>\n<figure id=\"attachment_118\" aria-describedby=\"caption-attachment-118\" style=\"width: 750px\" class=\"wp-caption aligncenter\"><a href=\"http:\/\/blogscvc.cervantes.es\/martes-neologico\/wp-content\/uploads\/sites\/2\/2020\/06\/malware_500.jpg\"><img decoding=\"async\" loading=\"lazy\" class=\"alignnone size-full wp-image-1739\" src=\"http:\/\/blogscvc.cervantes.es\/martes-neologico\/wp-content\/uploads\/sites\/2\/2020\/06\/malware_500.jpg\" alt=\"Ilustraci\u00f3n en la que aparece un ladr\u00f3n enmascarado saliendo de un ordenador port\u00e1til.\" width=\"750\" height=\"500\"><\/a><figcaption id=\"caption-attachment-118\" class=\"wp-caption-text\">Pixabay<\/figcaption><\/figure>\n<p>Con el uso de las nuevas tecnolog\u00edas para cometer ataques cibern\u00e9ticos contra gobiernos, negocios e individuos, palabras y frases que hace una d\u00e9cada apenas exist\u00edan ahora forman parte de nuestro vocabulario diario. Si bien encontramos este neologismo con frecuencia en la prensa, e incluso lo usamos en conversaciones a diario, resulta poco frecuente hallarlo en diccionarios. En concreto, aunque aparece en el <em>NEOMM<\/em> y en el <em>Alvar2<\/em>, no aparece en el <em>DRAE23<\/em>, ni en el diccionario <em>Clave<\/em>; tampoco lo encontramos en el <em>VOXUSO<\/em>, ni en el diccionario <em>Alvar1<\/em>. Por otro lado, pese a no estar incluido en el CREA ni en el CORDE, s\u00ed lo est\u00e1 en el CORPES XXI. Y al consultar diccionarios de lenguas cercanas vemos que, en portugu\u00e9s, lo incluye el <em>Dicion\u00e1rio Priberam da L\u00edngua Portuguesa<\/em>; en italiano, el <em>Dizionario del Istituto della Enciclopedia Italiana<\/em> tambi\u00e9n lo recoge; pero, en franc\u00e9s, no aparece en el <em>Petit Robert <\/em>ni en el<em> Larousse.<\/em><\/p>\n<p>Pueden encontrarse muchos ejemplos de su uso en los medios de comunicaci\u00f3n en el banco de datos del Observatori de Neologia, tanto procedentes de la pen\u00ednsula ib\u00e9rica como de pa\u00edses de Am\u00e9rica Latina:<\/p>\n<ul>\n<li>El problema con este software, conocido como <strong>malware<\/strong> es grave. Seg\u00fan Pew Internet el 43 % de los internautas estadounidenses admite haber tenido instalado en su ordenador de casa alg\u00fan programa no deseado, una cifra que en octubre de 2004 se situaba en el 53 %, en un estudio realizado por AOL. [<em>El Pa\u00eds<\/em> (Espa\u00f1a), 09\/07\/2005]<\/li>\n<li>En este sentido, Cluley afirma que \u00abno es ins\u00f3lito\u00bb que los \u2018hackers\u2019 reutilicen su <strong>malware<\/strong> (software que tiene como objetivo infiltrarse o da\u00f1ar un ordenador sin el conocimiento del due\u00f1o) disfraz\u00e1ndolo de diversas maneras para \u00abintentar burlar el software <strong>\u2018anti-malware\u2019<\/strong> de los sistemas\u00bb. [<em>La Opini\u00f3n de Murcia<\/em> (Espa\u00f1a), 01\/04\/2008]<\/li>\n<li>Tambi\u00e9n se han alterado los resultados de b\u00fasquedas para camuflar sitios infectados con <strong>malware<\/strong> entre los resultados, o p\u00e1ginas falsas de donaciones para robarles datos o dinero a las v\u00edctimas. [<em>El Universal<\/em> (M\u00e9xico), 17\/01\/2010]<\/li>\n<li>As\u00ed lo consign\u00f3 el informe trimestral de la empresa PandaLabs, el cual tambi\u00e9n registr\u00f3 que se est\u00e1n creando 42 <strong>malwares <\/strong>por minuto. [<em>El Mercurio<\/em> (Chile), 07\/07\/2011]<\/li>\n<li>Sin embargo, un informe de McAfee descubri\u00f3 que el 75 % de las aplicaciones infectadas por <strong>malware <\/strong>que fueron descargadas por los usuarios de McAfee Mobile Security estaban hospedadas en Google Play, y que el consumidor promedio tiene una probabilidad de uno en seis de descargar una aplicaci\u00f3n riesgosa. [<em>La Naci\u00f3n<\/em> (Argentina), 17\/01\/2010]<\/li>\n<li>Todos estos incidentes ponen en evidencia enormes vac\u00edos en seguridad cibern\u00e9tica o la facilidad con que agentes maliciosos programas o aplicaciones conocidos como <strong>malware<\/strong> pueden entrar en una simple computadora y a partir de ah\u00ed, en una red o en la nube. [<em>El Tiempo<\/em> (Colombia), 27\/05\/2014]<\/li>\n<\/ul>\n<p>Por \u00faltimo, es pertinente se\u00f1alar los equivalentes en espa\u00f1ol del pr\u00e9stamo ingl\u00e9s que nos ocupa que m\u00e1s aparecen en los medios de comunicaci\u00f3n, tanto orales como escritos, y que van desde, simplemente, <em>programa malicioso<\/em> o <em>programa maligno<\/em>, hasta equivalentes m\u00e1s extensos como <em>programa inform\u00e1tico da\u00f1ino<\/em> o <em>programa inform\u00e1tico malintencionado<\/em>.<\/p>\n<p>Dado que el uso de los hablantes es el que acaba decidiendo qu\u00e9 palabras permanecen en nuestro vocabulario y cu\u00e1les est\u00e1n de paso, el uso frecuente, actual y constante de este vocablo, tanto en las conversaciones cotidianas como, sobre todo, entre especialistas, lo convierte en un candidato para ser incluido en el diccionario de referencia de la lengua espa\u00f1ola.<\/p>\n<p>Merc\u00e8 Reguant<br \/>\nServicio de Traducci\u00f3n<br \/>\nNaciones Unidas, Nueva York (Estados Unidos)<\/p>\n","protected":false},"excerpt":{"rendered":"<p>El neologismo <em>malware<\/em> es un extranjerismo procedente del ingl\u00e9s formado por acronimia: es un acr\u00f3nimo de <em>malicious <\/em>y <em>software<\/em>. En los \u00faltimos veinticinco a\u00f1os se ha otorgado a este vocablo tal importancia en el campo de la seguridad de la informaci\u00f3n que se ha llegado a establecer un d\u00eda mundial del <em>antimalware<\/em>, que se celebra el 3 de noviembre de cada a\u00f1o. Esta fecha la estableci\u00f3 la compa\u00f1\u00eda de seguridad ESET en 2017 con el objetivo de destacar la labor que realizan los investigadores de este campo para combatir programas malignos que ponen en peligro la seguridad de instituciones, empresas o personas. En esa misma fecha, pero en el a\u00f1o 1983, el estudiante de Ingenier\u00eda de la Universidad del Sur de California Fred Cohen present\u00f3 un prototipo de programa maligno en un seminario de inform\u00e1tica que luego su profesor, Len Adleman, bautizar\u00eda como virus inform\u00e1tico o <em>malware<\/em>. No obstante, se reconoce que el vocablo fue acu\u00f1ado por el profesor israel\u00ed Yisrael Radai el 4 de julio 1990, en una de sus publicaciones en lengua inglesa en la que describ\u00eda los distintos tipos de <em>malware<\/em>, como los virus inform\u00e1ticos, los troyanos, <em>ransomware<\/em> (programas de secuestro o chantaje<em>)<\/em>, <em>spyware<\/em> (programas esp\u00edas) y <em>adware <\/em>(programas de publicidad indeseada), entre otros.<\/p>\n","protected":false},"author":1,"featured_media":5723,"comment_status":"open","ping_status":"open","sticky":false,"template":"","format":"standard","meta":{"_mi_skip_tracking":false,"_s2mail":"yes"},"categories":[58,256,274],"tags":[],"yoast_head":"<!-- This site is optimized with the Yoast SEO plugin v20.6 - https:\/\/yoast.com\/wordpress\/plugins\/seo\/ -->\n<title>CVC. Malware | Martes Neol\u00f3gico<\/title>\n<meta name=\"description\" content=\"Art\u00edculo sobre el neologismo \u00abmalware\u00bb, dentro del blog Martes Neol\u00f3gico del Centro Virtual Cervantes.\" \/>\n<meta name=\"robots\" content=\"index, follow, max-snippet:-1, max-image-preview:large, max-video-preview:-1\" \/>\n<link rel=\"canonical\" href=\"https:\/\/blogscvc.cervantes.es\/martes-neologico\/malware\/\" \/>\n<meta property=\"og:locale\" content=\"es_ES\" \/>\n<meta property=\"og:type\" content=\"article\" \/>\n<meta property=\"og:title\" content=\"CVC. Malware | Martes Neol\u00f3gico\" \/>\n<meta property=\"og:description\" content=\"Art\u00edculo sobre el neologismo \u00abmalware\u00bb, dentro del blog Martes Neol\u00f3gico del Centro Virtual Cervantes.\" \/>\n<meta property=\"og:url\" content=\"https:\/\/blogscvc.cervantes.es\/martes-neologico\/malware\/\" \/>\n<meta property=\"og:site_name\" content=\"Martes Neol\u00f3gico\" \/>\n<meta property=\"article:published_time\" content=\"2020-06-02T05:00:34+00:00\" \/>\n<meta property=\"article:modified_time\" content=\"2025-07-31T09:49:14+00:00\" \/>\n<meta property=\"og:image\" content=\"http:\/\/blogscvc.cervantes.es\/martes-neologico\/wp-content\/uploads\/sites\/2\/2020\/06\/malware_350.jpg\" \/>\n\t<meta property=\"og:image:width\" content=\"750\" \/>\n\t<meta property=\"og:image:height\" content=\"350\" \/>\n\t<meta property=\"og:image:type\" content=\"image\/jpeg\" \/>\n<meta name=\"author\" content=\"admin\" \/>\n<meta name=\"twitter:card\" content=\"summary_large_image\" \/>\n<meta name=\"twitter:label1\" content=\"Escrito por\" \/>\n\t<meta name=\"twitter:data1\" content=\"admin\" \/>\n\t<meta name=\"twitter:label2\" content=\"Tiempo de lectura\" \/>\n\t<meta name=\"twitter:data2\" content=\"4 minutos\" \/>\n<script type=\"application\/ld+json\" class=\"yoast-schema-graph\">{\"@context\":\"https:\/\/schema.org\",\"@graph\":[{\"@type\":\"Article\",\"@id\":\"https:\/\/blogscvc.cervantes.es\/martes-neologico\/malware\/#article\",\"isPartOf\":{\"@id\":\"https:\/\/blogscvc.cervantes.es\/martes-neologico\/malware\/\"},\"author\":{\"name\":\"admin\",\"@id\":\"https:\/\/blogscvc.cervantes.es\/martes-neologico\/#\/schema\/person\/7e2fd26f886f53b1b2e81721d23acc47\"},\"headline\":\"malware m.\",\"datePublished\":\"2020-06-02T05:00:34+00:00\",\"dateModified\":\"2025-07-31T09:49:14+00:00\",\"mainEntityOfPage\":{\"@id\":\"https:\/\/blogscvc.cervantes.es\/martes-neologico\/malware\/\"},\"wordCount\":834,\"commentCount\":0,\"publisher\":{\"@id\":\"https:\/\/blogscvc.cervantes.es\/martes-neologico\/#organization\"},\"articleSection\":[\"inform\u00e1tica\",\"ingl\u00e9s\",\"pr\u00e9stamo\"],\"inLanguage\":\"es\",\"potentialAction\":[{\"@type\":\"CommentAction\",\"name\":\"Comment\",\"target\":[\"https:\/\/blogscvc.cervantes.es\/martes-neologico\/malware\/#respond\"]}]},{\"@type\":\"WebPage\",\"@id\":\"https:\/\/blogscvc.cervantes.es\/martes-neologico\/malware\/\",\"url\":\"https:\/\/blogscvc.cervantes.es\/martes-neologico\/malware\/\",\"name\":\"CVC. Malware | Martes Neol\u00f3gico\",\"isPartOf\":{\"@id\":\"https:\/\/blogscvc.cervantes.es\/martes-neologico\/#website\"},\"datePublished\":\"2020-06-02T05:00:34+00:00\",\"dateModified\":\"2025-07-31T09:49:14+00:00\",\"description\":\"Art\u00edculo sobre el neologismo \u00abmalware\u00bb, dentro del blog Martes Neol\u00f3gico del Centro Virtual Cervantes.\",\"breadcrumb\":{\"@id\":\"https:\/\/blogscvc.cervantes.es\/martes-neologico\/malware\/#breadcrumb\"},\"inLanguage\":\"es\",\"potentialAction\":[{\"@type\":\"ReadAction\",\"target\":[\"https:\/\/blogscvc.cervantes.es\/martes-neologico\/malware\/\"]}]},{\"@type\":\"BreadcrumbList\",\"@id\":\"https:\/\/blogscvc.cervantes.es\/martes-neologico\/malware\/#breadcrumb\",\"itemListElement\":[{\"@type\":\"ListItem\",\"position\":1,\"name\":\"Portada\",\"item\":\"https:\/\/blogscvc.cervantes.es\/martes-neologico\/\"},{\"@type\":\"ListItem\",\"position\":2,\"name\":\"malware m.\"}]},{\"@type\":\"WebSite\",\"@id\":\"https:\/\/blogscvc.cervantes.es\/martes-neologico\/#website\",\"url\":\"https:\/\/blogscvc.cervantes.es\/martes-neologico\/\",\"name\":\"Martes Neol\u00f3gico\",\"description\":\"Cada martes, una palabra nueva que podr\u00eda estar en el diccionario\",\"publisher\":{\"@id\":\"https:\/\/blogscvc.cervantes.es\/martes-neologico\/#organization\"},\"potentialAction\":[{\"@type\":\"SearchAction\",\"target\":{\"@type\":\"EntryPoint\",\"urlTemplate\":\"https:\/\/blogscvc.cervantes.es\/martes-neologico\/?s={search_term_string}\"},\"query-input\":\"required name=search_term_string\"}],\"inLanguage\":\"es\"},{\"@type\":\"Organization\",\"@id\":\"https:\/\/blogscvc.cervantes.es\/martes-neologico\/#organization\",\"name\":\"Martes Neol\u00f3gico\",\"url\":\"https:\/\/blogscvc.cervantes.es\/martes-neologico\/\",\"logo\":{\"@type\":\"ImageObject\",\"inLanguage\":\"es\",\"@id\":\"https:\/\/blogscvc.cervantes.es\/martes-neologico\/#\/schema\/logo\/image\/\",\"url\":\"https:\/\/blogscvc.cervantes.es\/martes-neologico\/wp-content\/uploads\/sites\/2\/2025\/10\/logo-martes-neologico-10-anos.png\",\"contentUrl\":\"https:\/\/blogscvc.cervantes.es\/martes-neologico\/wp-content\/uploads\/sites\/2\/2025\/10\/logo-martes-neologico-10-anos.png\",\"width\":300,\"height\":100,\"caption\":\"Martes Neol\u00f3gico\"},\"image\":{\"@id\":\"https:\/\/blogscvc.cervantes.es\/martes-neologico\/#\/schema\/logo\/image\/\"}},{\"@type\":\"Person\",\"@id\":\"https:\/\/blogscvc.cervantes.es\/martes-neologico\/#\/schema\/person\/7e2fd26f886f53b1b2e81721d23acc47\",\"name\":\"admin\",\"image\":{\"@type\":\"ImageObject\",\"inLanguage\":\"es\",\"@id\":\"https:\/\/blogscvc.cervantes.es\/martes-neologico\/#\/schema\/person\/image\/\",\"url\":\"https:\/\/secure.gravatar.com\/avatar\/c4b6a365b64e607f3d2ecd9620a7675a?s=96&d=mm&r=g\",\"contentUrl\":\"https:\/\/secure.gravatar.com\/avatar\/c4b6a365b64e607f3d2ecd9620a7675a?s=96&d=mm&r=g\",\"caption\":\"admin\"},\"url\":\"https:\/\/blogscvc.cervantes.es\/martes-neologico\/author\/admin\/\"}]}<\/script>\n<!-- \/ Yoast SEO plugin. -->","yoast_head_json":{"title":"CVC. Malware | Martes Neol\u00f3gico","description":"Art\u00edculo sobre el neologismo \u00abmalware\u00bb, dentro del blog Martes Neol\u00f3gico del Centro Virtual Cervantes.","robots":{"index":"index","follow":"follow","max-snippet":"max-snippet:-1","max-image-preview":"max-image-preview:large","max-video-preview":"max-video-preview:-1"},"canonical":"https:\/\/blogscvc.cervantes.es\/martes-neologico\/malware\/","og_locale":"es_ES","og_type":"article","og_title":"CVC. Malware | Martes Neol\u00f3gico","og_description":"Art\u00edculo sobre el neologismo \u00abmalware\u00bb, dentro del blog Martes Neol\u00f3gico del Centro Virtual Cervantes.","og_url":"https:\/\/blogscvc.cervantes.es\/martes-neologico\/malware\/","og_site_name":"Martes Neol\u00f3gico","article_published_time":"2020-06-02T05:00:34+00:00","article_modified_time":"2025-07-31T09:49:14+00:00","og_image":[{"width":750,"height":350,"url":"http:\/\/blogscvc.cervantes.es\/martes-neologico\/wp-content\/uploads\/sites\/2\/2020\/06\/malware_350.jpg","type":"image\/jpeg"}],"author":"admin","twitter_card":"summary_large_image","twitter_misc":{"Escrito por":"admin","Tiempo de lectura":"4 minutos"},"schema":{"@context":"https:\/\/schema.org","@graph":[{"@type":"Article","@id":"https:\/\/blogscvc.cervantes.es\/martes-neologico\/malware\/#article","isPartOf":{"@id":"https:\/\/blogscvc.cervantes.es\/martes-neologico\/malware\/"},"author":{"name":"admin","@id":"https:\/\/blogscvc.cervantes.es\/martes-neologico\/#\/schema\/person\/7e2fd26f886f53b1b2e81721d23acc47"},"headline":"malware m.","datePublished":"2020-06-02T05:00:34+00:00","dateModified":"2025-07-31T09:49:14+00:00","mainEntityOfPage":{"@id":"https:\/\/blogscvc.cervantes.es\/martes-neologico\/malware\/"},"wordCount":834,"commentCount":0,"publisher":{"@id":"https:\/\/blogscvc.cervantes.es\/martes-neologico\/#organization"},"articleSection":["inform\u00e1tica","ingl\u00e9s","pr\u00e9stamo"],"inLanguage":"es","potentialAction":[{"@type":"CommentAction","name":"Comment","target":["https:\/\/blogscvc.cervantes.es\/martes-neologico\/malware\/#respond"]}]},{"@type":"WebPage","@id":"https:\/\/blogscvc.cervantes.es\/martes-neologico\/malware\/","url":"https:\/\/blogscvc.cervantes.es\/martes-neologico\/malware\/","name":"CVC. Malware | Martes Neol\u00f3gico","isPartOf":{"@id":"https:\/\/blogscvc.cervantes.es\/martes-neologico\/#website"},"datePublished":"2020-06-02T05:00:34+00:00","dateModified":"2025-07-31T09:49:14+00:00","description":"Art\u00edculo sobre el neologismo \u00abmalware\u00bb, dentro del blog Martes Neol\u00f3gico del Centro Virtual Cervantes.","breadcrumb":{"@id":"https:\/\/blogscvc.cervantes.es\/martes-neologico\/malware\/#breadcrumb"},"inLanguage":"es","potentialAction":[{"@type":"ReadAction","target":["https:\/\/blogscvc.cervantes.es\/martes-neologico\/malware\/"]}]},{"@type":"BreadcrumbList","@id":"https:\/\/blogscvc.cervantes.es\/martes-neologico\/malware\/#breadcrumb","itemListElement":[{"@type":"ListItem","position":1,"name":"Portada","item":"https:\/\/blogscvc.cervantes.es\/martes-neologico\/"},{"@type":"ListItem","position":2,"name":"malware m."}]},{"@type":"WebSite","@id":"https:\/\/blogscvc.cervantes.es\/martes-neologico\/#website","url":"https:\/\/blogscvc.cervantes.es\/martes-neologico\/","name":"Martes Neol\u00f3gico","description":"Cada martes, una palabra nueva que podr\u00eda estar en el diccionario","publisher":{"@id":"https:\/\/blogscvc.cervantes.es\/martes-neologico\/#organization"},"potentialAction":[{"@type":"SearchAction","target":{"@type":"EntryPoint","urlTemplate":"https:\/\/blogscvc.cervantes.es\/martes-neologico\/?s={search_term_string}"},"query-input":"required name=search_term_string"}],"inLanguage":"es"},{"@type":"Organization","@id":"https:\/\/blogscvc.cervantes.es\/martes-neologico\/#organization","name":"Martes Neol\u00f3gico","url":"https:\/\/blogscvc.cervantes.es\/martes-neologico\/","logo":{"@type":"ImageObject","inLanguage":"es","@id":"https:\/\/blogscvc.cervantes.es\/martes-neologico\/#\/schema\/logo\/image\/","url":"https:\/\/blogscvc.cervantes.es\/martes-neologico\/wp-content\/uploads\/sites\/2\/2025\/10\/logo-martes-neologico-10-anos.png","contentUrl":"https:\/\/blogscvc.cervantes.es\/martes-neologico\/wp-content\/uploads\/sites\/2\/2025\/10\/logo-martes-neologico-10-anos.png","width":300,"height":100,"caption":"Martes Neol\u00f3gico"},"image":{"@id":"https:\/\/blogscvc.cervantes.es\/martes-neologico\/#\/schema\/logo\/image\/"}},{"@type":"Person","@id":"https:\/\/blogscvc.cervantes.es\/martes-neologico\/#\/schema\/person\/7e2fd26f886f53b1b2e81721d23acc47","name":"admin","image":{"@type":"ImageObject","inLanguage":"es","@id":"https:\/\/blogscvc.cervantes.es\/martes-neologico\/#\/schema\/person\/image\/","url":"https:\/\/secure.gravatar.com\/avatar\/c4b6a365b64e607f3d2ecd9620a7675a?s=96&d=mm&r=g","contentUrl":"https:\/\/secure.gravatar.com\/avatar\/c4b6a365b64e607f3d2ecd9620a7675a?s=96&d=mm&r=g","caption":"admin"},"url":"https:\/\/blogscvc.cervantes.es\/martes-neologico\/author\/admin\/"}]}},"_links":{"self":[{"href":"https:\/\/blogscvc.cervantes.es\/martes-neologico\/wp-json\/wp\/v2\/posts\/5699"}],"collection":[{"href":"https:\/\/blogscvc.cervantes.es\/martes-neologico\/wp-json\/wp\/v2\/posts"}],"about":[{"href":"https:\/\/blogscvc.cervantes.es\/martes-neologico\/wp-json\/wp\/v2\/types\/post"}],"author":[{"embeddable":true,"href":"https:\/\/blogscvc.cervantes.es\/martes-neologico\/wp-json\/wp\/v2\/users\/1"}],"replies":[{"embeddable":true,"href":"https:\/\/blogscvc.cervantes.es\/martes-neologico\/wp-json\/wp\/v2\/comments?post=5699"}],"version-history":[{"count":6,"href":"https:\/\/blogscvc.cervantes.es\/martes-neologico\/wp-json\/wp\/v2\/posts\/5699\/revisions"}],"predecessor-version":[{"id":13609,"href":"https:\/\/blogscvc.cervantes.es\/martes-neologico\/wp-json\/wp\/v2\/posts\/5699\/revisions\/13609"}],"wp:featuredmedia":[{"embeddable":true,"href":"https:\/\/blogscvc.cervantes.es\/martes-neologico\/wp-json\/wp\/v2\/media\/5723"}],"wp:attachment":[{"href":"https:\/\/blogscvc.cervantes.es\/martes-neologico\/wp-json\/wp\/v2\/media?parent=5699"}],"wp:term":[{"taxonomy":"category","embeddable":true,"href":"https:\/\/blogscvc.cervantes.es\/martes-neologico\/wp-json\/wp\/v2\/categories?post=5699"},{"taxonomy":"post_tag","embeddable":true,"href":"https:\/\/blogscvc.cervantes.es\/martes-neologico\/wp-json\/wp\/v2\/tags?post=5699"}],"curies":[{"name":"wp","href":"https:\/\/api.w.org\/{rel}","templated":true}]}}