{"id":6230,"date":"2020-09-15T07:00:37","date_gmt":"2020-09-15T05:00:37","guid":{"rendered":"http:\/\/blogscvc.cervantes.es\/martes-neologico\/?p=6230"},"modified":"2025-07-31T14:50:33","modified_gmt":"2025-07-31T12:50:33","slug":"pitufo-pitufa","status":"publish","type":"post","link":"https:\/\/blogscvc.cervantes.es\/martes-neologico\/pitufo-pitufa\/","title":{"rendered":"pitufo, pitufa <em>m.<\/em> y <em>f.<\/em> y <em>adj.<\/em>"},"content":{"rendered":"<p>Todos conocemos a los pitufos, esos personajes peque\u00f1os y azules, con gorro blanco, que viven en comunidad en un poblado de casas en forma de seta. Creaci\u00f3n del dibujante Pierre Culliford (Bruselas, 1928-1992), quien firmaba como Peyo, aparecieron por primera vez en <em>Spirou<\/em>, semanario de historietas francobelga. El 23 de octubre de 1958, la revista empez\u00f3 a publicar <em>La fl\u00fbte \u00e0 six trous<\/em> (\u2018La flauta de los seis agujeros\u2019) de la serie <em>Johan et Pirlouit<\/em>, en que los dos chicos protagonistas, con la ayuda del hechizo del mago Homnibus, viajan al pa\u00eds de los llamados Schtroumpfs (nuestros pitufos), los cuales han fabricado una flauta m\u00e1gica. Aunque en un principio los Schtroumpfs fueran secundarios, su aparici\u00f3n tuvo tan buena acogida que enseguida tomaron protagonismo y acabaron teniendo su propio espacio en <em>Spirou<\/em>. Al igual que el \u00e9xito inesperado de los pitufos, la creaci\u00f3n de la palabra <em>schtroumpf <\/em>para designar a estos personajes fue casual: Peyo, en una cena con el tambi\u00e9n historietista belga Andr\u00e9 Franquin, en vez de decir <em>sali\u00e8re<\/em> \u2018salero\u2019 us\u00f3, sin m\u00e1s, <em>schtroumpf <\/em><em>(vocablo que en franc\u00e9s no existe, pero s\u00ed se pronuncia como el alem\u00e1n <\/em><em>Strumpf<\/em> \u2018media\u2019), y los dos amigos siguieron la velada hablando en <em>schtroumpf<\/em>, es decir, reemplazando algunas palabras por esta. Seis meses despu\u00e9s, Peyo decidi\u00f3 llamar de esta manera a sus criaturas.<\/p>\n<figure id=\"attachment_118\" aria-describedby=\"caption-attachment-118\" style=\"width: 750px\" class=\"wp-caption aligncenter\"><a href=\"http:\/\/blogscvc.cervantes.es\/martes-neologico\/wp-content\/uploads\/sites\/2\/2020\/09\/pitufo_500.jpg\"><img decoding=\"async\" loading=\"lazy\" class=\"alignnone size-full wp-image-1739\" src=\"http:\/\/blogscvc.cervantes.es\/martes-neologico\/wp-content\/uploads\/sites\/2\/2020\/09\/pitufo_500.jpg\" alt=\"Dibujo de varios pitufos.\" width=\"750\" height=\"500\"><\/a><figcaption id=\"caption-attachment-118\" class=\"wp-caption-text\">Google Images<\/figcaption><\/figure>\n<p>Gracias a <em>Strong<\/em>, un tebeo de periodicidad semanal, los ni\u00f1os espa\u00f1oles pudieron leer las historias de los pitufos, ya desde su primer n\u00famero de 1969. Pese a la corta vida de la revista (se public\u00f3 hasta 1971), su existencia fue relevante porque b\u00e1sicamente importaba producci\u00f3n francobelga de la editorial Dupuis, un estilo de c\u00f3mic hasta entonces desconocido por el lector hispanohablante. De todos modos, algunas series de esa editorial ya hab\u00edan llegado al p\u00fablico infantil catal\u00e1n, como <em>Els<\/em> <em>barrufets<\/em> (traducci\u00f3n catalana de <em>Les Schtroumpfs<\/em>), que aparecieron por primera vez en mayo de 1967 en la revista <em>Cavall Fort<\/em>.<\/p>\n<p>La palabra <em>pitufo<\/em> se le ocurri\u00f3 a Miguel Agust\u00ed, redactor jefe de <em>Strong <\/em>y traductor al espa\u00f1ol de las historietas de Peyo. Para ello, se inspir\u00f3 en Patufet, personaje (se caracteriza por ser muy peque\u00f1o) que encontramos en la literatura infantil catalana, y, tras descartar algunas vocales (<em>patufo<\/em>, <em>petufo<\/em>, <em>potufo<\/em>, <em>putufo<\/em>), se qued\u00f3 con la <em>i<\/em>, cosa que lo llev\u00f3 a la soluci\u00f3n definitiva: <em>pitufo<\/em>. (A mediados de los a\u00f1os setenta, <em>TBO<\/em> los rebautiz\u00f3, sin \u00e9xito, como los <em>tebe\u00edtos<\/em>.) En cuanto a las otras soluciones adoptadas por el resto de lenguas del Estado espa\u00f1ol, salvo en el caso del gallego, en que se usa la forma espa\u00f1ola, descubrimos resultados diferentes: para el catal\u00e1n, el ling\u00fcista y escritor Albert Jan\u00e9 recurri\u00f3 a una ampliaci\u00f3n del significado del vocablo ya existente <em>barrufet<\/em>, como se ha dicho m\u00e1s arriba, el cual designa a seres imaginarios como diablillos o duendecillos traviesos. Por su parte, el vasco <em>pottokia <\/em>(<em>pottokiak<\/em> en plural) relaciona a los seres azules con los ponis, por su tama\u00f1o reducido.<\/p>\n<p>En cualquier caso, el neologismo <em>pitufo <\/em>no solo da nombre, como sustantivo, a los protagonistas de <em>La flauta de los pitufos<\/em>, sino que, para ser fieles al original franc\u00e9s, tambi\u00e9n se utiliza como sustantivo gen\u00e9rico para designar objetos diversos, y a partir de este por conversi\u00f3n, el verbo <em>pitufar<\/em> para expresar ciertas acciones. En menor medida, tambi\u00e9n lo encontramos con funci\u00f3n adjetiva. Veamos algunos ejemplos:<\/p>\n<ul>\n<li>Un ejemplo de ello es el t\u00edtulo \u00abLe Schtroumpfissime\u00bb, que guarda similitudes con la compleja situaci\u00f3n pol\u00edtica de B\u00e9lgica. En \u00e9l, dos comunidades de <strong>pitufos<\/strong> que hablan lenguas diferentes, equiparables a los flamencos y a los valones franc\u00f3fonos, no alcanzan ning\u00fan acuerdo cuando tratan de elegir democr\u00e1ticamente a su l\u00edder. [<em>El Espectador <\/em>(Colombia), 15\/01\/2008]<\/li>\n<li>El primer \u2018Pueblo Pitufo\u2019 del mundo anima a todos \u00ablos que tengan alma <strong>pitufa<\/strong>\u00bb a asistir al evento. [<em>La Opini\u00f3n de M\u00e1laga<\/em> (Espa\u00f1a), 11\/08\/2011]<\/li>\n<li>El cantante se visti\u00f3 con una chaqueta azul <strong>pitufo<\/strong> con dibujitos y un peinado algo raro. [<em>El Sur<\/em> (Espa\u00f1a), 01\/02\/2012]<\/li>\n<li>Que se lo digan al <strong>pitufo<\/strong> hinchable gigante con el que intent\u00f3 escalar en las playas de Canc\u00fan (M\u00e9xico), en una noche loca con los amigos, entre ellos Reid Carolin, compa\u00f1ero de proyectos como la productora Iron Horse Entertainment. [<em>El Pa\u00eds<\/em> (Espa\u00f1a), 13\/12\/2014]<\/li>\n<\/ul>\n<p>M\u00e1s all\u00e1 del \u00e1mbito literario en el que se cre\u00f3, la denominaci\u00f3n <em>pitufo<\/em> ha dado un salto al lenguaje general, con cierto matiz a\u00f1adido entre ir\u00f3nico y despectivo:<\/p>\n<ul>\n<li>Se le considera el cabeza de lista de los <strong>pitufos<\/strong>, como se denomina a la joven guardia de diplom\u00e1ticos pertenecientes al Partido Popular (PP). [<em>El Pa\u00eds<\/em> (Espa\u00f1a), 21\/07\/1996]<\/li>\n<li>Otro ejemplo significativo de la generaci\u00f3n de <em>los <strong>pitufo<\/strong><\/em><strong>s<\/strong> es el nuevo director general para Iberoam\u00e9rica, Eduardo Guti\u00e9rrez Sainz de Buruaga, diplom\u00e1tico en excedencia que tambi\u00e9n pas\u00f3 directamente de los despachos del PP al ministerio. [<em>El Pa\u00eds<\/em> (Espa\u00f1a), 10\/02\/1997]<\/li>\n<li>Les ha llamado <strong>pitufos<\/strong> gru\u00f1ones, cenizos, e IU les ha acusado de ser de derechas. [<em>El Pa\u00eds<\/em> (Espa\u00f1a), 13\/05\/2016]<\/li>\n<\/ul>\n<p>Otro ejemplo de esto ser\u00eda el caso del exfutbolista colombiano Anthony de \u00c1vila, quien recibi\u00f3 el apodo de <em>pitufo<\/em> por su baja estatura (med\u00eda un metro cincuenta y siete):<\/p>\n<ul>\n<li>Un \u2018pitufo\u2019 hizo historia en Am\u00e9rica y la Libertadores. [<em>El Universal<\/em> (Colombia), 23\/04\/2020]<\/li>\n<\/ul>\n<p>Asimismo encontramos la palabra para referirse coloquialmente, por analog\u00eda, a la polic\u00eda local de algunos municipios de Espa\u00f1a y Latinoam\u00e9rica, por el color azul (en la mayor\u00eda de casos marino) de su uniforme:<\/p>\n<ul>\n<li>La juez Carmen Gonz\u00e1lez ha dejado en libertad bajo fianza a tres <strong>pitufos<\/strong> imputados en una operaci\u00f3n en que han sido detenidos nueve polic\u00edas. [<em>El Mundo<\/em> (Espa\u00f1a), 03\/02\/2015]<\/li>\n<li>No, esos Pitufos no son estos <strong>pitufos<\/strong>. Y ese es el apodo que los j\u00f3venes bahienses les han puesto a los noveles polic\u00edas locales. [<em>Izquierda Diario<\/em> (Espa\u00f1a), 09\/09\/2015]<\/li>\n<li>Ya no ser\u00e1n \u00ablos <strong>pitufos<\/strong>\u00bb. La Polic\u00eda Local cambi\u00f3 a partir de ayer su uniforme y dej\u00f3 atr\u00e1s el celeste que la caracterizaba por un azul oscuro muy similar al de la Polic\u00eda Bonaerense. [<em>El Diario Sur<\/em> (Argentina), 10\/05\/2018]<\/li>\n<\/ul>\n<p>El <em>DUE<\/em> recoge <em>pitufo,<\/em> <em>pitufa<\/em> para referirse, en una primera acepci\u00f3n, al personaje (\u00abenanito azul de ciertos cuentos infantiles\u00bb), y a continuaci\u00f3n, en contextos informales, en el sentido de \u00abni\u00f1o peque\u00f1o\u00bb. De todos modos, para la figura femenina de <em>Los pitufos<\/em>, que apareci\u00f3 en la d\u00e9cima historia de la serie, se opt\u00f3 por la forma <em>pitufina<\/em> o <em>pitufita <\/em>(<em>Schtroumpfette <\/em>en el franc\u00e9s original), y no <em>pitufa<\/em>, como recoge el citado diccionario, que a\u00f1ade <em>-a<\/em> al masculino, el sufijo femenino por defecto. De hecho, el sufijo <em>-ette<\/em> tiene valor de diminutivo, como en el caso de <em>-ita<\/em> en espa\u00f1ol.<\/p>\n<ul>\n<li>Su inter\u00e9s: cuidar y querer a cada Pitufo. Su cometido: hacer de <strong>pitufina<\/strong> Y eso es todo. [<em>El Correo<\/em> (Espa\u00f1a), 10\/12\/2013]<\/li>\n<\/ul>\n<p>Del mismo modo que vimos con <span style=\"color: #2d9659;\"><a style=\"color: #2d9659;\" href=\"https:\/\/blogscvc.cervantes.es\/martes-neologico\/hobbit\/\" target=\"_blank\" rel=\"noopener\"><em>hobbit<\/em><\/a><\/span>, la voz <em>pitufo<\/em> ha trascendido el \u00e1mbito literario en el que fue creado y se usa para designar tanto a los personajes como tambi\u00e9n a personas que, por analog\u00eda, tienen relaci\u00f3n con el color azul o el tama\u00f1o peque\u00f1o. Si consultamos algunos diccionarios de lenguas extranjeras, descubrimos por ejemplo que <em>Le Grand Robert<\/em> recoge la forma francesa <em>schtroumpf<\/em> referida a las criaturas de Peyo, pero, en cambio, no encontramos su correspondiente en ingl\u00e9s (<em>smurf<\/em>) en el <em>Oxford Dictionary<\/em> <em>of English<\/em>, ni la alemana <em>Strumpf<\/em> en el <em>Langenscheidt<\/em>. Por otra parte, en el <em>Diccionari de la llengua catalana <\/em>del Institut d\u2019Estudis Catalans el vocablo <em>barrufet<\/em> solo est\u00e1 con el significado de \u2018diable\u2019 y \u2018follet\u2019, y en espa\u00f1ol el <em>DRAE<\/em> no recoge <em>pitufo<\/em>. Quiz\u00e1s va siendo hora de que los pitufos puedan estar al lado de otros seres fant\u00e1sticos como <em>hada<\/em>, <em>duende<\/em>, <em>elfo<\/em>, <em>gnomo<\/em>, <em>ogro<\/em> o <em>trol<\/em>, voces que s\u00ed est\u00e1n incorporadas en el <em>DRAE<\/em>.<\/p>\n<p>Bernat Cormand<br \/>\nUniversitat Pompeu Fabra (Barcelona)<\/p>\n","protected":false},"excerpt":{"rendered":"<p>Todos conocemos a los pitufos, esos personajes peque\u00f1os y azules, con gorro blanco, que viven en comunidad en un poblado de casas en forma de seta. Creaci\u00f3n del dibujante Pierre Culliford (Bruselas, 1928-1992), quien firmaba como Peyo, aparecieron por primera vez en <em>Spirou<\/em>, semanario de historietas francobelga. El 23 de octubre de 1958, la revista empez\u00f3 a publicar <em>La fl\u00fbte \u00e0 six trous<\/em> (\u2018La flauta de los seis agujeros\u2019) de la serie <em>Johan et Pirlouit<\/em>, en que los dos chicos protagonistas, con la ayuda del hechizo del mago Homnibus, viajan al pa\u00eds de los llamados Schtroumpfs (nuestros pitufos), los cuales han fabricado una flauta m\u00e1gica. Aunque en un principio los Schtroumpfs fueran secundarios, su aparici\u00f3n tuvo tan buena acogida que enseguida tomaron protagonismo y acabaron teniendo su propio espacio en <em>Spirou<\/em>. Al igual que el \u00e9xito inesperado de los pitufos, la creaci\u00f3n de la palabra <em>schtroumpf <\/em>para designar a estos personajes fue casual: Peyo, en una cena con el tambi\u00e9n historietista belga Andr\u00e9 Franquin, en vez de decir <em>sali\u00e8re<\/em> \u2018salero\u2019 us\u00f3, sin m\u00e1s, <em>schtroumpf <\/em><em>(vocablo que en franc\u00e9s no existe, pero s\u00ed se pronuncia como el alem\u00e1n <\/em><em>Strumpf<\/em> \u2018media\u2019), y los dos amigos siguieron la velada hablando en <em>schtroumpf<\/em>, es decir, reemplazando algunas palabras por esta. Seis meses despu\u00e9s, Peyo decidi\u00f3 llamar de esta manera a sus criaturas.<\/p>\n","protected":false},"author":1,"featured_media":6245,"comment_status":"open","ping_status":"open","sticky":false,"template":"","format":"standard","meta":{"_mi_skip_tracking":false,"_s2mail":"yes"},"categories":[238,124,98,274],"tags":[],"yoast_head":"<!-- This site is optimized with the Yoast SEO plugin v20.6 - https:\/\/yoast.com\/wordpress\/plugins\/seo\/ -->\n<title>CVC. Pitufo, pitufa| Martes Neol\u00f3gico<\/title>\n<meta name=\"description\" content=\"Art\u00edculo sobre el neologismo \u00abpitufo, pitufa\u00bb, dentro del blog Martes Neol\u00f3gico del Centro Virtual Cervantes.\" \/>\n<meta name=\"robots\" content=\"index, follow, max-snippet:-1, max-image-preview:large, max-video-preview:-1\" \/>\n<link rel=\"canonical\" href=\"https:\/\/blogscvc.cervantes.es\/martes-neologico\/pitufo-pitufa\/\" \/>\n<meta property=\"og:locale\" content=\"es_ES\" \/>\n<meta property=\"og:type\" content=\"article\" \/>\n<meta property=\"og:title\" content=\"CVC. Pitufo, pitufa| Martes Neol\u00f3gico\" \/>\n<meta property=\"og:description\" content=\"Art\u00edculo sobre el neologismo \u00abpitufo, pitufa\u00bb, dentro del blog Martes Neol\u00f3gico del Centro Virtual Cervantes.\" \/>\n<meta property=\"og:url\" content=\"https:\/\/blogscvc.cervantes.es\/martes-neologico\/pitufo-pitufa\/\" \/>\n<meta property=\"og:site_name\" content=\"Martes Neol\u00f3gico\" \/>\n<meta property=\"article:published_time\" content=\"2020-09-15T05:00:37+00:00\" \/>\n<meta property=\"article:modified_time\" content=\"2025-07-31T12:50:33+00:00\" \/>\n<meta property=\"og:image\" content=\"http:\/\/blogscvc.cervantes.es\/martes-neologico\/wp-content\/uploads\/sites\/2\/2020\/09\/pitufo_350.jpg\" \/>\n\t<meta property=\"og:image:width\" content=\"750\" \/>\n\t<meta property=\"og:image:height\" content=\"350\" \/>\n\t<meta property=\"og:image:type\" content=\"image\/jpeg\" \/>\n<meta name=\"author\" content=\"admin\" \/>\n<meta name=\"twitter:card\" content=\"summary_large_image\" \/>\n<meta name=\"twitter:label1\" content=\"Escrito por\" \/>\n\t<meta name=\"twitter:data1\" content=\"admin\" \/>\n\t<meta name=\"twitter:label2\" content=\"Tiempo de lectura\" \/>\n\t<meta name=\"twitter:data2\" content=\"7 minutos\" \/>\n<script type=\"application\/ld+json\" class=\"yoast-schema-graph\">{\"@context\":\"https:\/\/schema.org\",\"@graph\":[{\"@type\":\"Article\",\"@id\":\"https:\/\/blogscvc.cervantes.es\/martes-neologico\/pitufo-pitufa\/#article\",\"isPartOf\":{\"@id\":\"https:\/\/blogscvc.cervantes.es\/martes-neologico\/pitufo-pitufa\/\"},\"author\":{\"name\":\"admin\",\"@id\":\"https:\/\/blogscvc.cervantes.es\/martes-neologico\/#\/schema\/person\/7e2fd26f886f53b1b2e81721d23acc47\"},\"headline\":\"pitufo, pitufa m. y f. y adj.\",\"datePublished\":\"2020-09-15T05:00:37+00:00\",\"dateModified\":\"2025-07-31T12:50:33+00:00\",\"mainEntityOfPage\":{\"@id\":\"https:\/\/blogscvc.cervantes.es\/martes-neologico\/pitufo-pitufa\/\"},\"wordCount\":1373,\"commentCount\":1,\"publisher\":{\"@id\":\"https:\/\/blogscvc.cervantes.es\/martes-neologico\/#organization\"},\"articleSection\":[\"catal\u00e1n\",\"coloquial\",\"literatura\",\"pr\u00e9stamo\"],\"inLanguage\":\"es\",\"potentialAction\":[{\"@type\":\"CommentAction\",\"name\":\"Comment\",\"target\":[\"https:\/\/blogscvc.cervantes.es\/martes-neologico\/pitufo-pitufa\/#respond\"]}]},{\"@type\":\"WebPage\",\"@id\":\"https:\/\/blogscvc.cervantes.es\/martes-neologico\/pitufo-pitufa\/\",\"url\":\"https:\/\/blogscvc.cervantes.es\/martes-neologico\/pitufo-pitufa\/\",\"name\":\"CVC. Pitufo, pitufa| Martes Neol\u00f3gico\",\"isPartOf\":{\"@id\":\"https:\/\/blogscvc.cervantes.es\/martes-neologico\/#website\"},\"datePublished\":\"2020-09-15T05:00:37+00:00\",\"dateModified\":\"2025-07-31T12:50:33+00:00\",\"description\":\"Art\u00edculo sobre el neologismo \u00abpitufo, pitufa\u00bb, dentro del blog Martes Neol\u00f3gico del Centro Virtual Cervantes.\",\"breadcrumb\":{\"@id\":\"https:\/\/blogscvc.cervantes.es\/martes-neologico\/pitufo-pitufa\/#breadcrumb\"},\"inLanguage\":\"es\",\"potentialAction\":[{\"@type\":\"ReadAction\",\"target\":[\"https:\/\/blogscvc.cervantes.es\/martes-neologico\/pitufo-pitufa\/\"]}]},{\"@type\":\"BreadcrumbList\",\"@id\":\"https:\/\/blogscvc.cervantes.es\/martes-neologico\/pitufo-pitufa\/#breadcrumb\",\"itemListElement\":[{\"@type\":\"ListItem\",\"position\":1,\"name\":\"Portada\",\"item\":\"https:\/\/blogscvc.cervantes.es\/martes-neologico\/\"},{\"@type\":\"ListItem\",\"position\":2,\"name\":\"pitufo, pitufa m. y f. y adj.\"}]},{\"@type\":\"WebSite\",\"@id\":\"https:\/\/blogscvc.cervantes.es\/martes-neologico\/#website\",\"url\":\"https:\/\/blogscvc.cervantes.es\/martes-neologico\/\",\"name\":\"Martes Neol\u00f3gico\",\"description\":\"Cada martes, una palabra nueva que podr\u00eda estar en el diccionario\",\"publisher\":{\"@id\":\"https:\/\/blogscvc.cervantes.es\/martes-neologico\/#organization\"},\"potentialAction\":[{\"@type\":\"SearchAction\",\"target\":{\"@type\":\"EntryPoint\",\"urlTemplate\":\"https:\/\/blogscvc.cervantes.es\/martes-neologico\/?s={search_term_string}\"},\"query-input\":\"required name=search_term_string\"}],\"inLanguage\":\"es\"},{\"@type\":\"Organization\",\"@id\":\"https:\/\/blogscvc.cervantes.es\/martes-neologico\/#organization\",\"name\":\"Martes Neol\u00f3gico\",\"url\":\"https:\/\/blogscvc.cervantes.es\/martes-neologico\/\",\"logo\":{\"@type\":\"ImageObject\",\"inLanguage\":\"es\",\"@id\":\"https:\/\/blogscvc.cervantes.es\/martes-neologico\/#\/schema\/logo\/image\/\",\"url\":\"https:\/\/blogscvc.cervantes.es\/martes-neologico\/wp-content\/uploads\/sites\/2\/2025\/10\/logo-martes-neologico-10-anos.png\",\"contentUrl\":\"https:\/\/blogscvc.cervantes.es\/martes-neologico\/wp-content\/uploads\/sites\/2\/2025\/10\/logo-martes-neologico-10-anos.png\",\"width\":300,\"height\":100,\"caption\":\"Martes Neol\u00f3gico\"},\"image\":{\"@id\":\"https:\/\/blogscvc.cervantes.es\/martes-neologico\/#\/schema\/logo\/image\/\"}},{\"@type\":\"Person\",\"@id\":\"https:\/\/blogscvc.cervantes.es\/martes-neologico\/#\/schema\/person\/7e2fd26f886f53b1b2e81721d23acc47\",\"name\":\"admin\",\"image\":{\"@type\":\"ImageObject\",\"inLanguage\":\"es\",\"@id\":\"https:\/\/blogscvc.cervantes.es\/martes-neologico\/#\/schema\/person\/image\/\",\"url\":\"https:\/\/secure.gravatar.com\/avatar\/c4b6a365b64e607f3d2ecd9620a7675a?s=96&d=mm&r=g\",\"contentUrl\":\"https:\/\/secure.gravatar.com\/avatar\/c4b6a365b64e607f3d2ecd9620a7675a?s=96&d=mm&r=g\",\"caption\":\"admin\"},\"url\":\"https:\/\/blogscvc.cervantes.es\/martes-neologico\/author\/admin\/\"}]}<\/script>\n<!-- \/ Yoast SEO plugin. -->","yoast_head_json":{"title":"CVC. Pitufo, pitufa| Martes Neol\u00f3gico","description":"Art\u00edculo sobre el neologismo \u00abpitufo, pitufa\u00bb, dentro del blog Martes Neol\u00f3gico del Centro Virtual Cervantes.","robots":{"index":"index","follow":"follow","max-snippet":"max-snippet:-1","max-image-preview":"max-image-preview:large","max-video-preview":"max-video-preview:-1"},"canonical":"https:\/\/blogscvc.cervantes.es\/martes-neologico\/pitufo-pitufa\/","og_locale":"es_ES","og_type":"article","og_title":"CVC. Pitufo, pitufa| Martes Neol\u00f3gico","og_description":"Art\u00edculo sobre el neologismo \u00abpitufo, pitufa\u00bb, dentro del blog Martes Neol\u00f3gico del Centro Virtual Cervantes.","og_url":"https:\/\/blogscvc.cervantes.es\/martes-neologico\/pitufo-pitufa\/","og_site_name":"Martes Neol\u00f3gico","article_published_time":"2020-09-15T05:00:37+00:00","article_modified_time":"2025-07-31T12:50:33+00:00","og_image":[{"width":750,"height":350,"url":"http:\/\/blogscvc.cervantes.es\/martes-neologico\/wp-content\/uploads\/sites\/2\/2020\/09\/pitufo_350.jpg","type":"image\/jpeg"}],"author":"admin","twitter_card":"summary_large_image","twitter_misc":{"Escrito por":"admin","Tiempo de lectura":"7 minutos"},"schema":{"@context":"https:\/\/schema.org","@graph":[{"@type":"Article","@id":"https:\/\/blogscvc.cervantes.es\/martes-neologico\/pitufo-pitufa\/#article","isPartOf":{"@id":"https:\/\/blogscvc.cervantes.es\/martes-neologico\/pitufo-pitufa\/"},"author":{"name":"admin","@id":"https:\/\/blogscvc.cervantes.es\/martes-neologico\/#\/schema\/person\/7e2fd26f886f53b1b2e81721d23acc47"},"headline":"pitufo, pitufa m. y f. y adj.","datePublished":"2020-09-15T05:00:37+00:00","dateModified":"2025-07-31T12:50:33+00:00","mainEntityOfPage":{"@id":"https:\/\/blogscvc.cervantes.es\/martes-neologico\/pitufo-pitufa\/"},"wordCount":1373,"commentCount":1,"publisher":{"@id":"https:\/\/blogscvc.cervantes.es\/martes-neologico\/#organization"},"articleSection":["catal\u00e1n","coloquial","literatura","pr\u00e9stamo"],"inLanguage":"es","potentialAction":[{"@type":"CommentAction","name":"Comment","target":["https:\/\/blogscvc.cervantes.es\/martes-neologico\/pitufo-pitufa\/#respond"]}]},{"@type":"WebPage","@id":"https:\/\/blogscvc.cervantes.es\/martes-neologico\/pitufo-pitufa\/","url":"https:\/\/blogscvc.cervantes.es\/martes-neologico\/pitufo-pitufa\/","name":"CVC. Pitufo, pitufa| Martes Neol\u00f3gico","isPartOf":{"@id":"https:\/\/blogscvc.cervantes.es\/martes-neologico\/#website"},"datePublished":"2020-09-15T05:00:37+00:00","dateModified":"2025-07-31T12:50:33+00:00","description":"Art\u00edculo sobre el neologismo \u00abpitufo, pitufa\u00bb, dentro del blog Martes Neol\u00f3gico del Centro Virtual Cervantes.","breadcrumb":{"@id":"https:\/\/blogscvc.cervantes.es\/martes-neologico\/pitufo-pitufa\/#breadcrumb"},"inLanguage":"es","potentialAction":[{"@type":"ReadAction","target":["https:\/\/blogscvc.cervantes.es\/martes-neologico\/pitufo-pitufa\/"]}]},{"@type":"BreadcrumbList","@id":"https:\/\/blogscvc.cervantes.es\/martes-neologico\/pitufo-pitufa\/#breadcrumb","itemListElement":[{"@type":"ListItem","position":1,"name":"Portada","item":"https:\/\/blogscvc.cervantes.es\/martes-neologico\/"},{"@type":"ListItem","position":2,"name":"pitufo, pitufa m. y f. y adj."}]},{"@type":"WebSite","@id":"https:\/\/blogscvc.cervantes.es\/martes-neologico\/#website","url":"https:\/\/blogscvc.cervantes.es\/martes-neologico\/","name":"Martes Neol\u00f3gico","description":"Cada martes, una palabra nueva que podr\u00eda estar en el diccionario","publisher":{"@id":"https:\/\/blogscvc.cervantes.es\/martes-neologico\/#organization"},"potentialAction":[{"@type":"SearchAction","target":{"@type":"EntryPoint","urlTemplate":"https:\/\/blogscvc.cervantes.es\/martes-neologico\/?s={search_term_string}"},"query-input":"required name=search_term_string"}],"inLanguage":"es"},{"@type":"Organization","@id":"https:\/\/blogscvc.cervantes.es\/martes-neologico\/#organization","name":"Martes Neol\u00f3gico","url":"https:\/\/blogscvc.cervantes.es\/martes-neologico\/","logo":{"@type":"ImageObject","inLanguage":"es","@id":"https:\/\/blogscvc.cervantes.es\/martes-neologico\/#\/schema\/logo\/image\/","url":"https:\/\/blogscvc.cervantes.es\/martes-neologico\/wp-content\/uploads\/sites\/2\/2025\/10\/logo-martes-neologico-10-anos.png","contentUrl":"https:\/\/blogscvc.cervantes.es\/martes-neologico\/wp-content\/uploads\/sites\/2\/2025\/10\/logo-martes-neologico-10-anos.png","width":300,"height":100,"caption":"Martes Neol\u00f3gico"},"image":{"@id":"https:\/\/blogscvc.cervantes.es\/martes-neologico\/#\/schema\/logo\/image\/"}},{"@type":"Person","@id":"https:\/\/blogscvc.cervantes.es\/martes-neologico\/#\/schema\/person\/7e2fd26f886f53b1b2e81721d23acc47","name":"admin","image":{"@type":"ImageObject","inLanguage":"es","@id":"https:\/\/blogscvc.cervantes.es\/martes-neologico\/#\/schema\/person\/image\/","url":"https:\/\/secure.gravatar.com\/avatar\/c4b6a365b64e607f3d2ecd9620a7675a?s=96&d=mm&r=g","contentUrl":"https:\/\/secure.gravatar.com\/avatar\/c4b6a365b64e607f3d2ecd9620a7675a?s=96&d=mm&r=g","caption":"admin"},"url":"https:\/\/blogscvc.cervantes.es\/martes-neologico\/author\/admin\/"}]}},"_links":{"self":[{"href":"https:\/\/blogscvc.cervantes.es\/martes-neologico\/wp-json\/wp\/v2\/posts\/6230"}],"collection":[{"href":"https:\/\/blogscvc.cervantes.es\/martes-neologico\/wp-json\/wp\/v2\/posts"}],"about":[{"href":"https:\/\/blogscvc.cervantes.es\/martes-neologico\/wp-json\/wp\/v2\/types\/post"}],"author":[{"embeddable":true,"href":"https:\/\/blogscvc.cervantes.es\/martes-neologico\/wp-json\/wp\/v2\/users\/1"}],"replies":[{"embeddable":true,"href":"https:\/\/blogscvc.cervantes.es\/martes-neologico\/wp-json\/wp\/v2\/comments?post=6230"}],"version-history":[{"count":7,"href":"https:\/\/blogscvc.cervantes.es\/martes-neologico\/wp-json\/wp\/v2\/posts\/6230\/revisions"}],"predecessor-version":[{"id":13768,"href":"https:\/\/blogscvc.cervantes.es\/martes-neologico\/wp-json\/wp\/v2\/posts\/6230\/revisions\/13768"}],"wp:featuredmedia":[{"embeddable":true,"href":"https:\/\/blogscvc.cervantes.es\/martes-neologico\/wp-json\/wp\/v2\/media\/6245"}],"wp:attachment":[{"href":"https:\/\/blogscvc.cervantes.es\/martes-neologico\/wp-json\/wp\/v2\/media?parent=6230"}],"wp:term":[{"taxonomy":"category","embeddable":true,"href":"https:\/\/blogscvc.cervantes.es\/martes-neologico\/wp-json\/wp\/v2\/categories?post=6230"},{"taxonomy":"post_tag","embeddable":true,"href":"https:\/\/blogscvc.cervantes.es\/martes-neologico\/wp-json\/wp\/v2\/tags?post=6230"}],"curies":[{"name":"wp","href":"https:\/\/api.w.org\/{rel}","templated":true}]}}