{"id":6260,"date":"2020-09-22T07:00:45","date_gmt":"2020-09-22T05:00:45","guid":{"rendered":"http:\/\/blogscvc.cervantes.es\/martes-neologico\/?p=6260"},"modified":"2025-07-31T13:05:54","modified_gmt":"2025-07-31T11:05:54","slug":"muffin","status":"publish","type":"post","link":"https:\/\/blogscvc.cervantes.es\/martes-neologico\/muffin\/","title":{"rendered":"muffin <em>m.<\/em>"},"content":{"rendered":"<p>Es innegable que en una sociedad cada vez m\u00e1s globalizada resulta ya poco sorprendente el uso y entrada de nuevas palabras en \u00e1mbitos diversos como es el del arte culinario. He aqu\u00ed el caso de<em> muffin<\/em>.<\/p>\n<figure id=\"attachment_118\" aria-describedby=\"caption-attachment-118\" style=\"width: 750px\" class=\"wp-caption aligncenter\"><a href=\"http:\/\/blogscvc.cervantes.es\/martes-neologico\/wp-content\/uploads\/sites\/2\/2020\/09\/muffin_500.jpg\"><img decoding=\"async\" loading=\"lazy\" class=\"alignnone size-full wp-image-1739\" src=\"http:\/\/blogscvc.cervantes.es\/martes-neologico\/wp-content\/uploads\/sites\/2\/2020\/09\/muffin_500.jpg\" alt=\"Fotograf\u00eda de un muffin.\" width=\"750\" height=\"500\"><\/a><figcaption id=\"caption-attachment-118\" class=\"wp-caption-text\">Pixabay<\/figcaption><\/figure>\n<p>Para comenzar no debemos confundir el <em>muffin<\/em> tradicional con el <em>muffin<\/em> ingl\u00e9s. Este \u00faltimo es una especie de bollito de pan tostado que se parte por la mitad y se toma normalmente con mantequilla a la hora del t\u00e9. Aclarado esto, en esta entrada repararemos en el <em>muffin <\/em>tradicional conocido mas all\u00e1 de las fronteras brit\u00e1nicas. Tal y como hemos mencionado, destacamos que su uso m\u00e1s extendido hoy d\u00eda aparece en la segunda acepci\u00f3n de <em>The Oxford English Dictionary <\/em>recogido como bollo esponjoso cocinado al horno compuesto a base de harina de trigo, aceite vegetal, huevo, leche de vaca, az\u00facar, cacao y otros componentes en su relleno como la esencia o el sabor, que puede variar desde lo salado a lo dulce y que presenta una base cil\u00edndrica normalmente envuelta en un papel especial de reposter\u00eda y cuya superficie toma una forma que recuerda a un hongo o a una taza de t\u00e9 invertida. Se recoge al alim\u00f3n en <em>Dictionnaire Larousse<\/em> con la misma acepci\u00f3n. Esto nos lleva a dirimir sobre la necesidad de que sea incluido en diccionarios castellanos prescriptivos. Aunque comparten alguna que otra similitud, el <em>muffin<\/em> se diferencia de la magdalena y del <span style=\"color: #2d9659;\"><a style=\"color: #2d9659;\" href=\"https:\/\/blogscvc.cervantes.es\/martes-neologico\/cupcake\/\" target=\"_blank\" rel=\"noopener\"><em>cupcake<\/em><\/a><\/span> en que tiene menos az\u00facar y, por eso, se suele tomar en el desayuno o en la merienda.<\/p>\n<p>Nos encontramos, pues, ante una unidad neol\u00f3gica formal tomada por pr\u00e9stamo crudo del ingl\u00e9s <em>muffin<\/em> \/\u02c8m\u028cf\u026an\/. Advertimos que en este caso ni siquiera se adapta ortogr\u00e1ficamente siguiendo las pautas ortogr\u00e1ficas espa\u00f1olas pues incluso mantiene la duplicaci\u00f3n de la consonante fricativa, recurso poco com\u00fan en la lengua espa\u00f1ola. Recordemos que en nuestro sistema ling\u00fc\u00edstico no se suele adoptar la pronunciaci\u00f3n extranjera como observamos con wifi o vip, entre otros pocos ejemplos. Aunque no es un aspecto totalmente at\u00edpico en la toma de pr\u00e9stamos extranjeros por nuestra lengua resultar\u00eda l\u00f3gico que, en caso de ser aceptado como pr\u00e9stamo adaptado, se hiciera uso de la tilde en la s\u00edlaba anterior por presentar una acentuaci\u00f3n llana como ha ocurrido con palabras ya castellanizadas ortogr\u00e1ficamente como c\u00e1rter o esc\u00e1ner.<\/p>\n<p>Aun estando ya bastante extendido entre los usuarios de la lengua, nos llama la atenci\u00f3n su escasa presencia en obras lexicogr\u00e1ficas descriptivas. En Espa\u00f1a aparece por primera vez en 1972 en un recetario de cocina publicado por Simone Ortega en Alianza Editorial catorce a\u00f1os m\u00e1s tarde. En el manual se presenta el <em>muffin<\/em> con una breve explicaci\u00f3n previa por lo que advertimos la funci\u00f3n metaling\u00fc\u00edstica propia que suele darse cuando a\u00fan no se conoce el t\u00e9rmino en cuesti\u00f3n.<\/p>\n<p>Aparte de este \u00faltimo y m\u00e1s all\u00e1 de su escasa aparici\u00f3n en CORDE, rescatamos un caso en CREA en una novela mexicana (1977) que fue publicada cinco a\u00f1os m\u00e1s tarde por la editorial Alfaguara.<\/p>\n<ul>\n<li>\u00bfEs usted vegetariano? Escoja un <strong>muffin <\/strong>de trigo y una crema de soya. \u00bfHa le\u00eddo usted a Walton? Le recomiendo estos pescados, rosados como la flor del c\u00f3lchico. [<em>Palinuro de M\u00e9xico <\/em>(M\u00e9xico), 1977]<\/li>\n<\/ul>\n<p>Ya en CORPESXXI aparece en dos ocasiones. Uno en 2007 en Republica Dominicana en una obra de divulgaci\u00f3n sobre dulces aut\u00f3ctonos dominicanos. Aunque resulte parad\u00f3jico por su cercan\u00eda e influencia geogr\u00e1f\u00edca con Estados Unidos, podemos suponer que en ese momento este t\u00e9rmino no era conocido en tierras dominicanas pues aparece expresamente definido. Cuatro a\u00f1os despu\u00e9s volvemos a encontrarlo en otro recetario de cocina en Argentina.<\/p>\n<p>El BOBNEO arroja tambi\u00e9n testimonios de la palabra. Salvo la primera extra\u00edda en 1989, el resto se encuadra entre los a\u00f1os 2005 y 2020. Si bien observamos una cierta intermitencia de casos a lo largo de las dos \u00faltimas d\u00e9cadas, existe un repunte en su uso en el a\u00f1o actual.<\/p>\n<ul>\n<li>Muchos ciudadanos brit\u00e1nicos creen que es tan ingl\u00e9s como los <strong>muffins<\/strong>. [<em>La Vanguardia<\/em> (Espa\u00f1a), 19\/01\/1989]<\/li>\n<li>Pruebe sus galletas de salvado de ajo y or\u00e9gano, los cachitos de nueces, las galletas de avena, los <strong>muffins<\/strong> diet\u00e9ticos, los kekes de pl\u00e1tano y otras delicias. [<em>El Pa\u00eds<\/em> (Espa\u00f1a), 03\/09\/2006]<\/li>\n<li>\u00abHasta los ni\u00f1os hoy pueden elaborar en forma f\u00e1cil y econ\u00f3mica <em>muffins<\/em>, panqueques, cabritas, algodones de az\u00facar, etc.\u00bb. [<em>El Mercurio<\/em> (Chile), 27\/10\/2013]<\/li>\n<li>Cada vez que agreguemos harina, mezclamos con una leng\u00fceta hasta que se integre totalmente en la masa de los<strong> muffins<\/strong>. [<em>Diario de C\u00e1diz<\/em> (Espa\u00f1a), 01\/12\/2019]<\/li>\n<\/ul>\n<p>Resulta curioso rese\u00f1ar que, seg\u00fan constatamos en el CNDHE, en 1997 aparece en Per\u00fa recogido como antrop\u00f3nimo de un gato en la revista semanal <em>Caretas<\/em>. Solo los diccionarios descriptivos de Larousse y <em>Clave<\/em> lo contemplan con la definici\u00f3n de <em>muffin<\/em> ingl\u00e9s analizada en este art\u00edculo.<\/p>\n<p>Si bien es popular el uso de <em>muffin<\/em> en contextos ordinarios del d\u00eda a d\u00eda y en los medios de comunicaci\u00f3n de masas, parece que existe un cierto recelo a su uso por escrito en revistas y peri\u00f3dicos de reconocido prestigio que vayan m\u00e1s all\u00e1 de los textos y blogs semibanalizados de cocina que suelen consultarse en l\u00ednea.<\/p>\n<p>Para finalizar, Fund\u00e9u lo considera un anglicismo y, aunque en algunos casos suele traducirse como <em>magdalena<\/em> por su parecido en la forma, recomienda que se conserve el nombre original de este dulce. Por ende, y tomando estas recomendaciones, vemos preceptivo escribirlo tal y como est\u00e1 y en cursiva por el momento y hasta su inclusi\u00f3n en ediciones ulteriores de diccionarios prescriptivos.<\/p>\n<p>Jos\u00e9 Rub\u00e9n Trujillo Longay<br \/>\nGrupo NEOUMA<br \/>\nUniversidad de M\u00e1laga (Espa\u00f1a)<\/p>\n","protected":false},"excerpt":{"rendered":"<p>Es innegable que en una sociedad cada vez m\u00e1s globalizada resulta ya poco sorprendente el uso y entrada de nuevas palabras en \u00e1mbitos diversos como es el del arte culinario. He aqu\u00ed el caso de<em> muffin<\/em>.<\/p>\n","protected":false},"author":1,"featured_media":6275,"comment_status":"open","ping_status":"open","sticky":false,"template":"","format":"standard","meta":{"_mi_skip_tracking":false,"_s2mail":"yes"},"categories":[20,256,274],"tags":[],"yoast_head":"<!-- This site is optimized with the Yoast SEO plugin v20.6 - https:\/\/yoast.com\/wordpress\/plugins\/seo\/ -->\n<title>CVC. Muffin | Martes Neol\u00f3gico<\/title>\n<meta name=\"description\" content=\"Art\u00edculo sobre el neologismo \u00abmuffin\u00bb, dentro del blog Martes Neol\u00f3gico del Centro Virtual Cervantes.\" \/>\n<meta name=\"robots\" content=\"index, follow, max-snippet:-1, max-image-preview:large, max-video-preview:-1\" \/>\n<link rel=\"canonical\" href=\"https:\/\/blogscvc.cervantes.es\/martes-neologico\/muffin\/\" \/>\n<meta property=\"og:locale\" content=\"es_ES\" \/>\n<meta property=\"og:type\" content=\"article\" \/>\n<meta property=\"og:title\" content=\"CVC. Muffin | Martes Neol\u00f3gico\" \/>\n<meta property=\"og:description\" content=\"Art\u00edculo sobre el neologismo \u00abmuffin\u00bb, dentro del blog Martes Neol\u00f3gico del Centro Virtual Cervantes.\" \/>\n<meta property=\"og:url\" content=\"https:\/\/blogscvc.cervantes.es\/martes-neologico\/muffin\/\" \/>\n<meta property=\"og:site_name\" content=\"Martes Neol\u00f3gico\" \/>\n<meta property=\"article:published_time\" content=\"2020-09-22T05:00:45+00:00\" \/>\n<meta property=\"article:modified_time\" content=\"2025-07-31T11:05:54+00:00\" \/>\n<meta property=\"og:image\" content=\"http:\/\/blogscvc.cervantes.es\/martes-neologico\/wp-content\/uploads\/sites\/2\/2020\/09\/muffin_350.jpg\" \/>\n\t<meta property=\"og:image:width\" content=\"750\" \/>\n\t<meta property=\"og:image:height\" content=\"350\" \/>\n\t<meta property=\"og:image:type\" content=\"image\/jpeg\" \/>\n<meta name=\"author\" content=\"admin\" \/>\n<meta name=\"twitter:card\" content=\"summary_large_image\" \/>\n<meta name=\"twitter:label1\" content=\"Escrito por\" \/>\n\t<meta name=\"twitter:data1\" content=\"admin\" \/>\n\t<meta name=\"twitter:label2\" content=\"Tiempo de lectura\" \/>\n\t<meta name=\"twitter:data2\" content=\"5 minutos\" \/>\n<script type=\"application\/ld+json\" class=\"yoast-schema-graph\">{\"@context\":\"https:\/\/schema.org\",\"@graph\":[{\"@type\":\"Article\",\"@id\":\"https:\/\/blogscvc.cervantes.es\/martes-neologico\/muffin\/#article\",\"isPartOf\":{\"@id\":\"https:\/\/blogscvc.cervantes.es\/martes-neologico\/muffin\/\"},\"author\":{\"name\":\"admin\",\"@id\":\"https:\/\/blogscvc.cervantes.es\/martes-neologico\/#\/schema\/person\/7e2fd26f886f53b1b2e81721d23acc47\"},\"headline\":\"muffin m.\",\"datePublished\":\"2020-09-22T05:00:45+00:00\",\"dateModified\":\"2025-07-31T11:05:54+00:00\",\"mainEntityOfPage\":{\"@id\":\"https:\/\/blogscvc.cervantes.es\/martes-neologico\/muffin\/\"},\"wordCount\":1000,\"commentCount\":1,\"publisher\":{\"@id\":\"https:\/\/blogscvc.cervantes.es\/martes-neologico\/#organization\"},\"articleSection\":[\"gastronom\u00eda\",\"ingl\u00e9s\",\"pr\u00e9stamo\"],\"inLanguage\":\"es\",\"potentialAction\":[{\"@type\":\"CommentAction\",\"name\":\"Comment\",\"target\":[\"https:\/\/blogscvc.cervantes.es\/martes-neologico\/muffin\/#respond\"]}]},{\"@type\":\"WebPage\",\"@id\":\"https:\/\/blogscvc.cervantes.es\/martes-neologico\/muffin\/\",\"url\":\"https:\/\/blogscvc.cervantes.es\/martes-neologico\/muffin\/\",\"name\":\"CVC. Muffin | Martes Neol\u00f3gico\",\"isPartOf\":{\"@id\":\"https:\/\/blogscvc.cervantes.es\/martes-neologico\/#website\"},\"datePublished\":\"2020-09-22T05:00:45+00:00\",\"dateModified\":\"2025-07-31T11:05:54+00:00\",\"description\":\"Art\u00edculo sobre el neologismo \u00abmuffin\u00bb, dentro del blog Martes Neol\u00f3gico del Centro Virtual Cervantes.\",\"breadcrumb\":{\"@id\":\"https:\/\/blogscvc.cervantes.es\/martes-neologico\/muffin\/#breadcrumb\"},\"inLanguage\":\"es\",\"potentialAction\":[{\"@type\":\"ReadAction\",\"target\":[\"https:\/\/blogscvc.cervantes.es\/martes-neologico\/muffin\/\"]}]},{\"@type\":\"BreadcrumbList\",\"@id\":\"https:\/\/blogscvc.cervantes.es\/martes-neologico\/muffin\/#breadcrumb\",\"itemListElement\":[{\"@type\":\"ListItem\",\"position\":1,\"name\":\"Portada\",\"item\":\"https:\/\/blogscvc.cervantes.es\/martes-neologico\/\"},{\"@type\":\"ListItem\",\"position\":2,\"name\":\"muffin m.\"}]},{\"@type\":\"WebSite\",\"@id\":\"https:\/\/blogscvc.cervantes.es\/martes-neologico\/#website\",\"url\":\"https:\/\/blogscvc.cervantes.es\/martes-neologico\/\",\"name\":\"Martes Neol\u00f3gico\",\"description\":\"Cada martes, una palabra nueva que podr\u00eda estar en el diccionario\",\"publisher\":{\"@id\":\"https:\/\/blogscvc.cervantes.es\/martes-neologico\/#organization\"},\"potentialAction\":[{\"@type\":\"SearchAction\",\"target\":{\"@type\":\"EntryPoint\",\"urlTemplate\":\"https:\/\/blogscvc.cervantes.es\/martes-neologico\/?s={search_term_string}\"},\"query-input\":\"required name=search_term_string\"}],\"inLanguage\":\"es\"},{\"@type\":\"Organization\",\"@id\":\"https:\/\/blogscvc.cervantes.es\/martes-neologico\/#organization\",\"name\":\"Martes Neol\u00f3gico\",\"url\":\"https:\/\/blogscvc.cervantes.es\/martes-neologico\/\",\"logo\":{\"@type\":\"ImageObject\",\"inLanguage\":\"es\",\"@id\":\"https:\/\/blogscvc.cervantes.es\/martes-neologico\/#\/schema\/logo\/image\/\",\"url\":\"https:\/\/blogscvc.cervantes.es\/martes-neologico\/wp-content\/uploads\/sites\/2\/2025\/10\/logo-martes-neologico-10-anos.png\",\"contentUrl\":\"https:\/\/blogscvc.cervantes.es\/martes-neologico\/wp-content\/uploads\/sites\/2\/2025\/10\/logo-martes-neologico-10-anos.png\",\"width\":300,\"height\":100,\"caption\":\"Martes Neol\u00f3gico\"},\"image\":{\"@id\":\"https:\/\/blogscvc.cervantes.es\/martes-neologico\/#\/schema\/logo\/image\/\"}},{\"@type\":\"Person\",\"@id\":\"https:\/\/blogscvc.cervantes.es\/martes-neologico\/#\/schema\/person\/7e2fd26f886f53b1b2e81721d23acc47\",\"name\":\"admin\",\"image\":{\"@type\":\"ImageObject\",\"inLanguage\":\"es\",\"@id\":\"https:\/\/blogscvc.cervantes.es\/martes-neologico\/#\/schema\/person\/image\/\",\"url\":\"https:\/\/secure.gravatar.com\/avatar\/c4b6a365b64e607f3d2ecd9620a7675a?s=96&d=mm&r=g\",\"contentUrl\":\"https:\/\/secure.gravatar.com\/avatar\/c4b6a365b64e607f3d2ecd9620a7675a?s=96&d=mm&r=g\",\"caption\":\"admin\"},\"url\":\"https:\/\/blogscvc.cervantes.es\/martes-neologico\/author\/admin\/\"}]}<\/script>\n<!-- \/ Yoast SEO plugin. -->","yoast_head_json":{"title":"CVC. Muffin | Martes Neol\u00f3gico","description":"Art\u00edculo sobre el neologismo \u00abmuffin\u00bb, dentro del blog Martes Neol\u00f3gico del Centro Virtual Cervantes.","robots":{"index":"index","follow":"follow","max-snippet":"max-snippet:-1","max-image-preview":"max-image-preview:large","max-video-preview":"max-video-preview:-1"},"canonical":"https:\/\/blogscvc.cervantes.es\/martes-neologico\/muffin\/","og_locale":"es_ES","og_type":"article","og_title":"CVC. Muffin | Martes Neol\u00f3gico","og_description":"Art\u00edculo sobre el neologismo \u00abmuffin\u00bb, dentro del blog Martes Neol\u00f3gico del Centro Virtual Cervantes.","og_url":"https:\/\/blogscvc.cervantes.es\/martes-neologico\/muffin\/","og_site_name":"Martes Neol\u00f3gico","article_published_time":"2020-09-22T05:00:45+00:00","article_modified_time":"2025-07-31T11:05:54+00:00","og_image":[{"width":750,"height":350,"url":"http:\/\/blogscvc.cervantes.es\/martes-neologico\/wp-content\/uploads\/sites\/2\/2020\/09\/muffin_350.jpg","type":"image\/jpeg"}],"author":"admin","twitter_card":"summary_large_image","twitter_misc":{"Escrito por":"admin","Tiempo de lectura":"5 minutos"},"schema":{"@context":"https:\/\/schema.org","@graph":[{"@type":"Article","@id":"https:\/\/blogscvc.cervantes.es\/martes-neologico\/muffin\/#article","isPartOf":{"@id":"https:\/\/blogscvc.cervantes.es\/martes-neologico\/muffin\/"},"author":{"name":"admin","@id":"https:\/\/blogscvc.cervantes.es\/martes-neologico\/#\/schema\/person\/7e2fd26f886f53b1b2e81721d23acc47"},"headline":"muffin m.","datePublished":"2020-09-22T05:00:45+00:00","dateModified":"2025-07-31T11:05:54+00:00","mainEntityOfPage":{"@id":"https:\/\/blogscvc.cervantes.es\/martes-neologico\/muffin\/"},"wordCount":1000,"commentCount":1,"publisher":{"@id":"https:\/\/blogscvc.cervantes.es\/martes-neologico\/#organization"},"articleSection":["gastronom\u00eda","ingl\u00e9s","pr\u00e9stamo"],"inLanguage":"es","potentialAction":[{"@type":"CommentAction","name":"Comment","target":["https:\/\/blogscvc.cervantes.es\/martes-neologico\/muffin\/#respond"]}]},{"@type":"WebPage","@id":"https:\/\/blogscvc.cervantes.es\/martes-neologico\/muffin\/","url":"https:\/\/blogscvc.cervantes.es\/martes-neologico\/muffin\/","name":"CVC. Muffin | Martes Neol\u00f3gico","isPartOf":{"@id":"https:\/\/blogscvc.cervantes.es\/martes-neologico\/#website"},"datePublished":"2020-09-22T05:00:45+00:00","dateModified":"2025-07-31T11:05:54+00:00","description":"Art\u00edculo sobre el neologismo \u00abmuffin\u00bb, dentro del blog Martes Neol\u00f3gico del Centro Virtual Cervantes.","breadcrumb":{"@id":"https:\/\/blogscvc.cervantes.es\/martes-neologico\/muffin\/#breadcrumb"},"inLanguage":"es","potentialAction":[{"@type":"ReadAction","target":["https:\/\/blogscvc.cervantes.es\/martes-neologico\/muffin\/"]}]},{"@type":"BreadcrumbList","@id":"https:\/\/blogscvc.cervantes.es\/martes-neologico\/muffin\/#breadcrumb","itemListElement":[{"@type":"ListItem","position":1,"name":"Portada","item":"https:\/\/blogscvc.cervantes.es\/martes-neologico\/"},{"@type":"ListItem","position":2,"name":"muffin m."}]},{"@type":"WebSite","@id":"https:\/\/blogscvc.cervantes.es\/martes-neologico\/#website","url":"https:\/\/blogscvc.cervantes.es\/martes-neologico\/","name":"Martes Neol\u00f3gico","description":"Cada martes, una palabra nueva que podr\u00eda estar en el diccionario","publisher":{"@id":"https:\/\/blogscvc.cervantes.es\/martes-neologico\/#organization"},"potentialAction":[{"@type":"SearchAction","target":{"@type":"EntryPoint","urlTemplate":"https:\/\/blogscvc.cervantes.es\/martes-neologico\/?s={search_term_string}"},"query-input":"required name=search_term_string"}],"inLanguage":"es"},{"@type":"Organization","@id":"https:\/\/blogscvc.cervantes.es\/martes-neologico\/#organization","name":"Martes Neol\u00f3gico","url":"https:\/\/blogscvc.cervantes.es\/martes-neologico\/","logo":{"@type":"ImageObject","inLanguage":"es","@id":"https:\/\/blogscvc.cervantes.es\/martes-neologico\/#\/schema\/logo\/image\/","url":"https:\/\/blogscvc.cervantes.es\/martes-neologico\/wp-content\/uploads\/sites\/2\/2025\/10\/logo-martes-neologico-10-anos.png","contentUrl":"https:\/\/blogscvc.cervantes.es\/martes-neologico\/wp-content\/uploads\/sites\/2\/2025\/10\/logo-martes-neologico-10-anos.png","width":300,"height":100,"caption":"Martes Neol\u00f3gico"},"image":{"@id":"https:\/\/blogscvc.cervantes.es\/martes-neologico\/#\/schema\/logo\/image\/"}},{"@type":"Person","@id":"https:\/\/blogscvc.cervantes.es\/martes-neologico\/#\/schema\/person\/7e2fd26f886f53b1b2e81721d23acc47","name":"admin","image":{"@type":"ImageObject","inLanguage":"es","@id":"https:\/\/blogscvc.cervantes.es\/martes-neologico\/#\/schema\/person\/image\/","url":"https:\/\/secure.gravatar.com\/avatar\/c4b6a365b64e607f3d2ecd9620a7675a?s=96&d=mm&r=g","contentUrl":"https:\/\/secure.gravatar.com\/avatar\/c4b6a365b64e607f3d2ecd9620a7675a?s=96&d=mm&r=g","caption":"admin"},"url":"https:\/\/blogscvc.cervantes.es\/martes-neologico\/author\/admin\/"}]}},"_links":{"self":[{"href":"https:\/\/blogscvc.cervantes.es\/martes-neologico\/wp-json\/wp\/v2\/posts\/6260"}],"collection":[{"href":"https:\/\/blogscvc.cervantes.es\/martes-neologico\/wp-json\/wp\/v2\/posts"}],"about":[{"href":"https:\/\/blogscvc.cervantes.es\/martes-neologico\/wp-json\/wp\/v2\/types\/post"}],"author":[{"embeddable":true,"href":"https:\/\/blogscvc.cervantes.es\/martes-neologico\/wp-json\/wp\/v2\/users\/1"}],"replies":[{"embeddable":true,"href":"https:\/\/blogscvc.cervantes.es\/martes-neologico\/wp-json\/wp\/v2\/comments?post=6260"}],"version-history":[{"count":9,"href":"https:\/\/blogscvc.cervantes.es\/martes-neologico\/wp-json\/wp\/v2\/posts\/6260\/revisions"}],"predecessor-version":[{"id":13669,"href":"https:\/\/blogscvc.cervantes.es\/martes-neologico\/wp-json\/wp\/v2\/posts\/6260\/revisions\/13669"}],"wp:featuredmedia":[{"embeddable":true,"href":"https:\/\/blogscvc.cervantes.es\/martes-neologico\/wp-json\/wp\/v2\/media\/6275"}],"wp:attachment":[{"href":"https:\/\/blogscvc.cervantes.es\/martes-neologico\/wp-json\/wp\/v2\/media?parent=6260"}],"wp:term":[{"taxonomy":"category","embeddable":true,"href":"https:\/\/blogscvc.cervantes.es\/martes-neologico\/wp-json\/wp\/v2\/categories?post=6260"},{"taxonomy":"post_tag","embeddable":true,"href":"https:\/\/blogscvc.cervantes.es\/martes-neologico\/wp-json\/wp\/v2\/tags?post=6260"}],"curies":[{"name":"wp","href":"https:\/\/api.w.org\/{rel}","templated":true}]}}