{"id":648,"date":"2016-03-29T07:15:21","date_gmt":"2016-03-29T05:15:21","guid":{"rendered":"http:\/\/blogscvc.cervantes.es\/martes-neologico\/?p=648"},"modified":"2025-07-31T13:08:54","modified_gmt":"2025-07-31T11:08:54","slug":"neurocientfico-neurocientfica","status":"publish","type":"post","link":"https:\/\/blogscvc.cervantes.es\/martes-neologico\/neurocientfico-neurocientfica\/","title":{"rendered":"neurocient&iacute;fico,  neurocient&iacute;fica <em>m.<\/em> y <em>f.<\/em>"},"content":{"rendered":"<p>Si tuvi\u00e9semos que elegir a los cient\u00edficos m\u00e1s representativos de nuestra \u00e9poca, es muy posible que una de las primeras posiciones la ocupase el amplio grupo de profesionales a los que se engloba bajo la etiqueta de <em>neurocient\u00edficos<\/em>. Los peri\u00f3dicos de todo el mundo dan constantemente noticias sobre ellos, as\u00ed como acerca de los descubrimientos de su \u00e1mbito, el dominio de las <em>neurociencias<\/em>. Parece como si la sociedad estuviese constantemente esperando de estos cient\u00edficos un paso m\u00e1s en esa revoluci\u00f3n en el conocimiento que supone cada uno de los descubrimientos que hacen sobre el cerebro humano. Unos cient\u00edficos que est\u00e1n m\u00e1s de actualidad si cabe al ser los responsables del estudio del deterioro cognitivo que se produce con el envejecimiento, una constante de las sociedades ricas de nuestro tiempo que ven como su poblaci\u00f3n cada a\u00f1o que pasa se encuentra m\u00e1s envejecida.<\/p>\n<figure id=\"attachment_118\" aria-describedby=\"caption-attachment-118\" style=\"width: 750px\" class=\"wp-caption aligncenter\"><a href=\"http:\/\/blogscvc.cervantes.es\/martes-neologico\/wp-content\/uploads\/sites\/2\/2016\/02\/neurociencia.jpg\"><img decoding=\"async\" loading=\"lazy\" class=\"alignnone size-medium wp-image-649\" src=\"http:\/\/blogscvc.cervantes.es\/martes-neologico\/wp-content\/uploads\/sites\/2\/2016\/02\/neurociencia.jpg\" alt=\"neurona\" width=\"750\" height=\"500\" srcset=\"https:\/\/blogscvc.cervantes.es\/martes-neologico\/wp-content\/uploads\/sites\/2\/2016\/02\/neurociencia.jpg 750w, https:\/\/blogscvc.cervantes.es\/martes-neologico\/wp-content\/uploads\/sites\/2\/2016\/02\/neurociencia-300x200.jpg 300w\" sizes=\"(max-width: 750px) 100vw, 750px\" \/><\/a><figcaption id=\"caption-attachment-118\" class=\"wp-caption-text\">Flickr (Allan Ajifo)<\/figcaption><\/figure>\n<p>A pesar de todo ello, el diccionario normativo del espa\u00f1ol por excelencia solo incluye la voz <em>neurociencia<\/em> a partir de 1992, y lo hace para referirse a \u2018cualquiera de las ciencias que se ocupan del sistema nervioso\u2019, cuando en los corpus de referencia en que se basan las elecciones del diccionario (<acronym title=\"Corpus de Referencia del Espa\u00f1ol Actual\">CREA<\/acronym>, <acronym title=\"Corpus del Espa\u00f1ol del Siglo XXI\">CORPES XXI<\/acronym>) aparecen tanto <em>neurociencia<\/em> como la forma en plural, <em>neurociencias<\/em>, y as\u00ed mismo los individuos encargados de sacar esas ciencias adelante. Pero estos no tienen todav\u00eda un hueco en el diccionario acad\u00e9mico. Y eso que se trata de unos seres din\u00e1micos, representantes de nuestro tiempo, generadores de avances, de conocimiento, y con ello productores constantes de neologismos.<\/p>\n<p>Su propia denominaci\u00f3n fue un neologismo surgido a partir de los a\u00f1os ochenta, no solo en espa\u00f1ol, sino tambi\u00e9n en otras lenguas rom\u00e1nicas, muy posiblemente como una traducci\u00f3n de las formas inglesas <em>neuroscientist<\/em> (<abbr title=\"nombre\">n.<\/abbr>) y <em>neuroscientific<\/em> (<abbr title=\"adjetivo\">adj.<\/abbr>), las cuales aparecen dentro del paradigma del t\u00e9rmino <em>neuroscience<\/em>. Formado este \u00faltimo hacia 1963 con la uni\u00f3n del elemento compositivo <em>neuro<\/em>&#8211; (<abbr title=\"griego\">gr.<\/abbr> <em>\u03bd\u03b5\u1fe6\u03c1\u03bf\u03bd<\/em>, \u2018nervio\u2019 que por extensi\u00f3n ha pasado a significar \u2018sistema nervioso\u2019) a las palabras ya existentes <em>science<\/em> y sus derivados <em>scientist<\/em> y <em>scientific<\/em> (<em>Oxford English Dictionary<\/em>).<\/p>\n<p>Aunque probablemente las formas inglesas est\u00e9n en el origen de las espa\u00f1olas, el procedimiento de formaci\u00f3n de estas encaja perfectamente con el que hubieran seguido estos t\u00e9rminos de haberse formado directamente en espa\u00f1ol: utilizaci\u00f3n del recurso de composici\u00f3n a la manera culta mediante el cual se une un elemento compositivo a un t\u00e9rmino que exist\u00eda previamente, en este caso <em>ciencia<\/em> y <em>cient\u00edfico<\/em>.<\/p>\n<p>En lo que respecta al nombre de la disciplina <em>neurociencia<\/em>, lo encontramos recogido por primera vez en espa\u00f1ol en 1970, en el texto que adjunta el <acronym title=\"Diccionario del espa\u00f1ol actual\"><em>DEA<\/em><\/acronym> como prueba de su existencia. No deber\u00eda estar mucho m\u00e1s lejos la primera dataci\u00f3n de <em>neurocient\u00edfico. <\/em>Sin embargo no disponemos de datos en espa\u00f1ol anteriores a 1986, el primer testimonio recogido en el <em>Corpus del diccionario hist\u00f3rico del espa\u00f1ol<\/em> de la Real Academia Espa\u00f1ola:<\/p>\n<ul>\n<li>Los <strong>neurocient\u00edficos<\/strong>, a\u00f1ade, nunca ser\u00e1n capaces de predecir el curso de la mente a base de discernir la actividad del cerebro. [<em>ABC <\/em>(Espa\u00f1a), 3\/06\/1986]<\/li>\n<\/ul>\n<p>Y, aunque lo m\u00e1s habitual sea encontrarlo como nombre, este uso convive con el adjetivo, cuya primera dataci\u00f3n para el <acronym>CREA<\/acronym> es un poco m\u00e1s tard\u00eda, 1994:<\/p>\n<ul>\n<li>\u2026 sus publicaciones ocupan cada vez m\u00e1s p\u00e1ginas entre las comunicaciones que se presentan en las reuniones <strong>neurocient\u00edficas.<\/strong> [<em>El Mundo <\/em>(Espa\u00f1a), 6\/10\/1994]<\/li>\n<\/ul>\n<ul>\n<li>No podemos imaginar que un enfoque <a id=\"acierto7\" name=\"acierto7\"><\/a><strong>neurocient\u00edfico<\/strong> verdaderamente adecuado de nuestras vidas mentales vaya a proporcionar categor\u00edas te\u00f3ricas que se correspondan detalladamente con las categor\u00edas de nuestro sentido com\u00fan. [J. Toribio, 1995, aunque procede de una cita que hace de un texto de 1988]<\/li>\n<\/ul>\n<p>El uso de este t\u00e9rmino se va extendiendo en las d\u00e9cadas siguientes, como muestran los m\u00e1s de doscientos testimonios recogidos en el corpus m\u00e1s actual de la Real Academia Espa\u00f1ola, <acronym>CORPES XXI<\/acronym>, donde se le asigna la categor\u00eda de adjetivo, a pesar de que solo tenga esta categor\u00eda gramatical en el 10 % de los casos. En el resto funcionan como nombres.<\/p>\n<p>El hecho de no aparecer en los diccionarios de lengua m\u00e1s consultados ha propiciado que se haya seguido registrando como neologismo en los observatorios de neolog\u00eda desde los a\u00f1os noventa hasta la actualidad, tal y como sugieren los contextos extra\u00eddos de la prensa espa\u00f1ola e hispanoamericana que se encuentran recopilados en la base de datos de <acronym title=\"Observatorio de Neolog\u00eda\">OBNEO<\/acronym>. En todos ellos, excepto en uno en que se habla de \u00abun punto de vista <strong>neurocient\u00edfico<\/strong>\u00bb [Radio 5 (Espa\u00f1a), 5\/01\/2013], aparece con su uso m\u00e1s frecuente, es decir, como nombre:<\/p>\n<ul>\n<li>Pedagogos, profesores y hasta <strong>neurocient\u00edficos<\/strong> lo saben bien: el ajedrez es un verdadero gimnasio para la mente. [<em>El Clar\u00edn<\/em> (Argentina), 22\/2\/2012]<\/li>\n<\/ul>\n<p>El verse reflejado en todas estas fuentes, en corpus, en peri\u00f3dicos, y en distintas publicaciones, lo que nos indica es que estamos ante un t\u00e9rmino especializado pero suficientemente frecuente y actual como para aparecer en los diccionarios de uso del espa\u00f1ol de nuestra \u00e9poca.<\/p>\n<p>Joaqu\u00edn Garc\u00eda Palacios<br \/>\nGrupo NeoUSAL<br \/>\nUniversidad de Salamanca (Espa\u00f1a)<\/p>\n","protected":false},"excerpt":{"rendered":"<p>Si tuvi&eacute;semos que elegir a los  cient&iacute;ficos m&aacute;s representativos de nuestra &eacute;poca, es muy posible que una de las  primeras posiciones la ocupase el amplio grupo de profesionales a los que se engloba  bajo la etiqueta de <em>neurocient&iacute;ficos<\/em>.  Los peri&oacute;dicos de todo el mundo dan constantemente noticias sobre ellos, as&iacute;  como acerca de los descubrimientos de su &aacute;mbito, el dominio de las <em>neurociencias<\/em>. Parece como si la sociedad  estuviese constantemente esperando de estos cient&iacute;ficos un paso m&aacute;s en esa revoluci&oacute;n  en el conocimiento que supone cada uno de los descubrimientos que hacen sobre  el cerebro humano. Unos cient&iacute;ficos que est&aacute;n m&aacute;s de actualidad si cabe al ser  los responsables del estudio del deterioro cognitivo que se produce con el  envejecimiento, una constante de las sociedades ricas de nuestro tiempo que ven  como su poblaci&oacute;n cada a&ntilde;o que pasa se encuentra m&aacute;s envejecida.<\/p>\n","protected":false},"author":1,"featured_media":653,"comment_status":"open","ping_status":"open","sticky":false,"template":"","format":"standard","meta":{"_mi_skip_tracking":false,"_s2mail":"yes"},"categories":[197,206,161,164],"tags":[],"yoast_head":"<!-- This site is optimized with the Yoast SEO plugin v20.6 - https:\/\/yoast.com\/wordpress\/plugins\/seo\/ -->\n<title>CVC. Neurocient\u00edfico, neurocient\u00edfica | Martes Neol\u00f3gico<\/title>\n<meta name=\"description\" content=\"Art\u00edculo sobre el neologismo \u00abneurocient\u00edfico, neurocient\u00edfica\u00bb, dentro del blog Martes Neol\u00f3gico del Centro Virtual Cervantes.\" \/>\n<meta name=\"robots\" content=\"index, follow, max-snippet:-1, max-image-preview:large, max-video-preview:-1\" \/>\n<link rel=\"canonical\" href=\"https:\/\/blogscvc.cervantes.es\/martes-neologico\/neurocientfico-neurocientfica\/\" \/>\n<meta property=\"og:locale\" content=\"es_ES\" \/>\n<meta property=\"og:type\" content=\"article\" \/>\n<meta property=\"og:title\" content=\"CVC. Neurocient\u00edfico, neurocient\u00edfica | Martes Neol\u00f3gico\" \/>\n<meta property=\"og:description\" content=\"Art\u00edculo sobre el neologismo \u00abneurocient\u00edfico, neurocient\u00edfica\u00bb, dentro del blog Martes Neol\u00f3gico del Centro Virtual Cervantes.\" \/>\n<meta property=\"og:url\" content=\"https:\/\/blogscvc.cervantes.es\/martes-neologico\/neurocientfico-neurocientfica\/\" \/>\n<meta property=\"og:site_name\" content=\"Martes Neol\u00f3gico\" \/>\n<meta property=\"article:published_time\" content=\"2016-03-29T05:15:21+00:00\" \/>\n<meta property=\"article:modified_time\" content=\"2025-07-31T11:08:54+00:00\" \/>\n<meta property=\"og:image\" content=\"http:\/\/blogscvc.cervantes.es\/martes-neologico\/wp-content\/uploads\/sites\/2\/2016\/03\/neurociencia_destacada.jpg\" \/>\n\t<meta property=\"og:image:width\" content=\"750\" \/>\n\t<meta property=\"og:image:height\" content=\"350\" \/>\n\t<meta property=\"og:image:type\" content=\"image\/jpeg\" \/>\n<meta name=\"author\" content=\"admin\" \/>\n<meta name=\"twitter:card\" content=\"summary_large_image\" \/>\n<meta name=\"twitter:label1\" content=\"Escrito por\" \/>\n\t<meta name=\"twitter:data1\" content=\"admin\" \/>\n\t<meta name=\"twitter:label2\" content=\"Tiempo de lectura\" \/>\n\t<meta name=\"twitter:data2\" content=\"4 minutos\" \/>\n<script type=\"application\/ld+json\" class=\"yoast-schema-graph\">{\"@context\":\"https:\/\/schema.org\",\"@graph\":[{\"@type\":\"Article\",\"@id\":\"https:\/\/blogscvc.cervantes.es\/martes-neologico\/neurocientfico-neurocientfica\/#article\",\"isPartOf\":{\"@id\":\"https:\/\/blogscvc.cervantes.es\/martes-neologico\/neurocientfico-neurocientfica\/\"},\"author\":{\"name\":\"admin\",\"@id\":\"https:\/\/blogscvc.cervantes.es\/martes-neologico\/#\/schema\/person\/7e2fd26f886f53b1b2e81721d23acc47\"},\"headline\":\"neurocient&iacute;fico, neurocient&iacute;fica m. y f.\",\"datePublished\":\"2016-03-29T05:15:21+00:00\",\"dateModified\":\"2025-07-31T11:08:54+00:00\",\"mainEntityOfPage\":{\"@id\":\"https:\/\/blogscvc.cervantes.es\/martes-neologico\/neurocientfico-neurocientfica\/\"},\"wordCount\":899,\"commentCount\":3,\"publisher\":{\"@id\":\"https:\/\/blogscvc.cervantes.es\/martes-neologico\/#organization\"},\"articleSection\":[\"composici\u00f3n h\u00edbrida\",\"diccionarizado\",\"medicina\",\"profesiones\"],\"inLanguage\":\"es\",\"potentialAction\":[{\"@type\":\"CommentAction\",\"name\":\"Comment\",\"target\":[\"https:\/\/blogscvc.cervantes.es\/martes-neologico\/neurocientfico-neurocientfica\/#respond\"]}]},{\"@type\":\"WebPage\",\"@id\":\"https:\/\/blogscvc.cervantes.es\/martes-neologico\/neurocientfico-neurocientfica\/\",\"url\":\"https:\/\/blogscvc.cervantes.es\/martes-neologico\/neurocientfico-neurocientfica\/\",\"name\":\"CVC. Neurocient\u00edfico, neurocient\u00edfica | Martes Neol\u00f3gico\",\"isPartOf\":{\"@id\":\"https:\/\/blogscvc.cervantes.es\/martes-neologico\/#website\"},\"datePublished\":\"2016-03-29T05:15:21+00:00\",\"dateModified\":\"2025-07-31T11:08:54+00:00\",\"description\":\"Art\u00edculo sobre el neologismo \u00abneurocient\u00edfico, neurocient\u00edfica\u00bb, dentro del blog Martes Neol\u00f3gico del Centro Virtual Cervantes.\",\"breadcrumb\":{\"@id\":\"https:\/\/blogscvc.cervantes.es\/martes-neologico\/neurocientfico-neurocientfica\/#breadcrumb\"},\"inLanguage\":\"es\",\"potentialAction\":[{\"@type\":\"ReadAction\",\"target\":[\"https:\/\/blogscvc.cervantes.es\/martes-neologico\/neurocientfico-neurocientfica\/\"]}]},{\"@type\":\"BreadcrumbList\",\"@id\":\"https:\/\/blogscvc.cervantes.es\/martes-neologico\/neurocientfico-neurocientfica\/#breadcrumb\",\"itemListElement\":[{\"@type\":\"ListItem\",\"position\":1,\"name\":\"Portada\",\"item\":\"https:\/\/blogscvc.cervantes.es\/martes-neologico\/\"},{\"@type\":\"ListItem\",\"position\":2,\"name\":\"neurocient&iacute;fico, neurocient&iacute;fica m. y f.\"}]},{\"@type\":\"WebSite\",\"@id\":\"https:\/\/blogscvc.cervantes.es\/martes-neologico\/#website\",\"url\":\"https:\/\/blogscvc.cervantes.es\/martes-neologico\/\",\"name\":\"Martes Neol\u00f3gico\",\"description\":\"Cada martes, una palabra nueva que podr\u00eda estar en el diccionario\",\"publisher\":{\"@id\":\"https:\/\/blogscvc.cervantes.es\/martes-neologico\/#organization\"},\"potentialAction\":[{\"@type\":\"SearchAction\",\"target\":{\"@type\":\"EntryPoint\",\"urlTemplate\":\"https:\/\/blogscvc.cervantes.es\/martes-neologico\/?s={search_term_string}\"},\"query-input\":\"required name=search_term_string\"}],\"inLanguage\":\"es\"},{\"@type\":\"Organization\",\"@id\":\"https:\/\/blogscvc.cervantes.es\/martes-neologico\/#organization\",\"name\":\"Martes Neol\u00f3gico\",\"url\":\"https:\/\/blogscvc.cervantes.es\/martes-neologico\/\",\"logo\":{\"@type\":\"ImageObject\",\"inLanguage\":\"es\",\"@id\":\"https:\/\/blogscvc.cervantes.es\/martes-neologico\/#\/schema\/logo\/image\/\",\"url\":\"https:\/\/blogscvc.cervantes.es\/martes-neologico\/wp-content\/uploads\/sites\/2\/2025\/10\/logo-martes-neologico-10-anos.png\",\"contentUrl\":\"https:\/\/blogscvc.cervantes.es\/martes-neologico\/wp-content\/uploads\/sites\/2\/2025\/10\/logo-martes-neologico-10-anos.png\",\"width\":300,\"height\":100,\"caption\":\"Martes Neol\u00f3gico\"},\"image\":{\"@id\":\"https:\/\/blogscvc.cervantes.es\/martes-neologico\/#\/schema\/logo\/image\/\"}},{\"@type\":\"Person\",\"@id\":\"https:\/\/blogscvc.cervantes.es\/martes-neologico\/#\/schema\/person\/7e2fd26f886f53b1b2e81721d23acc47\",\"name\":\"admin\",\"image\":{\"@type\":\"ImageObject\",\"inLanguage\":\"es\",\"@id\":\"https:\/\/blogscvc.cervantes.es\/martes-neologico\/#\/schema\/person\/image\/\",\"url\":\"https:\/\/secure.gravatar.com\/avatar\/c4b6a365b64e607f3d2ecd9620a7675a?s=96&d=mm&r=g\",\"contentUrl\":\"https:\/\/secure.gravatar.com\/avatar\/c4b6a365b64e607f3d2ecd9620a7675a?s=96&d=mm&r=g\",\"caption\":\"admin\"},\"url\":\"https:\/\/blogscvc.cervantes.es\/martes-neologico\/author\/admin\/\"}]}<\/script>\n<!-- \/ Yoast SEO plugin. -->","yoast_head_json":{"title":"CVC. Neurocient\u00edfico, neurocient\u00edfica | Martes Neol\u00f3gico","description":"Art\u00edculo sobre el neologismo \u00abneurocient\u00edfico, neurocient\u00edfica\u00bb, dentro del blog Martes Neol\u00f3gico del Centro Virtual Cervantes.","robots":{"index":"index","follow":"follow","max-snippet":"max-snippet:-1","max-image-preview":"max-image-preview:large","max-video-preview":"max-video-preview:-1"},"canonical":"https:\/\/blogscvc.cervantes.es\/martes-neologico\/neurocientfico-neurocientfica\/","og_locale":"es_ES","og_type":"article","og_title":"CVC. Neurocient\u00edfico, neurocient\u00edfica | Martes Neol\u00f3gico","og_description":"Art\u00edculo sobre el neologismo \u00abneurocient\u00edfico, neurocient\u00edfica\u00bb, dentro del blog Martes Neol\u00f3gico del Centro Virtual Cervantes.","og_url":"https:\/\/blogscvc.cervantes.es\/martes-neologico\/neurocientfico-neurocientfica\/","og_site_name":"Martes Neol\u00f3gico","article_published_time":"2016-03-29T05:15:21+00:00","article_modified_time":"2025-07-31T11:08:54+00:00","og_image":[{"width":750,"height":350,"url":"http:\/\/blogscvc.cervantes.es\/martes-neologico\/wp-content\/uploads\/sites\/2\/2016\/03\/neurociencia_destacada.jpg","type":"image\/jpeg"}],"author":"admin","twitter_card":"summary_large_image","twitter_misc":{"Escrito por":"admin","Tiempo de lectura":"4 minutos"},"schema":{"@context":"https:\/\/schema.org","@graph":[{"@type":"Article","@id":"https:\/\/blogscvc.cervantes.es\/martes-neologico\/neurocientfico-neurocientfica\/#article","isPartOf":{"@id":"https:\/\/blogscvc.cervantes.es\/martes-neologico\/neurocientfico-neurocientfica\/"},"author":{"name":"admin","@id":"https:\/\/blogscvc.cervantes.es\/martes-neologico\/#\/schema\/person\/7e2fd26f886f53b1b2e81721d23acc47"},"headline":"neurocient&iacute;fico, neurocient&iacute;fica m. y f.","datePublished":"2016-03-29T05:15:21+00:00","dateModified":"2025-07-31T11:08:54+00:00","mainEntityOfPage":{"@id":"https:\/\/blogscvc.cervantes.es\/martes-neologico\/neurocientfico-neurocientfica\/"},"wordCount":899,"commentCount":3,"publisher":{"@id":"https:\/\/blogscvc.cervantes.es\/martes-neologico\/#organization"},"articleSection":["composici\u00f3n h\u00edbrida","diccionarizado","medicina","profesiones"],"inLanguage":"es","potentialAction":[{"@type":"CommentAction","name":"Comment","target":["https:\/\/blogscvc.cervantes.es\/martes-neologico\/neurocientfico-neurocientfica\/#respond"]}]},{"@type":"WebPage","@id":"https:\/\/blogscvc.cervantes.es\/martes-neologico\/neurocientfico-neurocientfica\/","url":"https:\/\/blogscvc.cervantes.es\/martes-neologico\/neurocientfico-neurocientfica\/","name":"CVC. Neurocient\u00edfico, neurocient\u00edfica | Martes Neol\u00f3gico","isPartOf":{"@id":"https:\/\/blogscvc.cervantes.es\/martes-neologico\/#website"},"datePublished":"2016-03-29T05:15:21+00:00","dateModified":"2025-07-31T11:08:54+00:00","description":"Art\u00edculo sobre el neologismo \u00abneurocient\u00edfico, neurocient\u00edfica\u00bb, dentro del blog Martes Neol\u00f3gico del Centro Virtual Cervantes.","breadcrumb":{"@id":"https:\/\/blogscvc.cervantes.es\/martes-neologico\/neurocientfico-neurocientfica\/#breadcrumb"},"inLanguage":"es","potentialAction":[{"@type":"ReadAction","target":["https:\/\/blogscvc.cervantes.es\/martes-neologico\/neurocientfico-neurocientfica\/"]}]},{"@type":"BreadcrumbList","@id":"https:\/\/blogscvc.cervantes.es\/martes-neologico\/neurocientfico-neurocientfica\/#breadcrumb","itemListElement":[{"@type":"ListItem","position":1,"name":"Portada","item":"https:\/\/blogscvc.cervantes.es\/martes-neologico\/"},{"@type":"ListItem","position":2,"name":"neurocient&iacute;fico, neurocient&iacute;fica m. y f."}]},{"@type":"WebSite","@id":"https:\/\/blogscvc.cervantes.es\/martes-neologico\/#website","url":"https:\/\/blogscvc.cervantes.es\/martes-neologico\/","name":"Martes Neol\u00f3gico","description":"Cada martes, una palabra nueva que podr\u00eda estar en el diccionario","publisher":{"@id":"https:\/\/blogscvc.cervantes.es\/martes-neologico\/#organization"},"potentialAction":[{"@type":"SearchAction","target":{"@type":"EntryPoint","urlTemplate":"https:\/\/blogscvc.cervantes.es\/martes-neologico\/?s={search_term_string}"},"query-input":"required name=search_term_string"}],"inLanguage":"es"},{"@type":"Organization","@id":"https:\/\/blogscvc.cervantes.es\/martes-neologico\/#organization","name":"Martes Neol\u00f3gico","url":"https:\/\/blogscvc.cervantes.es\/martes-neologico\/","logo":{"@type":"ImageObject","inLanguage":"es","@id":"https:\/\/blogscvc.cervantes.es\/martes-neologico\/#\/schema\/logo\/image\/","url":"https:\/\/blogscvc.cervantes.es\/martes-neologico\/wp-content\/uploads\/sites\/2\/2025\/10\/logo-martes-neologico-10-anos.png","contentUrl":"https:\/\/blogscvc.cervantes.es\/martes-neologico\/wp-content\/uploads\/sites\/2\/2025\/10\/logo-martes-neologico-10-anos.png","width":300,"height":100,"caption":"Martes Neol\u00f3gico"},"image":{"@id":"https:\/\/blogscvc.cervantes.es\/martes-neologico\/#\/schema\/logo\/image\/"}},{"@type":"Person","@id":"https:\/\/blogscvc.cervantes.es\/martes-neologico\/#\/schema\/person\/7e2fd26f886f53b1b2e81721d23acc47","name":"admin","image":{"@type":"ImageObject","inLanguage":"es","@id":"https:\/\/blogscvc.cervantes.es\/martes-neologico\/#\/schema\/person\/image\/","url":"https:\/\/secure.gravatar.com\/avatar\/c4b6a365b64e607f3d2ecd9620a7675a?s=96&d=mm&r=g","contentUrl":"https:\/\/secure.gravatar.com\/avatar\/c4b6a365b64e607f3d2ecd9620a7675a?s=96&d=mm&r=g","caption":"admin"},"url":"https:\/\/blogscvc.cervantes.es\/martes-neologico\/author\/admin\/"}]}},"_links":{"self":[{"href":"https:\/\/blogscvc.cervantes.es\/martes-neologico\/wp-json\/wp\/v2\/posts\/648"}],"collection":[{"href":"https:\/\/blogscvc.cervantes.es\/martes-neologico\/wp-json\/wp\/v2\/posts"}],"about":[{"href":"https:\/\/blogscvc.cervantes.es\/martes-neologico\/wp-json\/wp\/v2\/types\/post"}],"author":[{"embeddable":true,"href":"https:\/\/blogscvc.cervantes.es\/martes-neologico\/wp-json\/wp\/v2\/users\/1"}],"replies":[{"embeddable":true,"href":"https:\/\/blogscvc.cervantes.es\/martes-neologico\/wp-json\/wp\/v2\/comments?post=648"}],"version-history":[{"count":8,"href":"https:\/\/blogscvc.cervantes.es\/martes-neologico\/wp-json\/wp\/v2\/posts\/648\/revisions"}],"predecessor-version":[{"id":8156,"href":"https:\/\/blogscvc.cervantes.es\/martes-neologico\/wp-json\/wp\/v2\/posts\/648\/revisions\/8156"}],"wp:featuredmedia":[{"embeddable":true,"href":"https:\/\/blogscvc.cervantes.es\/martes-neologico\/wp-json\/wp\/v2\/media\/653"}],"wp:attachment":[{"href":"https:\/\/blogscvc.cervantes.es\/martes-neologico\/wp-json\/wp\/v2\/media?parent=648"}],"wp:term":[{"taxonomy":"category","embeddable":true,"href":"https:\/\/blogscvc.cervantes.es\/martes-neologico\/wp-json\/wp\/v2\/categories?post=648"},{"taxonomy":"post_tag","embeddable":true,"href":"https:\/\/blogscvc.cervantes.es\/martes-neologico\/wp-json\/wp\/v2\/tags?post=648"}],"curies":[{"name":"wp","href":"https:\/\/api.w.org\/{rel}","templated":true}]}}