{"id":6540,"date":"2020-11-17T07:00:47","date_gmt":"2020-11-17T05:00:47","guid":{"rendered":"http:\/\/blogscvc.cervantes.es\/martes-neologico\/?p=6540"},"modified":"2025-07-31T11:11:58","modified_gmt":"2025-07-31T09:11:58","slug":"hormonar","status":"publish","type":"post","link":"https:\/\/blogscvc.cervantes.es\/martes-neologico\/hormonar\/","title":{"rendered":"hormonar <em>v. tr.<\/em> e <em>intr.<\/em>"},"content":{"rendered":"<p>El verbo <em>hormonar<\/em> es un caso de creaci\u00f3n neol\u00f3gica interesante por concentrar sentidos variados, que se correlacionan a su vez con comportamientos sint\u00e1cticos y con \u00e1mbitos comunicativos diversos.<\/p>\n<figure id=\"attachment_118\" aria-describedby=\"caption-attachment-118\" style=\"width: 750px\" class=\"wp-caption aligncenter\"><a href=\"http:\/\/blogscvc.cervantes.es\/martes-neologico\/wp-content\/uploads\/sites\/2\/2020\/11\/hormonar_500.jpg\"><img decoding=\"async\" loading=\"lazy\" class=\"alignnone size-full wp-image-1739\" src=\"http:\/\/blogscvc.cervantes.es\/martes-neologico\/wp-content\/uploads\/sites\/2\/2020\/11\/hormonar_500.jpg\" alt=\"Fotograf\u00eda de un mont\u00f3n de pastillas de colores.\" width=\"750\" height=\"500\"><\/a><figcaption id=\"caption-attachment-118\" class=\"wp-caption-text\">Pixabay<\/figcaption><\/figure>\n<p>Los datos registrados por el Observatorio de Neolog\u00eda para el espa\u00f1ol muestran sobre todo ocurrencias del participio <em>hormonado, -da<\/em>, en tanto que verbo vinculado a los sectores de producci\u00f3n ganadera o de alimentaci\u00f3n, en los que se refiere a la pr\u00e1ctica de inyectar hormonas a pollos, cerdos y vacas, para que crezcan m\u00e1s r\u00e1pidamente, y a sus repercusiones legales y sanitarias:<\/p>\n<ul>\n<li>Washington autoriza la carne <strong>hormonada<\/strong> desde hace a\u00f1os al estimar que es inocua para la salud humana. [<em>El Pa\u00eds<\/em> (Espa\u00f1a), 17\/01\/1998]<\/li>\n<li>la carne <strong>hormonada<\/strong>, que era una de los principales miedos del acuerdo comercial que estuvieron negociando la UE y Estados Unidos [<em>La Vanguardia<\/em> (Espa\u00f1a), 13\/03\/2019]<\/li>\n<\/ul>\n<p>Es habitual encontrar otro uso pronominal de <em>hormonar<\/em> con el sentido de \u2018someterse a una terapia hormonal\u2019, aplicado a mujeres en tratamientos de reproducci\u00f3n asistida o menopausia, a ni\u00f1os con dificultades de crecimiento o a transexuales en proceso de cambio de sexo:<\/p>\n<ul>\n<li>Y si fallaba ya tendr\u00eda tiempo de <strong>hormonarme<\/strong> y recurrir a la fecundaci\u00f3n asistida. [<em>El Mundo<\/em> (Espa\u00f1a), 03\/01\/2016]<\/li>\n<\/ul>\n<p>Existe una tercera acepci\u00f3n del uso del participio en el sentido de \u2018estar excesivamente musculado\u2019, como vemos en el siguiente ejemplo del CREA:<\/p>\n<ul>\n<li>Venus Carolina Paula sorteaba por la escalera principal la furia l\u00fabrica del <strong>hormonado<\/strong> Teobaldo [Juan Garc\u00eda Hortelano (1982), <em>Gram\u00e1tica parda<\/em>. Madrid: Mondadori, p\u00e1g. 234]<\/li>\n<\/ul>\n<p>Los tres sentidos se pueden agrupar en un mismo significado general de \u2018introducir hormonas en un metabolismo con el fin de modificarlo\u2019. Se trata de un verbo transitivo en el que un terapeuta aplica un tratamiento hormonal; el uso del participio denota la voz pasiva o la mediana; y la forma pronominal del verbo puede corresponder al sentido reflexivo (\u2018inyectarse uno mismo el compuesto hormonal\u2019) o a la focalizaci\u00f3n informativa en el receptor de la terapia.<\/p>\n<p>A pesar de documentar ejemplos del verbo <em>hormonar<\/em> hace m\u00e1s de treinta a\u00f1os, los diccionarios a\u00fan se muestran reacios a su incorporaci\u00f3n. Entre los diccionarios de lengua espa\u00f1ola, la Fund\u00e9u indica que solamente est\u00e1 recogido en la segunda edici\u00f3n del <em>Diccionario de uso del espa\u00f1ol<\/em> de Mar\u00eda Moliner. Hemos comprobado que tambi\u00e9n el <em>Diccionario Clave<\/em> y el <em>Diccionario de uso del espa\u00f1ol de Am\u00e9rica y Espa\u00f1a<\/em> de Vox incorporan el verbo <em>hormonar<\/em>, con una definici\u00f3n generalista:<\/p>\n<ul>\n<li><strong>hormonar<\/strong> tr. Tratar con hormonas: <em>muchas mujeres se hormonan sin receta m\u00e9dica cuando llegan al climaterio<\/em>. [Vox 2002]<\/li>\n<li><strong>hormonar<\/strong> Referido a una persona o a un animal, tratarlos con hormonas: <em>Se hormona desde hace seis a\u00f1os.<\/em> [<em>Clave<\/em>]<\/li>\n<\/ul>\n<p>Los diccionarios de otras lenguas no suelen recoger el verbo. No lo hacen ni el <em>Zanichelli<\/em> ni el <em>Garzanti<\/em>, para el italiano, ni el <em>Robert<\/em>, ni el <em>Larousse<\/em>, para el franc\u00e9s, por ejemplo. Aunque alg\u00fan diccionario gratuito en l\u00ednea s\u00ed que lo hace, como <span style=\"color: #2d9659;\"><a style=\"color: #2d9659;\" href=\"https:\/\/www.le-dictionnaire.com\/\" target=\"_blank\" rel=\"noopener\"><em>Le Dictionnaire<\/em><\/a><\/span>. En cambio, una simple consulta en Internet demuestra que, en estas lenguas, las distintas acepciones documentadas en espa\u00f1ol tambi\u00e9n son usadas habitualmente:<\/p>\n<ul>\n<li>Si l\u2019on d\u00e9cide de <strong>s\u2019hormoner<\/strong>, c\u2019est qu\u2019on a vraiment choisi de vivre, d\u00e9finitivement, au f\u00e9minin. [<em>Genres pluriels <\/em>(B\u00e9lgica), 25\/04\/2008]<\/li>\n<li>Il professor Leonardo Pinelli, medico pediatra vegano, ha accusato gli allevatori di <strong>ormonare<\/strong> i vitelli [Confederazione Italiana Agricoltori Piemonte (Italia), 2015]<\/li>\n<\/ul>\n<p>Es interesante destacar que, en espa\u00f1ol, todas las fuentes textuales que incluyen el verbo <em>hormonar<\/em>, recogidas en los corpus de la Real Academia Espa\u00f1ola o en el banco de datos del Observatori de Neologia, pertenecen al espa\u00f1ol peninsular. Tal como se\u00f1ala la Fundeu, en el espa\u00f1ol de Am\u00e9rica se prefiere el substantivo deverbal <em>hormonaci\u00f3n<\/em> para denominar este conjunto de pr\u00e1cticas. Lo documentamos en los siguientes ejemplos:<\/p>\n<ul>\n<li>De acuerdo a lo relatado por el ex deportista, a comienzos de 2008 termin\u00f3 su proceso de <strong>hormonaci\u00f3n<\/strong> y se someti\u00f3 a la intervenci\u00f3n quir\u00fargica para \u00absalir\u00bb del cuerpo femenino en el que se encontraba. [<em>El Comercio<\/em> (Per\u00fa), 13\/11\/2008]<\/li>\n<li>Muchas preguntas aparecieron en torno a la <strong>hormonaci\u00f3n<\/strong> y una vez m\u00e1s el modo de organizaci\u00f3n binaria, mis\u00f3gina y exitista del deporte. [<em>P\u00e1gina\/12<\/em> (Argentina), 14\/12\/2018]<\/li>\n<\/ul>\n<p>Tanto el verbo <em>hormonar<\/em> como el substantivo <em>hormonaci\u00f3n<\/em> est\u00e1n formados a partir de la base l\u00e9xica nominal <em>hormona<\/em>. A menudo estos tipos de formaciones se han tildado de anglicismos, pero este caso no parece tan evidente. Mientras que el <em>Cambridge English Dictionary<\/em> no incluye ninguna forma verbal relacionada con <em>hormone<\/em>, tanto el <em>Oxford English Dictionary<\/em> como el <em>Merriam Webster<\/em> tienen incorporado el vocablo <em>to hormonize<\/em>, marcado como verbo transitivo y definido como \u2018to treat with (a) hormone\u2019. Por lo tanto, el neologismo espa\u00f1ol <em>hormonar<\/em>, formado por conversi\u00f3n, no puede ser calificado de calco del ingl\u00e9s sufijado <em>to hormonize<\/em>.<\/p>\n<p>Se podr\u00eda justificar la escasa presencia de <em>hormonar<\/em> en diccionarios generales de lengua por su car\u00e1cter especializado; sin embargo, el <em>Diccionario de t\u00e9rminos m\u00e9dicos<\/em> de la Real Academia Nacional de Medicina no incluye este verbo. Los glosarios ni los corpus textuales del portal MedlinePlus\u00ae tampoco incluyen ocurrencias del verbo ni del participio en ninguna de sus dos lenguas, ingl\u00e9s y espa\u00f1ol. Por lo visto, los especialistas se decantan por sintagmas nominales como <em>terapia hormonal<\/em> o <em>estimulaci\u00f3n hormonal.<\/em><\/p>\n<p>Si <em>hormonar<\/em> no es un calco directo del ingl\u00e9s y se usa fundamentalmente en contextos generales (prensa, divulgaci\u00f3n), vamos a ver si en la tradici\u00f3n de la lengua disponemos de otros verbos relacionados sem\u00e1nticamente y construidos por conversi\u00f3n, que faciliten su integraci\u00f3n en el sistema del l\u00e9xico espa\u00f1ol. Con el sentido de \u2018segregar una substancia\u2019 tenemos los verbos <em>menstruar<\/em>, <em>orinar, ovular, sangrar, salivar<\/em> y <em>sudar<\/em>, todos formados por conversi\u00f3n. Con el de \u2018desarrollar o hacer crecer\u2019 el verbo formado por conversi\u00f3n <em>muscular<\/em> y el formado por sufijaci\u00f3n <em>sanguificar<\/em>. Y, por \u00faltimo, el sentido de \u2018a\u00f1adir una substancia\u2019 puede ilustrarse mediante los ejemplos de <em>oxigenar, vacunar<\/em> o <em>vitaminar<\/em>.<\/p>\n<p>En s\u00edntesis, el verbo <em>hormonar<\/em> es un neologismo bien formado desde el punto de vista morfol\u00f3gico y se a\u00f1ade a una tradici\u00f3n l\u00e9xica de verbos que expresan procesos o pr\u00e1cticas del campo biom\u00e9dico, de uso general. Su aparente polisemia, observable por los diversos contextos discursivos en que aparece, puede integrarse f\u00e1cilmente en un art\u00edculo lexicogr\u00e1fico con una definici\u00f3n generalista, como ya han hecho algunos diccionarios en espa\u00f1ol.<\/p>\n<p>Merc\u00e8 Lorente Casafont<br \/>\nGrupo IULATERM<br \/>\nInstitut de Ling\u00fc\u00edstica Aplicada<br \/>\nUniversitat Pompeu Fabra (Espa\u00f1a)<\/p>\n","protected":false},"excerpt":{"rendered":"<p>El verbo <em>hormonar<\/em> es un caso de creaci\u00f3n neol\u00f3gica interesante por concentrar sentidos variados, que se correlacionan a su vez con comportamientos sint\u00e1cticos y con \u00e1mbitos comunicativos diversos.<\/p>\n","protected":false},"author":1,"featured_media":6558,"comment_status":"open","ping_status":"open","sticky":false,"template":"","format":"standard","meta":{"_mi_skip_tracking":false,"_s2mail":"yes"},"categories":[11,206,107],"tags":[],"yoast_head":"<!-- This site is optimized with the Yoast SEO plugin v20.6 - https:\/\/yoast.com\/wordpress\/plugins\/seo\/ -->\n<title>CVC. Hormonar | Martes Neol\u00f3gico<\/title>\n<meta name=\"description\" content=\"Art\u00edculo sobre el neologismo \u00abhormonar\u00bb, dentro del blog Martes Neol\u00f3gico del Centro Virtual Cervantes.\" \/>\n<meta name=\"robots\" content=\"index, follow, max-snippet:-1, max-image-preview:large, max-video-preview:-1\" \/>\n<link rel=\"canonical\" href=\"https:\/\/blogscvc.cervantes.es\/martes-neologico\/hormonar\/\" \/>\n<meta property=\"og:locale\" content=\"es_ES\" \/>\n<meta property=\"og:type\" content=\"article\" \/>\n<meta property=\"og:title\" content=\"CVC. Hormonar | Martes Neol\u00f3gico\" \/>\n<meta property=\"og:description\" content=\"Art\u00edculo sobre el neologismo \u00abhormonar\u00bb, dentro del blog Martes Neol\u00f3gico del Centro Virtual Cervantes.\" \/>\n<meta property=\"og:url\" content=\"https:\/\/blogscvc.cervantes.es\/martes-neologico\/hormonar\/\" \/>\n<meta property=\"og:site_name\" content=\"Martes Neol\u00f3gico\" \/>\n<meta property=\"article:published_time\" content=\"2020-11-17T05:00:47+00:00\" \/>\n<meta property=\"article:modified_time\" content=\"2025-07-31T09:11:58+00:00\" \/>\n<meta property=\"og:image\" content=\"http:\/\/blogscvc.cervantes.es\/martes-neologico\/wp-content\/uploads\/sites\/2\/2020\/11\/hormonar_350.jpg\" \/>\n\t<meta property=\"og:image:width\" content=\"750\" \/>\n\t<meta property=\"og:image:height\" content=\"350\" \/>\n\t<meta property=\"og:image:type\" content=\"image\/jpeg\" \/>\n<meta name=\"author\" content=\"admin\" \/>\n<meta name=\"twitter:card\" content=\"summary_large_image\" \/>\n<meta name=\"twitter:label1\" content=\"Escrito por\" \/>\n\t<meta name=\"twitter:data1\" content=\"admin\" \/>\n\t<meta name=\"twitter:label2\" content=\"Tiempo de lectura\" \/>\n\t<meta name=\"twitter:data2\" content=\"5 minutos\" \/>\n<script type=\"application\/ld+json\" class=\"yoast-schema-graph\">{\"@context\":\"https:\/\/schema.org\",\"@graph\":[{\"@type\":\"Article\",\"@id\":\"https:\/\/blogscvc.cervantes.es\/martes-neologico\/hormonar\/#article\",\"isPartOf\":{\"@id\":\"https:\/\/blogscvc.cervantes.es\/martes-neologico\/hormonar\/\"},\"author\":{\"name\":\"admin\",\"@id\":\"https:\/\/blogscvc.cervantes.es\/martes-neologico\/#\/schema\/person\/7e2fd26f886f53b1b2e81721d23acc47\"},\"headline\":\"hormonar v. tr. e intr.\",\"datePublished\":\"2020-11-17T05:00:47+00:00\",\"dateModified\":\"2025-07-31T09:11:58+00:00\",\"mainEntityOfPage\":{\"@id\":\"https:\/\/blogscvc.cervantes.es\/martes-neologico\/hormonar\/\"},\"wordCount\":1142,\"commentCount\":0,\"publisher\":{\"@id\":\"https:\/\/blogscvc.cervantes.es\/martes-neologico\/#organization\"},\"articleSection\":[\"conversi\u00f3n\",\"diccionarizado\",\"qu\u00edmica\"],\"inLanguage\":\"es\",\"potentialAction\":[{\"@type\":\"CommentAction\",\"name\":\"Comment\",\"target\":[\"https:\/\/blogscvc.cervantes.es\/martes-neologico\/hormonar\/#respond\"]}]},{\"@type\":\"WebPage\",\"@id\":\"https:\/\/blogscvc.cervantes.es\/martes-neologico\/hormonar\/\",\"url\":\"https:\/\/blogscvc.cervantes.es\/martes-neologico\/hormonar\/\",\"name\":\"CVC. Hormonar | Martes Neol\u00f3gico\",\"isPartOf\":{\"@id\":\"https:\/\/blogscvc.cervantes.es\/martes-neologico\/#website\"},\"datePublished\":\"2020-11-17T05:00:47+00:00\",\"dateModified\":\"2025-07-31T09:11:58+00:00\",\"description\":\"Art\u00edculo sobre el neologismo \u00abhormonar\u00bb, dentro del blog Martes Neol\u00f3gico del Centro Virtual Cervantes.\",\"breadcrumb\":{\"@id\":\"https:\/\/blogscvc.cervantes.es\/martes-neologico\/hormonar\/#breadcrumb\"},\"inLanguage\":\"es\",\"potentialAction\":[{\"@type\":\"ReadAction\",\"target\":[\"https:\/\/blogscvc.cervantes.es\/martes-neologico\/hormonar\/\"]}]},{\"@type\":\"BreadcrumbList\",\"@id\":\"https:\/\/blogscvc.cervantes.es\/martes-neologico\/hormonar\/#breadcrumb\",\"itemListElement\":[{\"@type\":\"ListItem\",\"position\":1,\"name\":\"Portada\",\"item\":\"https:\/\/blogscvc.cervantes.es\/martes-neologico\/\"},{\"@type\":\"ListItem\",\"position\":2,\"name\":\"hormonar v. tr. e intr.\"}]},{\"@type\":\"WebSite\",\"@id\":\"https:\/\/blogscvc.cervantes.es\/martes-neologico\/#website\",\"url\":\"https:\/\/blogscvc.cervantes.es\/martes-neologico\/\",\"name\":\"Martes Neol\u00f3gico\",\"description\":\"Cada martes, una palabra nueva que podr\u00eda estar en el diccionario\",\"publisher\":{\"@id\":\"https:\/\/blogscvc.cervantes.es\/martes-neologico\/#organization\"},\"potentialAction\":[{\"@type\":\"SearchAction\",\"target\":{\"@type\":\"EntryPoint\",\"urlTemplate\":\"https:\/\/blogscvc.cervantes.es\/martes-neologico\/?s={search_term_string}\"},\"query-input\":\"required name=search_term_string\"}],\"inLanguage\":\"es\"},{\"@type\":\"Organization\",\"@id\":\"https:\/\/blogscvc.cervantes.es\/martes-neologico\/#organization\",\"name\":\"Martes Neol\u00f3gico\",\"url\":\"https:\/\/blogscvc.cervantes.es\/martes-neologico\/\",\"logo\":{\"@type\":\"ImageObject\",\"inLanguage\":\"es\",\"@id\":\"https:\/\/blogscvc.cervantes.es\/martes-neologico\/#\/schema\/logo\/image\/\",\"url\":\"https:\/\/blogscvc.cervantes.es\/martes-neologico\/wp-content\/uploads\/sites\/2\/2025\/10\/logo-martes-neologico-10-anos.png\",\"contentUrl\":\"https:\/\/blogscvc.cervantes.es\/martes-neologico\/wp-content\/uploads\/sites\/2\/2025\/10\/logo-martes-neologico-10-anos.png\",\"width\":300,\"height\":100,\"caption\":\"Martes Neol\u00f3gico\"},\"image\":{\"@id\":\"https:\/\/blogscvc.cervantes.es\/martes-neologico\/#\/schema\/logo\/image\/\"}},{\"@type\":\"Person\",\"@id\":\"https:\/\/blogscvc.cervantes.es\/martes-neologico\/#\/schema\/person\/7e2fd26f886f53b1b2e81721d23acc47\",\"name\":\"admin\",\"image\":{\"@type\":\"ImageObject\",\"inLanguage\":\"es\",\"@id\":\"https:\/\/blogscvc.cervantes.es\/martes-neologico\/#\/schema\/person\/image\/\",\"url\":\"https:\/\/secure.gravatar.com\/avatar\/c4b6a365b64e607f3d2ecd9620a7675a?s=96&d=mm&r=g\",\"contentUrl\":\"https:\/\/secure.gravatar.com\/avatar\/c4b6a365b64e607f3d2ecd9620a7675a?s=96&d=mm&r=g\",\"caption\":\"admin\"},\"url\":\"https:\/\/blogscvc.cervantes.es\/martes-neologico\/author\/admin\/\"}]}<\/script>\n<!-- \/ Yoast SEO plugin. -->","yoast_head_json":{"title":"CVC. Hormonar | Martes Neol\u00f3gico","description":"Art\u00edculo sobre el neologismo \u00abhormonar\u00bb, dentro del blog Martes Neol\u00f3gico del Centro Virtual Cervantes.","robots":{"index":"index","follow":"follow","max-snippet":"max-snippet:-1","max-image-preview":"max-image-preview:large","max-video-preview":"max-video-preview:-1"},"canonical":"https:\/\/blogscvc.cervantes.es\/martes-neologico\/hormonar\/","og_locale":"es_ES","og_type":"article","og_title":"CVC. Hormonar | Martes Neol\u00f3gico","og_description":"Art\u00edculo sobre el neologismo \u00abhormonar\u00bb, dentro del blog Martes Neol\u00f3gico del Centro Virtual Cervantes.","og_url":"https:\/\/blogscvc.cervantes.es\/martes-neologico\/hormonar\/","og_site_name":"Martes Neol\u00f3gico","article_published_time":"2020-11-17T05:00:47+00:00","article_modified_time":"2025-07-31T09:11:58+00:00","og_image":[{"width":750,"height":350,"url":"http:\/\/blogscvc.cervantes.es\/martes-neologico\/wp-content\/uploads\/sites\/2\/2020\/11\/hormonar_350.jpg","type":"image\/jpeg"}],"author":"admin","twitter_card":"summary_large_image","twitter_misc":{"Escrito por":"admin","Tiempo de lectura":"5 minutos"},"schema":{"@context":"https:\/\/schema.org","@graph":[{"@type":"Article","@id":"https:\/\/blogscvc.cervantes.es\/martes-neologico\/hormonar\/#article","isPartOf":{"@id":"https:\/\/blogscvc.cervantes.es\/martes-neologico\/hormonar\/"},"author":{"name":"admin","@id":"https:\/\/blogscvc.cervantes.es\/martes-neologico\/#\/schema\/person\/7e2fd26f886f53b1b2e81721d23acc47"},"headline":"hormonar v. tr. e intr.","datePublished":"2020-11-17T05:00:47+00:00","dateModified":"2025-07-31T09:11:58+00:00","mainEntityOfPage":{"@id":"https:\/\/blogscvc.cervantes.es\/martes-neologico\/hormonar\/"},"wordCount":1142,"commentCount":0,"publisher":{"@id":"https:\/\/blogscvc.cervantes.es\/martes-neologico\/#organization"},"articleSection":["conversi\u00f3n","diccionarizado","qu\u00edmica"],"inLanguage":"es","potentialAction":[{"@type":"CommentAction","name":"Comment","target":["https:\/\/blogscvc.cervantes.es\/martes-neologico\/hormonar\/#respond"]}]},{"@type":"WebPage","@id":"https:\/\/blogscvc.cervantes.es\/martes-neologico\/hormonar\/","url":"https:\/\/blogscvc.cervantes.es\/martes-neologico\/hormonar\/","name":"CVC. Hormonar | Martes Neol\u00f3gico","isPartOf":{"@id":"https:\/\/blogscvc.cervantes.es\/martes-neologico\/#website"},"datePublished":"2020-11-17T05:00:47+00:00","dateModified":"2025-07-31T09:11:58+00:00","description":"Art\u00edculo sobre el neologismo \u00abhormonar\u00bb, dentro del blog Martes Neol\u00f3gico del Centro Virtual Cervantes.","breadcrumb":{"@id":"https:\/\/blogscvc.cervantes.es\/martes-neologico\/hormonar\/#breadcrumb"},"inLanguage":"es","potentialAction":[{"@type":"ReadAction","target":["https:\/\/blogscvc.cervantes.es\/martes-neologico\/hormonar\/"]}]},{"@type":"BreadcrumbList","@id":"https:\/\/blogscvc.cervantes.es\/martes-neologico\/hormonar\/#breadcrumb","itemListElement":[{"@type":"ListItem","position":1,"name":"Portada","item":"https:\/\/blogscvc.cervantes.es\/martes-neologico\/"},{"@type":"ListItem","position":2,"name":"hormonar v. tr. e intr."}]},{"@type":"WebSite","@id":"https:\/\/blogscvc.cervantes.es\/martes-neologico\/#website","url":"https:\/\/blogscvc.cervantes.es\/martes-neologico\/","name":"Martes Neol\u00f3gico","description":"Cada martes, una palabra nueva que podr\u00eda estar en el diccionario","publisher":{"@id":"https:\/\/blogscvc.cervantes.es\/martes-neologico\/#organization"},"potentialAction":[{"@type":"SearchAction","target":{"@type":"EntryPoint","urlTemplate":"https:\/\/blogscvc.cervantes.es\/martes-neologico\/?s={search_term_string}"},"query-input":"required name=search_term_string"}],"inLanguage":"es"},{"@type":"Organization","@id":"https:\/\/blogscvc.cervantes.es\/martes-neologico\/#organization","name":"Martes Neol\u00f3gico","url":"https:\/\/blogscvc.cervantes.es\/martes-neologico\/","logo":{"@type":"ImageObject","inLanguage":"es","@id":"https:\/\/blogscvc.cervantes.es\/martes-neologico\/#\/schema\/logo\/image\/","url":"https:\/\/blogscvc.cervantes.es\/martes-neologico\/wp-content\/uploads\/sites\/2\/2025\/10\/logo-martes-neologico-10-anos.png","contentUrl":"https:\/\/blogscvc.cervantes.es\/martes-neologico\/wp-content\/uploads\/sites\/2\/2025\/10\/logo-martes-neologico-10-anos.png","width":300,"height":100,"caption":"Martes Neol\u00f3gico"},"image":{"@id":"https:\/\/blogscvc.cervantes.es\/martes-neologico\/#\/schema\/logo\/image\/"}},{"@type":"Person","@id":"https:\/\/blogscvc.cervantes.es\/martes-neologico\/#\/schema\/person\/7e2fd26f886f53b1b2e81721d23acc47","name":"admin","image":{"@type":"ImageObject","inLanguage":"es","@id":"https:\/\/blogscvc.cervantes.es\/martes-neologico\/#\/schema\/person\/image\/","url":"https:\/\/secure.gravatar.com\/avatar\/c4b6a365b64e607f3d2ecd9620a7675a?s=96&d=mm&r=g","contentUrl":"https:\/\/secure.gravatar.com\/avatar\/c4b6a365b64e607f3d2ecd9620a7675a?s=96&d=mm&r=g","caption":"admin"},"url":"https:\/\/blogscvc.cervantes.es\/martes-neologico\/author\/admin\/"}]}},"_links":{"self":[{"href":"https:\/\/blogscvc.cervantes.es\/martes-neologico\/wp-json\/wp\/v2\/posts\/6540"}],"collection":[{"href":"https:\/\/blogscvc.cervantes.es\/martes-neologico\/wp-json\/wp\/v2\/posts"}],"about":[{"href":"https:\/\/blogscvc.cervantes.es\/martes-neologico\/wp-json\/wp\/v2\/types\/post"}],"author":[{"embeddable":true,"href":"https:\/\/blogscvc.cervantes.es\/martes-neologico\/wp-json\/wp\/v2\/users\/1"}],"replies":[{"embeddable":true,"href":"https:\/\/blogscvc.cervantes.es\/martes-neologico\/wp-json\/wp\/v2\/comments?post=6540"}],"version-history":[{"count":7,"href":"https:\/\/blogscvc.cervantes.es\/martes-neologico\/wp-json\/wp\/v2\/posts\/6540\/revisions"}],"predecessor-version":[{"id":13525,"href":"https:\/\/blogscvc.cervantes.es\/martes-neologico\/wp-json\/wp\/v2\/posts\/6540\/revisions\/13525"}],"wp:featuredmedia":[{"embeddable":true,"href":"https:\/\/blogscvc.cervantes.es\/martes-neologico\/wp-json\/wp\/v2\/media\/6558"}],"wp:attachment":[{"href":"https:\/\/blogscvc.cervantes.es\/martes-neologico\/wp-json\/wp\/v2\/media?parent=6540"}],"wp:term":[{"taxonomy":"category","embeddable":true,"href":"https:\/\/blogscvc.cervantes.es\/martes-neologico\/wp-json\/wp\/v2\/categories?post=6540"},{"taxonomy":"post_tag","embeddable":true,"href":"https:\/\/blogscvc.cervantes.es\/martes-neologico\/wp-json\/wp\/v2\/tags?post=6540"}],"curies":[{"name":"wp","href":"https:\/\/api.w.org\/{rel}","templated":true}]}}