{"id":6742,"date":"2020-12-08T07:00:51","date_gmt":"2020-12-08T05:00:51","guid":{"rendered":"http:\/\/blogscvc.cervantes.es\/martes-neologico\/?p=6742"},"modified":"2025-07-30T15:27:05","modified_gmt":"2025-07-30T13:27:05","slug":"heteronormativo-heteronormativa","status":"publish","type":"post","link":"https:\/\/blogscvc.cervantes.es\/martes-neologico\/heteronormativo-heteronormativa\/","title":{"rendered":"heteronormativo, heteronormativa <em>adj.<\/em>"},"content":{"rendered":"<p>Cada d\u00eda son m\u00e1s frecuentes las palabras de tem\u00e1tica LGTB+ en el uso com\u00fan, neologismos que cuentan con pocos a\u00f1os de vida y con los que a\u00fan no est\u00e1 familiarizada toda la comunidad hablante. Por ejemplo, el adjetivo <em>heteronormativo, heteronormativa <\/em>(y tambi\u00e9n los nombres relacionados <em>heteronorma <\/em>y <em>heteronormatividad<\/em>), con el que se hace referencia a lo relativo a un sistema sociopol\u00edtico y econ\u00f3mico en el que la heterosexualidad y lo masculino tienen supremac\u00eda sobre el resto de las identidades sexuales y de g\u00e9nero. Adrienne Rich, poeta y activista feminista estadounidense, fue la primera en referirse a lo <em>heteronormativo<\/em>, en 1980.<\/p>\n<figure id=\"attachment_118\" aria-describedby=\"caption-attachment-118\" style=\"width: 750px\" class=\"wp-caption aligncenter\"><a href=\"http:\/\/blogscvc.cervantes.es\/martes-neologico\/wp-content\/uploads\/sites\/2\/2020\/12\/heteronormativo_500.jpg\"><img decoding=\"async\" loading=\"lazy\" class=\"alignnone size-full wp-image-1739\" src=\"http:\/\/blogscvc.cervantes.es\/martes-neologico\/wp-content\/uploads\/sites\/2\/2020\/12\/heteronormativo_500.jpg\" alt=\"Fotograf\u00eda de pies calzados caracter\u00edsticos de ambos sexos.\" width=\"750\" height=\"500\"><\/a><figcaption id=\"caption-attachment-118\" class=\"wp-caption-text\">Pixabay<\/figcaption><\/figure>\n<p>El auge y reconocimiento del colectivo LGTB+ va ligado a la revuelta de Stonewall: en el a\u00f1o 1969 el colectivo homosexual decidi\u00f3 agruparse para hacer frente a los ataques que se estaban produciendo tanto por parte de la sociedad en general como por parte de los cuerpos de seguridad de los EE. UU. El Stonewall Inn, un bar de la ciudad de Nueva York frecuentado por homosexuales, fue testigo de la valent\u00eda de esas personas que decidieron rebelarse contra lo que despu\u00e9s se llam\u00f3 <em>heteronormativo<\/em>, y empezar a modelar un sistema en el que hubiera cabida para todo tipo de personas. El suceso del Stonewall lleg\u00f3 a Europa a trav\u00e9s de la publicaci\u00f3n de revistas especializadas que trajeron consigo la fundaci\u00f3n de movimientos sociales clandestinos. Argentina fue pionera con el movimiento Nuestro Mundo fundado en 1971 en Buenos Aires, al que le siguieron movimientos an\u00e1logos en otros pa\u00edses americanos, mientras que en Espa\u00f1a, el primer grupo naci\u00f3 en 1975 en Barcelona con el nombre Front d\u2019Alliberament Gai de Catalunya (Frente de Liberaci\u00f3n Gay de Catalu\u00f1a), desde donde se fue extendiendo a las dem\u00e1s provincias de Espa\u00f1a. La lucha de los \u00faltimos a\u00f1os ha consistido en normalizar ciertas realidades y conceptos con la finalidad de poder establecer una igualdad real de un colectivo minoritario y una consecuci\u00f3n de los derechos fundamentales de sus integrantes.<\/p>\n<p><em>Heteronormativo, heteronormativa<\/em> es un neologismo formado por composici\u00f3n culta con el elemento <em>hetero<\/em>&#8211; (que proviene de la abreviaci\u00f3n de <em>heterosexual<\/em> y no directamente del formante griego \u1f11\u03c4\u03b5\u03c1\u03bf-) y <em>normativo<\/em>, que definido por la RAE es aquello \u2018que fija la norma\u2019. En los dem\u00e1s diccionarios de consulta no encontramos la palabra <em>heteronormativo, heteronormativa <\/em>con la excepci\u00f3n del <em>Oxford English Dictionary<\/em>, en el que se define como aquello \u00abrelativo a una visi\u00f3n del mundo que promueve la heterosexualidad como la orientaci\u00f3n sexual privilegiada\u00bb.<\/p>\n<p>Los campos de especialidad a los que se asocia esta palabra son dos: por un lado, el de la lucha LGTB+ y, por otro lado, el del feminismo. Al tratarse de movimientos sociales con mucha influencia en la actualidad, no es sorprendente encontrar esta palabra en el uso general tanto en la variante espa\u00f1ola como en las variantes latinoamericanas. Adem\u00e1s, en el Corpus del Espa\u00f1ol del Siglo XXI tambi\u00e9n podemos encontrar numerosas apariciones de esta palabra que datan del 2009 al 2016 procedentes de M\u00e9xico, Chile, Ecuador, Uruguay y Espa\u00f1a. En la base de datos del OBNEO tambi\u00e9n encontramos ejemplos recientes y de distintos pa\u00edses:<\/p>\n<ul>\n<li>Para Giuseppe, un bogotano que vive en la Gran Manzana y se desempe\u00f1a como agente literario, las prioridades son otras \u00abno me interesa el matrimonio como instituci\u00f3n, ni me interesa reproducir el estilo de vida <strong>heteronormativa<\/strong>\u00bb. [<em>El Tiempo<\/em> (Colombia), 17\/05\/2013]<\/li>\n<li>El camino de cuestionamiento cr\u00edtico de lo <strong>heteronormativo<\/strong> que lleva recorriendo Sof\u00eda Olgu\u00edn comenz\u00f3 de una manera casi forzada. [<em>Clar\u00edn<\/em> (Argentina), 31\/07\/2015]<\/li>\n<li>Ir contra todos los estereotipos, en contra del sometimiento del ama de casa, la domesticaci\u00f3n de la sexualidad <strong>heteronormativa<\/strong> y patriarcal adentro de los hogares. [<em>P\u00e1gina 12<\/em> (Argentina), 07\/09\/2015]<\/li>\n<li>\u00c9l era deportista profesional y quer\u00eda un hijo <strong>heteronormativo<\/strong> y ella es economista y quer\u00eda un hijo economista. [<em>El Pa\u00eds <\/em>(Espa\u00f1a), 03\/11\/2018]<\/li>\n<li>Hay un poliamor <strong>heteronormativo<\/strong>, pero quienes estamos teniendo pr\u00e1cticas que van hacia la ruptura de la monogamia real somos las comunidades minorizadas (se refiere a las comunidades LGTBNB) por razones muy pr\u00e1cticas y es que somos comunidades muy peque\u00f1as que no nos podemos permitir determinados desastres. [<em>P\u00e1gina 12<\/em> (Argentina), 29\/06\/2019]<\/li>\n<li>Ahora que las cr\u00edticas de los movimientos trans y queer se han hecho o\u00edr al fin contra el concepto de g\u00e9nero, por sentirlo demasiado limitado a lo <strong>heteronormativo<\/strong>. la representaci\u00f3n que la moda y su industria hacen de los roles ha de ser revisada con lupa. [<em>SModa<\/em>, 21\/09\/2019]<\/li>\n<\/ul>\n<p>La lucha contra la heteronorma y lo heteronormativo es una cuesti\u00f3n que nos afecta como sociedad y la superaci\u00f3n de las normas sociales ligadas a los roles de g\u00e9nero estrictamente marcados desde la cuna no es una utop\u00eda lejana sino un objetivo a cuya consecuci\u00f3n los diccionarios pueden contribuir con la aceptaci\u00f3n de neologismos como el que acabamos de tratar.<\/p>\n<p>Pedro Javier Bueno Ruiz<br \/>\nObservatori de Neologia<br \/>\nUniversitat Pompeu Fabra (Espa\u00f1a)<\/p>\n","protected":false},"excerpt":{"rendered":"<p>Cada d\u00eda son m\u00e1s frecuentes las palabras de tem\u00e1tica LGTB+ en el uso com\u00fan, neologismos que cuentan con pocos a\u00f1os de vida y con los que a\u00fan no est\u00e1 familiarizada toda la comunidad hablante. Por ejemplo, el adjetivo <em>heteronormativo, heteronormativa <\/em>(y tambi\u00e9n los nombres relacionados <em>heteronorma <\/em>y <em>heteronormatividad<\/em>), con el que se hace referencia a lo relativo a un sistema sociopol\u00edtico y econ\u00f3mico en el que la heterosexualidad y lo masculino tienen supremac\u00eda sobre el resto de las identidades sexuales y de g\u00e9nero. Adrienne Rich, poeta y activista feminista estadounidense, fue la primera en referirse a lo <em>heteronormativo<\/em>, en 1980.<\/p>\n","protected":false},"author":1,"featured_media":6748,"comment_status":"open","ping_status":"open","sticky":false,"template":"","format":"standard","meta":{"_mi_skip_tracking":false,"_s2mail":"yes"},"categories":[55,250],"tags":[],"yoast_head":"<!-- This site is optimized with the Yoast SEO plugin v20.6 - https:\/\/yoast.com\/wordpress\/plugins\/seo\/ -->\n<title>CVC. Heteronormativo, heteronormativa | Martes Neol\u00f3gico<\/title>\n<meta name=\"description\" content=\"Art\u00edculo sobre el neologismo \u00abheteronormativo, heteronormativa\u00bb, dentro del blog Martes Neol\u00f3gico del Centro Virtual Cervantes.\" \/>\n<meta name=\"robots\" content=\"index, follow, max-snippet:-1, max-image-preview:large, max-video-preview:-1\" \/>\n<link rel=\"canonical\" href=\"https:\/\/blogscvc.cervantes.es\/martes-neologico\/heteronormativo-heteronormativa\/\" \/>\n<meta property=\"og:locale\" content=\"es_ES\" \/>\n<meta property=\"og:type\" content=\"article\" \/>\n<meta property=\"og:title\" content=\"CVC. Heteronormativo, heteronormativa | Martes Neol\u00f3gico\" \/>\n<meta property=\"og:description\" content=\"Art\u00edculo sobre el neologismo \u00abheteronormativo, heteronormativa\u00bb, dentro del blog Martes Neol\u00f3gico del Centro Virtual Cervantes.\" \/>\n<meta property=\"og:url\" content=\"https:\/\/blogscvc.cervantes.es\/martes-neologico\/heteronormativo-heteronormativa\/\" \/>\n<meta property=\"og:site_name\" content=\"Martes Neol\u00f3gico\" \/>\n<meta property=\"article:published_time\" content=\"2020-12-08T05:00:51+00:00\" \/>\n<meta property=\"article:modified_time\" content=\"2025-07-30T13:27:05+00:00\" \/>\n<meta property=\"og:image\" content=\"http:\/\/blogscvc.cervantes.es\/martes-neologico\/wp-content\/uploads\/sites\/2\/2020\/12\/heteronormativo_350.jpg\" \/>\n\t<meta property=\"og:image:width\" content=\"750\" \/>\n\t<meta property=\"og:image:height\" content=\"350\" \/>\n\t<meta property=\"og:image:type\" content=\"image\/jpeg\" \/>\n<meta name=\"author\" content=\"admin\" \/>\n<meta name=\"twitter:card\" content=\"summary_large_image\" \/>\n<meta name=\"twitter:label1\" content=\"Escrito por\" \/>\n\t<meta name=\"twitter:data1\" content=\"admin\" \/>\n\t<meta name=\"twitter:label2\" content=\"Tiempo de lectura\" \/>\n\t<meta name=\"twitter:data2\" content=\"4 minutos\" \/>\n<script type=\"application\/ld+json\" class=\"yoast-schema-graph\">{\"@context\":\"https:\/\/schema.org\",\"@graph\":[{\"@type\":\"Article\",\"@id\":\"https:\/\/blogscvc.cervantes.es\/martes-neologico\/heteronormativo-heteronormativa\/#article\",\"isPartOf\":{\"@id\":\"https:\/\/blogscvc.cervantes.es\/martes-neologico\/heteronormativo-heteronormativa\/\"},\"author\":{\"name\":\"admin\",\"@id\":\"https:\/\/blogscvc.cervantes.es\/martes-neologico\/#\/schema\/person\/7e2fd26f886f53b1b2e81721d23acc47\"},\"headline\":\"heteronormativo, heteronormativa adj.\",\"datePublished\":\"2020-12-08T05:00:51+00:00\",\"dateModified\":\"2025-07-30T13:27:05+00:00\",\"mainEntityOfPage\":{\"@id\":\"https:\/\/blogscvc.cervantes.es\/martes-neologico\/heteronormativo-heteronormativa\/\"},\"wordCount\":856,\"commentCount\":0,\"publisher\":{\"@id\":\"https:\/\/blogscvc.cervantes.es\/martes-neologico\/#organization\"},\"articleSection\":[\"composici\u00f3n\",\"g\u00e9nero\"],\"inLanguage\":\"es\",\"potentialAction\":[{\"@type\":\"CommentAction\",\"name\":\"Comment\",\"target\":[\"https:\/\/blogscvc.cervantes.es\/martes-neologico\/heteronormativo-heteronormativa\/#respond\"]}]},{\"@type\":\"WebPage\",\"@id\":\"https:\/\/blogscvc.cervantes.es\/martes-neologico\/heteronormativo-heteronormativa\/\",\"url\":\"https:\/\/blogscvc.cervantes.es\/martes-neologico\/heteronormativo-heteronormativa\/\",\"name\":\"CVC. Heteronormativo, heteronormativa | Martes Neol\u00f3gico\",\"isPartOf\":{\"@id\":\"https:\/\/blogscvc.cervantes.es\/martes-neologico\/#website\"},\"datePublished\":\"2020-12-08T05:00:51+00:00\",\"dateModified\":\"2025-07-30T13:27:05+00:00\",\"description\":\"Art\u00edculo sobre el neologismo \u00abheteronormativo, heteronormativa\u00bb, dentro del blog Martes Neol\u00f3gico del Centro Virtual Cervantes.\",\"breadcrumb\":{\"@id\":\"https:\/\/blogscvc.cervantes.es\/martes-neologico\/heteronormativo-heteronormativa\/#breadcrumb\"},\"inLanguage\":\"es\",\"potentialAction\":[{\"@type\":\"ReadAction\",\"target\":[\"https:\/\/blogscvc.cervantes.es\/martes-neologico\/heteronormativo-heteronormativa\/\"]}]},{\"@type\":\"BreadcrumbList\",\"@id\":\"https:\/\/blogscvc.cervantes.es\/martes-neologico\/heteronormativo-heteronormativa\/#breadcrumb\",\"itemListElement\":[{\"@type\":\"ListItem\",\"position\":1,\"name\":\"Portada\",\"item\":\"https:\/\/blogscvc.cervantes.es\/martes-neologico\/\"},{\"@type\":\"ListItem\",\"position\":2,\"name\":\"heteronormativo, heteronormativa adj.\"}]},{\"@type\":\"WebSite\",\"@id\":\"https:\/\/blogscvc.cervantes.es\/martes-neologico\/#website\",\"url\":\"https:\/\/blogscvc.cervantes.es\/martes-neologico\/\",\"name\":\"Martes Neol\u00f3gico\",\"description\":\"Cada martes, una palabra nueva que podr\u00eda estar en el diccionario\",\"publisher\":{\"@id\":\"https:\/\/blogscvc.cervantes.es\/martes-neologico\/#organization\"},\"potentialAction\":[{\"@type\":\"SearchAction\",\"target\":{\"@type\":\"EntryPoint\",\"urlTemplate\":\"https:\/\/blogscvc.cervantes.es\/martes-neologico\/?s={search_term_string}\"},\"query-input\":\"required name=search_term_string\"}],\"inLanguage\":\"es\"},{\"@type\":\"Organization\",\"@id\":\"https:\/\/blogscvc.cervantes.es\/martes-neologico\/#organization\",\"name\":\"Martes Neol\u00f3gico\",\"url\":\"https:\/\/blogscvc.cervantes.es\/martes-neologico\/\",\"logo\":{\"@type\":\"ImageObject\",\"inLanguage\":\"es\",\"@id\":\"https:\/\/blogscvc.cervantes.es\/martes-neologico\/#\/schema\/logo\/image\/\",\"url\":\"https:\/\/blogscvc.cervantes.es\/martes-neologico\/wp-content\/uploads\/sites\/2\/2025\/10\/logo-martes-neologico-10-anos.png\",\"contentUrl\":\"https:\/\/blogscvc.cervantes.es\/martes-neologico\/wp-content\/uploads\/sites\/2\/2025\/10\/logo-martes-neologico-10-anos.png\",\"width\":300,\"height\":100,\"caption\":\"Martes Neol\u00f3gico\"},\"image\":{\"@id\":\"https:\/\/blogscvc.cervantes.es\/martes-neologico\/#\/schema\/logo\/image\/\"}},{\"@type\":\"Person\",\"@id\":\"https:\/\/blogscvc.cervantes.es\/martes-neologico\/#\/schema\/person\/7e2fd26f886f53b1b2e81721d23acc47\",\"name\":\"admin\",\"image\":{\"@type\":\"ImageObject\",\"inLanguage\":\"es\",\"@id\":\"https:\/\/blogscvc.cervantes.es\/martes-neologico\/#\/schema\/person\/image\/\",\"url\":\"https:\/\/secure.gravatar.com\/avatar\/c4b6a365b64e607f3d2ecd9620a7675a?s=96&d=mm&r=g\",\"contentUrl\":\"https:\/\/secure.gravatar.com\/avatar\/c4b6a365b64e607f3d2ecd9620a7675a?s=96&d=mm&r=g\",\"caption\":\"admin\"},\"url\":\"https:\/\/blogscvc.cervantes.es\/martes-neologico\/author\/admin\/\"}]}<\/script>\n<!-- \/ Yoast SEO plugin. -->","yoast_head_json":{"title":"CVC. Heteronormativo, heteronormativa | Martes Neol\u00f3gico","description":"Art\u00edculo sobre el neologismo \u00abheteronormativo, heteronormativa\u00bb, dentro del blog Martes Neol\u00f3gico del Centro Virtual Cervantes.","robots":{"index":"index","follow":"follow","max-snippet":"max-snippet:-1","max-image-preview":"max-image-preview:large","max-video-preview":"max-video-preview:-1"},"canonical":"https:\/\/blogscvc.cervantes.es\/martes-neologico\/heteronormativo-heteronormativa\/","og_locale":"es_ES","og_type":"article","og_title":"CVC. Heteronormativo, heteronormativa | Martes Neol\u00f3gico","og_description":"Art\u00edculo sobre el neologismo \u00abheteronormativo, heteronormativa\u00bb, dentro del blog Martes Neol\u00f3gico del Centro Virtual Cervantes.","og_url":"https:\/\/blogscvc.cervantes.es\/martes-neologico\/heteronormativo-heteronormativa\/","og_site_name":"Martes Neol\u00f3gico","article_published_time":"2020-12-08T05:00:51+00:00","article_modified_time":"2025-07-30T13:27:05+00:00","og_image":[{"width":750,"height":350,"url":"http:\/\/blogscvc.cervantes.es\/martes-neologico\/wp-content\/uploads\/sites\/2\/2020\/12\/heteronormativo_350.jpg","type":"image\/jpeg"}],"author":"admin","twitter_card":"summary_large_image","twitter_misc":{"Escrito por":"admin","Tiempo de lectura":"4 minutos"},"schema":{"@context":"https:\/\/schema.org","@graph":[{"@type":"Article","@id":"https:\/\/blogscvc.cervantes.es\/martes-neologico\/heteronormativo-heteronormativa\/#article","isPartOf":{"@id":"https:\/\/blogscvc.cervantes.es\/martes-neologico\/heteronormativo-heteronormativa\/"},"author":{"name":"admin","@id":"https:\/\/blogscvc.cervantes.es\/martes-neologico\/#\/schema\/person\/7e2fd26f886f53b1b2e81721d23acc47"},"headline":"heteronormativo, heteronormativa adj.","datePublished":"2020-12-08T05:00:51+00:00","dateModified":"2025-07-30T13:27:05+00:00","mainEntityOfPage":{"@id":"https:\/\/blogscvc.cervantes.es\/martes-neologico\/heteronormativo-heteronormativa\/"},"wordCount":856,"commentCount":0,"publisher":{"@id":"https:\/\/blogscvc.cervantes.es\/martes-neologico\/#organization"},"articleSection":["composici\u00f3n","g\u00e9nero"],"inLanguage":"es","potentialAction":[{"@type":"CommentAction","name":"Comment","target":["https:\/\/blogscvc.cervantes.es\/martes-neologico\/heteronormativo-heteronormativa\/#respond"]}]},{"@type":"WebPage","@id":"https:\/\/blogscvc.cervantes.es\/martes-neologico\/heteronormativo-heteronormativa\/","url":"https:\/\/blogscvc.cervantes.es\/martes-neologico\/heteronormativo-heteronormativa\/","name":"CVC. Heteronormativo, heteronormativa | Martes Neol\u00f3gico","isPartOf":{"@id":"https:\/\/blogscvc.cervantes.es\/martes-neologico\/#website"},"datePublished":"2020-12-08T05:00:51+00:00","dateModified":"2025-07-30T13:27:05+00:00","description":"Art\u00edculo sobre el neologismo \u00abheteronormativo, heteronormativa\u00bb, dentro del blog Martes Neol\u00f3gico del Centro Virtual Cervantes.","breadcrumb":{"@id":"https:\/\/blogscvc.cervantes.es\/martes-neologico\/heteronormativo-heteronormativa\/#breadcrumb"},"inLanguage":"es","potentialAction":[{"@type":"ReadAction","target":["https:\/\/blogscvc.cervantes.es\/martes-neologico\/heteronormativo-heteronormativa\/"]}]},{"@type":"BreadcrumbList","@id":"https:\/\/blogscvc.cervantes.es\/martes-neologico\/heteronormativo-heteronormativa\/#breadcrumb","itemListElement":[{"@type":"ListItem","position":1,"name":"Portada","item":"https:\/\/blogscvc.cervantes.es\/martes-neologico\/"},{"@type":"ListItem","position":2,"name":"heteronormativo, heteronormativa adj."}]},{"@type":"WebSite","@id":"https:\/\/blogscvc.cervantes.es\/martes-neologico\/#website","url":"https:\/\/blogscvc.cervantes.es\/martes-neologico\/","name":"Martes Neol\u00f3gico","description":"Cada martes, una palabra nueva que podr\u00eda estar en el diccionario","publisher":{"@id":"https:\/\/blogscvc.cervantes.es\/martes-neologico\/#organization"},"potentialAction":[{"@type":"SearchAction","target":{"@type":"EntryPoint","urlTemplate":"https:\/\/blogscvc.cervantes.es\/martes-neologico\/?s={search_term_string}"},"query-input":"required name=search_term_string"}],"inLanguage":"es"},{"@type":"Organization","@id":"https:\/\/blogscvc.cervantes.es\/martes-neologico\/#organization","name":"Martes Neol\u00f3gico","url":"https:\/\/blogscvc.cervantes.es\/martes-neologico\/","logo":{"@type":"ImageObject","inLanguage":"es","@id":"https:\/\/blogscvc.cervantes.es\/martes-neologico\/#\/schema\/logo\/image\/","url":"https:\/\/blogscvc.cervantes.es\/martes-neologico\/wp-content\/uploads\/sites\/2\/2025\/10\/logo-martes-neologico-10-anos.png","contentUrl":"https:\/\/blogscvc.cervantes.es\/martes-neologico\/wp-content\/uploads\/sites\/2\/2025\/10\/logo-martes-neologico-10-anos.png","width":300,"height":100,"caption":"Martes Neol\u00f3gico"},"image":{"@id":"https:\/\/blogscvc.cervantes.es\/martes-neologico\/#\/schema\/logo\/image\/"}},{"@type":"Person","@id":"https:\/\/blogscvc.cervantes.es\/martes-neologico\/#\/schema\/person\/7e2fd26f886f53b1b2e81721d23acc47","name":"admin","image":{"@type":"ImageObject","inLanguage":"es","@id":"https:\/\/blogscvc.cervantes.es\/martes-neologico\/#\/schema\/person\/image\/","url":"https:\/\/secure.gravatar.com\/avatar\/c4b6a365b64e607f3d2ecd9620a7675a?s=96&d=mm&r=g","contentUrl":"https:\/\/secure.gravatar.com\/avatar\/c4b6a365b64e607f3d2ecd9620a7675a?s=96&d=mm&r=g","caption":"admin"},"url":"https:\/\/blogscvc.cervantes.es\/martes-neologico\/author\/admin\/"}]}},"_links":{"self":[{"href":"https:\/\/blogscvc.cervantes.es\/martes-neologico\/wp-json\/wp\/v2\/posts\/6742"}],"collection":[{"href":"https:\/\/blogscvc.cervantes.es\/martes-neologico\/wp-json\/wp\/v2\/posts"}],"about":[{"href":"https:\/\/blogscvc.cervantes.es\/martes-neologico\/wp-json\/wp\/v2\/types\/post"}],"author":[{"embeddable":true,"href":"https:\/\/blogscvc.cervantes.es\/martes-neologico\/wp-json\/wp\/v2\/users\/1"}],"replies":[{"embeddable":true,"href":"https:\/\/blogscvc.cervantes.es\/martes-neologico\/wp-json\/wp\/v2\/comments?post=6742"}],"version-history":[{"count":4,"href":"https:\/\/blogscvc.cervantes.es\/martes-neologico\/wp-json\/wp\/v2\/posts\/6742\/revisions"}],"predecessor-version":[{"id":13507,"href":"https:\/\/blogscvc.cervantes.es\/martes-neologico\/wp-json\/wp\/v2\/posts\/6742\/revisions\/13507"}],"wp:featuredmedia":[{"embeddable":true,"href":"https:\/\/blogscvc.cervantes.es\/martes-neologico\/wp-json\/wp\/v2\/media\/6748"}],"wp:attachment":[{"href":"https:\/\/blogscvc.cervantes.es\/martes-neologico\/wp-json\/wp\/v2\/media?parent=6742"}],"wp:term":[{"taxonomy":"category","embeddable":true,"href":"https:\/\/blogscvc.cervantes.es\/martes-neologico\/wp-json\/wp\/v2\/categories?post=6742"},{"taxonomy":"post_tag","embeddable":true,"href":"https:\/\/blogscvc.cervantes.es\/martes-neologico\/wp-json\/wp\/v2\/tags?post=6742"}],"curies":[{"name":"wp","href":"https:\/\/api.w.org\/{rel}","templated":true}]}}