{"id":7214,"date":"2021-03-02T07:00:26","date_gmt":"2021-03-02T05:00:26","guid":{"rendered":"http:\/\/blogscvc.cervantes.es\/martes-neologico\/?p=7214"},"modified":"2025-07-29T09:45:05","modified_gmt":"2025-07-29T07:45:05","slug":"audiodescripcion","status":"publish","type":"post","link":"https:\/\/blogscvc.cervantes.es\/martes-neologico\/audiodescripcion\/","title":{"rendered":"audiodescripci\u00f3n <em>f.<\/em>"},"content":{"rendered":"<p>Vivimos rodeados de contenidos audiovisuales: pel\u00edculas, series, documentales, obras de teatro, \u00f3peras, etc. Imaginen por un momento que la imagen desaparece o est\u00e1 borrosa y que solo pueden acceder a los sonidos, a la m\u00fasica, a las palabras. \u00bfComprender\u00e1n lo que est\u00e1 pasando en pantalla o sobre el escenario?<\/p>\n<figure id=\"attachment_118\" aria-describedby=\"caption-attachment-118\" style=\"width: 750px\" class=\"wp-caption aligncenter\"><a href=\"http:\/\/blogscvc.cervantes.es\/martes-neologico\/wp-content\/uploads\/sites\/2\/2021\/03\/audiodescripcion_500.jpg\"><img decoding=\"async\" loading=\"lazy\" class=\"alignnone size-full wp-image-1739\" src=\"http:\/\/blogscvc.cervantes.es\/martes-neologico\/wp-content\/uploads\/sites\/2\/2021\/03\/audiodescripcion_500.jpg\" alt=\"Imagen de un algoritmo cifrado.\" width=\"750\" height=\"500\"><\/a><figcaption id=\"caption-attachment-118\" class=\"wp-caption-text\">Pexels<\/figcaption><\/figure>\n<p>Esta situaci\u00f3n reproduce lo que viven diariamente las personas con discapacidad visual. Para acceder a lo que se ve en la imagen, necesitan que estas im\u00e1genes se traduzcan en palabras habladas. Esto es lo que ofrece la <em>audiodescripci\u00f3n<\/em>, un servicio de accesibilidad que, como su nombre indica, presenta una descripci\u00f3n en formato sonoro. Esta descripci\u00f3n puede ser grabada o en directo y aprovecha los huecos de mensaje \u2014espacios sin di\u00e1logos o efectos sonoros significativos\u2014 para insertar una narraci\u00f3n o explicaci\u00f3n.<\/p>\n<p>El t\u00e9rmino <em>audio description<\/em> se documenta en primer lugar en ingl\u00e9s, lengua en la que tambi\u00e9n se conoce este servicio como <em>video description<\/em>: a la base <em>description<\/em> se a\u00f1ade en un caso <em>audio<\/em>, en referencia al canal por el que se transmite la descripci\u00f3n, o <em>video<\/em>, en referencia a los elementos que se describen. El sustantivo <em>audio description<\/em> se recoge en el <em>Collins English Dictionary<\/em>, pero no en otros diccionarios de lengua inglesa como el <em>Oxford English Dictionary<\/em>. Otras variantes denominativas son <em>described video<\/em> o <em>descriptive video<\/em>.<\/p>\n<p>El t\u00e9rmino en espa\u00f1ol, formado tambi\u00e9n por composici\u00f3n culta, es<em> audiodescripci\u00f3n<\/em>. Por analog\u00eda con el ingl\u00e9s, se puede encontrar en espa\u00f1ol la forma <em>audio descripci\u00f3n<\/em> separada e incluso <em>descripci\u00f3n de audio<\/em> o <em>descripci\u00f3n de v\u00eddeo<\/em>, generalmente en instrucciones en l\u00ednea traducidas del ingl\u00e9s para plataformas de v\u00eddeo bajo demanda o dispositivos electr\u00f3nicos.<\/p>\n<p><em>Audiodescripci\u00f3n<\/em> no est\u00e1 presente en el <em>DLE<\/em> ni en otros diccionarios generales o de neologismos. Sin embargo, el diccionario de la Academia s\u00ed incluye <em>audio-<\/em> como forma prefijada que significa <em>sonido<\/em> o <em>audici\u00f3n<\/em>, e incorpora vocablos como <em>audiogu\u00eda<\/em> o <em>audiolibro<\/em>, que corresponden a grabaciones sonoras. Tampoco se documenta en otros diccionarios del espa\u00f1ol, ya sean de lengua general o de neologismos, ni en obras lexicogr\u00e1ficas de otras lenguas como el <em>Duden <\/em>para el alem\u00e1n, el <em>Dizionario Hoepli della lingua italiana<\/em> o el <em>Dizionario italiano Olivetti<\/em> para el italiano. Una excepci\u00f3n es <em>Le Grand Robert <\/em>en franc\u00e9s, que recoge la unidad <em>audiodescription<\/em>, la cual sigue el mismo proceso de formaci\u00f3n que el equivalente espa\u00f1ol. Tambi\u00e9n se documenta <em>audiodescripci\u00f3n<\/em> en la base de datos Cercaterm, junto con los equivalentes <em>audio description<\/em> en ingl\u00e9s, <em>audiodescripci\u00f3<\/em> en catal\u00e1n y <em>audiodescription<\/em> en franc\u00e9s.<\/p>\n<p>A finales del siglo pasado aparecen ocurrencias de este t\u00e9rmino en revistas vinculadas a asociaciones que trabajan en el \u00e1mbito de la discapacidad. Los datos ofrecidos por el Observatori de Neologia muestran un primer ejemplo de este t\u00e9rmino en prensa escrita en el a\u00f1o 2006, un a\u00f1o despu\u00e9s de que se publicara la norma UNE sobre audiodescripci\u00f3n. En este periodo tambi\u00e9n se observa la forma <em>audiodescripci\u00f3n<\/em> en publicaciones cient\u00edficas junto con la sigla <em>AD<\/em>.<\/p>\n<ul>\n<li>Esta sala adaptada no solo dispondr\u00e1\u00b7de un sistema de <strong>audiodescripci\u00f3n<\/strong> por el que un narrador explica a los invidentes las escenas de la pel\u00edcula [\u2026]. [<em>Levante<\/em> (Espa\u00f1a), 23\/11\/2006]<\/li>\n<\/ul>\n<p>Otros ejemplos recogidos por el Observatori son los siguientes:<\/p>\n<ul>\n<li>Al menos dos horas a la semana contar\u00e1n con interpretaci\u00f3n con lengua de signos y otras dos de <strong>audiodescripci\u00f3n<\/strong>. [<em>El Pa\u00eds<\/em> (Espa\u00f1a), 16\/03\/2019]<\/li>\n<li>El s\u00e1bado estar\u00e1 adaptada para personas con discapacidad auditiva, con paneles en los que se subtitula la obra e int\u00e9rpretes en lenguaje de signos, y servicio de <strong>audiodescripci\u00f3n<\/strong> para personas ciegas. [<em>El Sur<\/em> (Espa\u00f1a), 01\/10\/2010]<\/li>\n<li>El primer lugar de inter\u00e9s en adaptarse fue el Museo Arqueol\u00f3gico, ubicado en la Casa del Apero, que se dot\u00f3 de una <strong>audiodescripci\u00f3n<\/strong> para ciegos, una signogu\u00eda o v\u00eddeo en lengua de signos, transcripciones al braille de los paneles informativos y un plano en relieve del edificio. [<em>El Sur<\/em> (Espa\u00f1a), 21\/12\/2013]<\/li>\n<li>El cine Roxy B pone a disposici\u00f3n de los espectadores el mecanismo de <strong>audiodescripci\u00f3n<\/strong>, un sistema sonoro que aporta los datos de imagen que las personas ciegas no perciben. [<em>La Gran Ilusi\u00f3n<\/em> (Espa\u00f1a), 01\/05\/2012]<\/li>\n<\/ul>\n<p>En los ejemplos se observa que la <em>audiodescripci\u00f3n<\/em> est\u00e1 disponible en distintos tipos de entornos (cine, artes esc\u00e9nicas, museos) y a menudo se ofrece junto a otros sistemas de accesibilidad como el subtitulado o la interpretaci\u00f3n en lengua de signos, todos ellos pensados para destinatarios distintos. Asimismo, los ejemplos incluyen en algunos casos la expresi\u00f3n <em>audiodescripci\u00f3n para personas ciegas<\/em> o <em>audiodescripci\u00f3n para ciegos<\/em>. Ambos sintagmas son habituales porque las personas con discapacidad visual, ya sean ciegas o con baja visi\u00f3n, son consumidoras habituales de este servicio. La misma norma UNE de 2005 incluye en su t\u00edtulo la expresi\u00f3n <em>audiodescripci\u00f3n para personas con discapacidad visual<\/em>. Sin embargo, la <em>audiodescripci\u00f3n<\/em> puede ser \u00fatil para m\u00e1s p\u00fablicos. Puede ser un buen sistema para ampliar vocabulario cuando se aprende una lengua o para consumir contenidos audiovisuales al estilo de las antiguas radionovelas o, si queremos ser m\u00e1s modernos, como si fueran un <em><span style=\"color: #2d9659;\"><a style=\"color: #2d9659;\" href=\"https:\/\/blogscvc.cervantes.es\/martes-neologico\/podcast\/\" target=\"_blank\" rel=\"noopener\">p\u00f3dcast<\/a><\/span><\/em>.<\/p>\n<p>Anna Matamala<br \/>\nTransMedia Catalonia (2017SGR113)<br \/>\nUniversitat Aut\u00f2noma de Barcelona (Espa\u00f1a)<\/p>\n","protected":false},"excerpt":{"rendered":"<p>Vivimos rodeados de contenidos audiovisuales: pel\u00edculas, series, documentales, obras de teatro, \u00f3peras, etc. Imaginen por un momento que la imagen desaparece o est\u00e1 borrosa y que solo pueden acceder a los sonidos, a la m\u00fasica, a las palabras. \u00bfComprender\u00e1n lo que est\u00e1 pasando en pantalla o sobre el escenario?<\/p>\n","protected":false},"author":1,"featured_media":7310,"comment_status":"open","ping_status":"open","sticky":false,"template":"","format":"standard","meta":{"_mi_skip_tracking":false,"_s2mail":"yes"},"categories":[197,89],"tags":[],"yoast_head":"<!-- This site is optimized with the Yoast SEO plugin v20.6 - https:\/\/yoast.com\/wordpress\/plugins\/seo\/ -->\n<title>CVC. Audiodescripci\u00f3n | Martes Neol\u00f3gico<\/title>\n<meta name=\"description\" content=\"Art\u00edculo sobre el neologismo \u00abaudiodescripci\u00f3n\u00bb, dentro del blog Martes Neol\u00f3gico del Centro Virtual Cervantes.\" \/>\n<meta name=\"robots\" content=\"index, follow, max-snippet:-1, max-image-preview:large, max-video-preview:-1\" \/>\n<link rel=\"canonical\" href=\"https:\/\/blogscvc.cervantes.es\/martes-neologico\/audiodescripcion\/\" \/>\n<meta property=\"og:locale\" content=\"es_ES\" \/>\n<meta property=\"og:type\" content=\"article\" \/>\n<meta property=\"og:title\" content=\"CVC. Audiodescripci\u00f3n | Martes Neol\u00f3gico\" \/>\n<meta property=\"og:description\" content=\"Art\u00edculo sobre el neologismo \u00abaudiodescripci\u00f3n\u00bb, dentro del blog Martes Neol\u00f3gico del Centro Virtual Cervantes.\" \/>\n<meta property=\"og:url\" content=\"https:\/\/blogscvc.cervantes.es\/martes-neologico\/audiodescripcion\/\" \/>\n<meta property=\"og:site_name\" content=\"Martes Neol\u00f3gico\" \/>\n<meta property=\"article:published_time\" content=\"2021-03-02T05:00:26+00:00\" \/>\n<meta property=\"article:modified_time\" content=\"2025-07-29T07:45:05+00:00\" \/>\n<meta property=\"og:image\" content=\"http:\/\/blogscvc.cervantes.es\/martes-neologico\/wp-content\/uploads\/sites\/2\/2021\/03\/audiodescripcion_350.jpg\" \/>\n\t<meta property=\"og:image:width\" content=\"750\" \/>\n\t<meta property=\"og:image:height\" content=\"350\" \/>\n\t<meta property=\"og:image:type\" content=\"image\/jpeg\" \/>\n<meta name=\"author\" content=\"admin\" \/>\n<meta name=\"twitter:card\" content=\"summary_large_image\" \/>\n<meta name=\"twitter:label1\" content=\"Escrito por\" \/>\n\t<meta name=\"twitter:data1\" content=\"admin\" \/>\n\t<meta name=\"twitter:label2\" content=\"Tiempo de lectura\" \/>\n\t<meta name=\"twitter:data2\" content=\"4 minutos\" \/>\n<script type=\"application\/ld+json\" class=\"yoast-schema-graph\">{\"@context\":\"https:\/\/schema.org\",\"@graph\":[{\"@type\":\"Article\",\"@id\":\"https:\/\/blogscvc.cervantes.es\/martes-neologico\/audiodescripcion\/#article\",\"isPartOf\":{\"@id\":\"https:\/\/blogscvc.cervantes.es\/martes-neologico\/audiodescripcion\/\"},\"author\":{\"name\":\"admin\",\"@id\":\"https:\/\/blogscvc.cervantes.es\/martes-neologico\/#\/schema\/person\/7e2fd26f886f53b1b2e81721d23acc47\"},\"headline\":\"audiodescripci\u00f3n f.\",\"datePublished\":\"2021-03-02T05:00:26+00:00\",\"dateModified\":\"2025-07-29T07:45:05+00:00\",\"mainEntityOfPage\":{\"@id\":\"https:\/\/blogscvc.cervantes.es\/martes-neologico\/audiodescripcion\/\"},\"wordCount\":918,\"commentCount\":0,\"publisher\":{\"@id\":\"https:\/\/blogscvc.cervantes.es\/martes-neologico\/#organization\"},\"articleSection\":[\"composici\u00f3n h\u00edbrida\",\"comunicaci\u00f3n\"],\"inLanguage\":\"es\",\"potentialAction\":[{\"@type\":\"CommentAction\",\"name\":\"Comment\",\"target\":[\"https:\/\/blogscvc.cervantes.es\/martes-neologico\/audiodescripcion\/#respond\"]}]},{\"@type\":\"WebPage\",\"@id\":\"https:\/\/blogscvc.cervantes.es\/martes-neologico\/audiodescripcion\/\",\"url\":\"https:\/\/blogscvc.cervantes.es\/martes-neologico\/audiodescripcion\/\",\"name\":\"CVC. Audiodescripci\u00f3n | Martes Neol\u00f3gico\",\"isPartOf\":{\"@id\":\"https:\/\/blogscvc.cervantes.es\/martes-neologico\/#website\"},\"datePublished\":\"2021-03-02T05:00:26+00:00\",\"dateModified\":\"2025-07-29T07:45:05+00:00\",\"description\":\"Art\u00edculo sobre el neologismo \u00abaudiodescripci\u00f3n\u00bb, dentro del blog Martes Neol\u00f3gico del Centro Virtual Cervantes.\",\"breadcrumb\":{\"@id\":\"https:\/\/blogscvc.cervantes.es\/martes-neologico\/audiodescripcion\/#breadcrumb\"},\"inLanguage\":\"es\",\"potentialAction\":[{\"@type\":\"ReadAction\",\"target\":[\"https:\/\/blogscvc.cervantes.es\/martes-neologico\/audiodescripcion\/\"]}]},{\"@type\":\"BreadcrumbList\",\"@id\":\"https:\/\/blogscvc.cervantes.es\/martes-neologico\/audiodescripcion\/#breadcrumb\",\"itemListElement\":[{\"@type\":\"ListItem\",\"position\":1,\"name\":\"Portada\",\"item\":\"https:\/\/blogscvc.cervantes.es\/martes-neologico\/\"},{\"@type\":\"ListItem\",\"position\":2,\"name\":\"audiodescripci\u00f3n f.\"}]},{\"@type\":\"WebSite\",\"@id\":\"https:\/\/blogscvc.cervantes.es\/martes-neologico\/#website\",\"url\":\"https:\/\/blogscvc.cervantes.es\/martes-neologico\/\",\"name\":\"Martes Neol\u00f3gico\",\"description\":\"Cada martes, una palabra nueva que podr\u00eda estar en el diccionario\",\"publisher\":{\"@id\":\"https:\/\/blogscvc.cervantes.es\/martes-neologico\/#organization\"},\"potentialAction\":[{\"@type\":\"SearchAction\",\"target\":{\"@type\":\"EntryPoint\",\"urlTemplate\":\"https:\/\/blogscvc.cervantes.es\/martes-neologico\/?s={search_term_string}\"},\"query-input\":\"required name=search_term_string\"}],\"inLanguage\":\"es\"},{\"@type\":\"Organization\",\"@id\":\"https:\/\/blogscvc.cervantes.es\/martes-neologico\/#organization\",\"name\":\"Martes Neol\u00f3gico\",\"url\":\"https:\/\/blogscvc.cervantes.es\/martes-neologico\/\",\"logo\":{\"@type\":\"ImageObject\",\"inLanguage\":\"es\",\"@id\":\"https:\/\/blogscvc.cervantes.es\/martes-neologico\/#\/schema\/logo\/image\/\",\"url\":\"https:\/\/blogscvc.cervantes.es\/martes-neologico\/wp-content\/uploads\/sites\/2\/2025\/10\/logo-martes-neologico-10-anos.png\",\"contentUrl\":\"https:\/\/blogscvc.cervantes.es\/martes-neologico\/wp-content\/uploads\/sites\/2\/2025\/10\/logo-martes-neologico-10-anos.png\",\"width\":300,\"height\":100,\"caption\":\"Martes Neol\u00f3gico\"},\"image\":{\"@id\":\"https:\/\/blogscvc.cervantes.es\/martes-neologico\/#\/schema\/logo\/image\/\"}},{\"@type\":\"Person\",\"@id\":\"https:\/\/blogscvc.cervantes.es\/martes-neologico\/#\/schema\/person\/7e2fd26f886f53b1b2e81721d23acc47\",\"name\":\"admin\",\"image\":{\"@type\":\"ImageObject\",\"inLanguage\":\"es\",\"@id\":\"https:\/\/blogscvc.cervantes.es\/martes-neologico\/#\/schema\/person\/image\/\",\"url\":\"https:\/\/secure.gravatar.com\/avatar\/c4b6a365b64e607f3d2ecd9620a7675a?s=96&d=mm&r=g\",\"contentUrl\":\"https:\/\/secure.gravatar.com\/avatar\/c4b6a365b64e607f3d2ecd9620a7675a?s=96&d=mm&r=g\",\"caption\":\"admin\"},\"url\":\"https:\/\/blogscvc.cervantes.es\/martes-neologico\/author\/admin\/\"}]}<\/script>\n<!-- \/ Yoast SEO plugin. -->","yoast_head_json":{"title":"CVC. Audiodescripci\u00f3n | Martes Neol\u00f3gico","description":"Art\u00edculo sobre el neologismo \u00abaudiodescripci\u00f3n\u00bb, dentro del blog Martes Neol\u00f3gico del Centro Virtual Cervantes.","robots":{"index":"index","follow":"follow","max-snippet":"max-snippet:-1","max-image-preview":"max-image-preview:large","max-video-preview":"max-video-preview:-1"},"canonical":"https:\/\/blogscvc.cervantes.es\/martes-neologico\/audiodescripcion\/","og_locale":"es_ES","og_type":"article","og_title":"CVC. Audiodescripci\u00f3n | Martes Neol\u00f3gico","og_description":"Art\u00edculo sobre el neologismo \u00abaudiodescripci\u00f3n\u00bb, dentro del blog Martes Neol\u00f3gico del Centro Virtual Cervantes.","og_url":"https:\/\/blogscvc.cervantes.es\/martes-neologico\/audiodescripcion\/","og_site_name":"Martes Neol\u00f3gico","article_published_time":"2021-03-02T05:00:26+00:00","article_modified_time":"2025-07-29T07:45:05+00:00","og_image":[{"width":750,"height":350,"url":"http:\/\/blogscvc.cervantes.es\/martes-neologico\/wp-content\/uploads\/sites\/2\/2021\/03\/audiodescripcion_350.jpg","type":"image\/jpeg"}],"author":"admin","twitter_card":"summary_large_image","twitter_misc":{"Escrito por":"admin","Tiempo de lectura":"4 minutos"},"schema":{"@context":"https:\/\/schema.org","@graph":[{"@type":"Article","@id":"https:\/\/blogscvc.cervantes.es\/martes-neologico\/audiodescripcion\/#article","isPartOf":{"@id":"https:\/\/blogscvc.cervantes.es\/martes-neologico\/audiodescripcion\/"},"author":{"name":"admin","@id":"https:\/\/blogscvc.cervantes.es\/martes-neologico\/#\/schema\/person\/7e2fd26f886f53b1b2e81721d23acc47"},"headline":"audiodescripci\u00f3n f.","datePublished":"2021-03-02T05:00:26+00:00","dateModified":"2025-07-29T07:45:05+00:00","mainEntityOfPage":{"@id":"https:\/\/blogscvc.cervantes.es\/martes-neologico\/audiodescripcion\/"},"wordCount":918,"commentCount":0,"publisher":{"@id":"https:\/\/blogscvc.cervantes.es\/martes-neologico\/#organization"},"articleSection":["composici\u00f3n h\u00edbrida","comunicaci\u00f3n"],"inLanguage":"es","potentialAction":[{"@type":"CommentAction","name":"Comment","target":["https:\/\/blogscvc.cervantes.es\/martes-neologico\/audiodescripcion\/#respond"]}]},{"@type":"WebPage","@id":"https:\/\/blogscvc.cervantes.es\/martes-neologico\/audiodescripcion\/","url":"https:\/\/blogscvc.cervantes.es\/martes-neologico\/audiodescripcion\/","name":"CVC. Audiodescripci\u00f3n | Martes Neol\u00f3gico","isPartOf":{"@id":"https:\/\/blogscvc.cervantes.es\/martes-neologico\/#website"},"datePublished":"2021-03-02T05:00:26+00:00","dateModified":"2025-07-29T07:45:05+00:00","description":"Art\u00edculo sobre el neologismo \u00abaudiodescripci\u00f3n\u00bb, dentro del blog Martes Neol\u00f3gico del Centro Virtual Cervantes.","breadcrumb":{"@id":"https:\/\/blogscvc.cervantes.es\/martes-neologico\/audiodescripcion\/#breadcrumb"},"inLanguage":"es","potentialAction":[{"@type":"ReadAction","target":["https:\/\/blogscvc.cervantes.es\/martes-neologico\/audiodescripcion\/"]}]},{"@type":"BreadcrumbList","@id":"https:\/\/blogscvc.cervantes.es\/martes-neologico\/audiodescripcion\/#breadcrumb","itemListElement":[{"@type":"ListItem","position":1,"name":"Portada","item":"https:\/\/blogscvc.cervantes.es\/martes-neologico\/"},{"@type":"ListItem","position":2,"name":"audiodescripci\u00f3n f."}]},{"@type":"WebSite","@id":"https:\/\/blogscvc.cervantes.es\/martes-neologico\/#website","url":"https:\/\/blogscvc.cervantes.es\/martes-neologico\/","name":"Martes Neol\u00f3gico","description":"Cada martes, una palabra nueva que podr\u00eda estar en el diccionario","publisher":{"@id":"https:\/\/blogscvc.cervantes.es\/martes-neologico\/#organization"},"potentialAction":[{"@type":"SearchAction","target":{"@type":"EntryPoint","urlTemplate":"https:\/\/blogscvc.cervantes.es\/martes-neologico\/?s={search_term_string}"},"query-input":"required name=search_term_string"}],"inLanguage":"es"},{"@type":"Organization","@id":"https:\/\/blogscvc.cervantes.es\/martes-neologico\/#organization","name":"Martes Neol\u00f3gico","url":"https:\/\/blogscvc.cervantes.es\/martes-neologico\/","logo":{"@type":"ImageObject","inLanguage":"es","@id":"https:\/\/blogscvc.cervantes.es\/martes-neologico\/#\/schema\/logo\/image\/","url":"https:\/\/blogscvc.cervantes.es\/martes-neologico\/wp-content\/uploads\/sites\/2\/2025\/10\/logo-martes-neologico-10-anos.png","contentUrl":"https:\/\/blogscvc.cervantes.es\/martes-neologico\/wp-content\/uploads\/sites\/2\/2025\/10\/logo-martes-neologico-10-anos.png","width":300,"height":100,"caption":"Martes Neol\u00f3gico"},"image":{"@id":"https:\/\/blogscvc.cervantes.es\/martes-neologico\/#\/schema\/logo\/image\/"}},{"@type":"Person","@id":"https:\/\/blogscvc.cervantes.es\/martes-neologico\/#\/schema\/person\/7e2fd26f886f53b1b2e81721d23acc47","name":"admin","image":{"@type":"ImageObject","inLanguage":"es","@id":"https:\/\/blogscvc.cervantes.es\/martes-neologico\/#\/schema\/person\/image\/","url":"https:\/\/secure.gravatar.com\/avatar\/c4b6a365b64e607f3d2ecd9620a7675a?s=96&d=mm&r=g","contentUrl":"https:\/\/secure.gravatar.com\/avatar\/c4b6a365b64e607f3d2ecd9620a7675a?s=96&d=mm&r=g","caption":"admin"},"url":"https:\/\/blogscvc.cervantes.es\/martes-neologico\/author\/admin\/"}]}},"_links":{"self":[{"href":"https:\/\/blogscvc.cervantes.es\/martes-neologico\/wp-json\/wp\/v2\/posts\/7214"}],"collection":[{"href":"https:\/\/blogscvc.cervantes.es\/martes-neologico\/wp-json\/wp\/v2\/posts"}],"about":[{"href":"https:\/\/blogscvc.cervantes.es\/martes-neologico\/wp-json\/wp\/v2\/types\/post"}],"author":[{"embeddable":true,"href":"https:\/\/blogscvc.cervantes.es\/martes-neologico\/wp-json\/wp\/v2\/users\/1"}],"replies":[{"embeddable":true,"href":"https:\/\/blogscvc.cervantes.es\/martes-neologico\/wp-json\/wp\/v2\/comments?post=7214"}],"version-history":[{"count":9,"href":"https:\/\/blogscvc.cervantes.es\/martes-neologico\/wp-json\/wp\/v2\/posts\/7214\/revisions"}],"predecessor-version":[{"id":13231,"href":"https:\/\/blogscvc.cervantes.es\/martes-neologico\/wp-json\/wp\/v2\/posts\/7214\/revisions\/13231"}],"wp:featuredmedia":[{"embeddable":true,"href":"https:\/\/blogscvc.cervantes.es\/martes-neologico\/wp-json\/wp\/v2\/media\/7310"}],"wp:attachment":[{"href":"https:\/\/blogscvc.cervantes.es\/martes-neologico\/wp-json\/wp\/v2\/media?parent=7214"}],"wp:term":[{"taxonomy":"category","embeddable":true,"href":"https:\/\/blogscvc.cervantes.es\/martes-neologico\/wp-json\/wp\/v2\/categories?post=7214"},{"taxonomy":"post_tag","embeddable":true,"href":"https:\/\/blogscvc.cervantes.es\/martes-neologico\/wp-json\/wp\/v2\/tags?post=7214"}],"curies":[{"name":"wp","href":"https:\/\/api.w.org\/{rel}","templated":true}]}}