{"id":8549,"date":"2021-08-24T07:00:00","date_gmt":"2021-08-24T05:00:00","guid":{"rendered":"https:\/\/blogscvc.cervantes.es\/martes-neologico\/?p=8549"},"modified":"2025-07-31T12:58:13","modified_gmt":"2025-07-31T10:58:13","slug":"microplastico","status":"publish","type":"post","link":"https:\/\/blogscvc.cervantes.es\/martes-neologico\/microplastico\/","title":{"rendered":"micropl\u00e1stico <em>m.<\/em>"},"content":{"rendered":"\n<p>Cuando hablamos de amparar al medio ambiente y de luchar contra las devastadoras consecuencias que supone la acumulaci\u00f3n de pl\u00e1sticos, el tama\u00f1o diminuto de estos tambi\u00e9n es un factor, sin duda, altamente relevante. M\u00e1s preocupante si cabe todav\u00eda, si los micropl\u00e1sticos presentes en los oc\u00e9anos, pueden introducirse \u00aben la cadena alimentaria cuando son ingeridos por los peces\u00bb (<em>National Geographic en Espa\u00f1ol<\/em>, 8\/10\/2018).<\/p>\n\n\n<figure class=\"wp-block-image size-large is-style-default\"><a href=\"http:\/\/blogscvc.cervantes.es\/martes-neologico\/wp-content\/uploads\/sites\/2\/2021\/08\/microplastico_500.jpg\"><img decoding=\"async\" src=\"http:\/\/blogscvc.cervantes.es\/martes-neologico\/wp-content\/uploads\/sites\/2\/2021\/08\/microplastico_500.jpg\" alt=\"[fotograf\u00eda] primer plano de un var\u00f3n marcando b\u00edcepsbotella de pl\u00e1stico arrugada y rota sobre un fondo amarillo\" class=\"wp-image-7916\"><\/a><figcaption>\n<p>Stas Knop (Pexels)<\/p>\n<\/figcaption><\/figure>\n\n\n<p>Desde el punto de vista morfol\u00f3gico, <em>micropl\u00e1stico <\/em>se compone del prefijo <em>micro-<\/em> (en su acepci\u00f3n de \u2018muy peque\u00f1o\u2019) y del nombre <em>pl\u00e1stico<\/em>, lo que nos lleva a obtener un significado bastante intuitivo: pl\u00e1stico de poco tama\u00f1o \u2014aquel que no supera los cinco mil\u00edmetros, seg\u00fan apuntan los expertos\u2014. Sin embargo, si buscamos este nombre en el DLE, comprobamos que el diccionario de la Academia no recopila todav\u00eda <em>micropl\u00e1stico<\/em> entre sus entradas, pese a registrar otras como <em>microb\u00fas<\/em>, <em>microcr\u00e9dito<\/em>, <em>microchip<\/em> o <em>microficha<\/em>, en las que el elemento derivativo <em>micro-<\/em> se ha fijado a las respectivas palabras ya formadas (<em>bus<\/em>, <em>cr\u00e9dito<\/em>, <em>chip<\/em> o <em>ficha<\/em>). De hecho, la Fund\u00e9u, en 2018, en su elecci\u00f3n de <em>micropl\u00e1stico<\/em> como palabra del a\u00f1o, ya denunciaba su ausencia en los repertorios lexicogr\u00e1ficos del espa\u00f1ol.<\/p>\n\n\n\n<p>Por el contrario, la preocupaci\u00f3n por salvar la Tierra ha hecho que los medios de comunicaci\u00f3n recurran con mucha frecuencia en los \u00faltimos a\u00f1os al t\u00e9rmino <em>micropl\u00e1stico<\/em>. En concreto, su uso se justifica con las denuncias p\u00fablicas y constantes (pi\u00e9nsese en la activista medioambiental Greta Thunberg) de las consecuencias que supone su hallazgo en los fondos marinos y, consiguientemente, en nuestro cuerpo tras el consumo de pescado o marisco. De esta forma, encontramos <em>micropl\u00e1stico<\/em> documentado en varios art\u00edculos period\u00edsticos:<\/p>\n\n\n\n<ul>\n<li>En el 2050, habr\u00e1 m\u00e1s pl\u00e1stico en el mar que peces. Hoy en d\u00eda ya hay 700 especies de animales marinos que han ingerido pl\u00e1sticos. Se calcula que desde el a\u00f1o 1950, s\u00f3lo un 8 % o un 9 % de los pl\u00e1sticos se han reciclado y un 91 % se han perdido para siempre. Una botella de pl\u00e1stico tarda 500 a\u00f1os en desintegrarse. Cada a\u00f1o, 12 millones de toneladas de pl\u00e1stico acaban en el mar. El pescado, el marisco, la sal, la miel o la cerveza contienen <strong>micropl\u00e1sticos<\/strong> \u2014y los ingerimos. [<em>viaempresa.cat<\/em>. (Espa\u00f1a), 26\/09\/2019]<\/li>\n\n\n\n<li>\u00bfQu\u00e9 pasa en mi cuerpo cuando como un bivalvo, alg\u00fan molusco, un pez de agua salada? En cualquiera de esos casos, lo que uno consume no es solo la carnecita sabrosa de un pescado de carne grasa con omega 3, sino tambi\u00e9n una gran cantidad de <strong>micropl\u00e1stico<\/strong> y metales pesados (entre estos \u00faltimos, tres de los m\u00e1s t\u00f3xicos para el ser humano se encuentran en el pescado: plomo, cadmio y mercurio). [<em>El camino del amor propio. Medicina de la consciencia<\/em> (Chile), 2019, ap. CORPES]<\/li>\n<\/ul>\n\n\n\n<p>En cuanto a su categorizaci\u00f3n gramatical, se trata de un nombre de g\u00e9nero masculino con posibilidad de formulaci\u00f3n tanto en singular como en plural; ahora bien, con mayor frecuencia en su formaci\u00f3n flexiva plural. Concretamente, ofrecemos dos muestras para sendas formulaciones a trav\u00e9s de los siguientes ejemplos:<\/p>\n\n\n\n<ul>\n<li>Detectan por primera vez <strong>micropl\u00e1sticos<\/strong> en un lago de agua dulce del \u00c1rtico [<em>Noticias RTVE<\/em> (Espa\u00f1a), 15\/08\/2019]<\/li>\n\n\n\n<li>\u00bfEn los \u00faltimos a\u00f1os, cu\u00e1nto ha avanzado la contaminaci\u00f3n de <strong>micropl\u00e1stico<\/strong> en nuestro mar? [<em>El Comercio<\/em> (Per\u00fa), 7\/04\/2018]<\/li>\n<\/ul>\n\n\n\n<p>Por otra parte, es importante recordar que <em>micropl\u00e1stico<\/em>, por su formulaci\u00f3n derivada, ha de escribirse en una \u00fanica palabra (sin espacio ni guion entre el prefijo y la voz <em>pl\u00e1stico<\/em>), del mismo modo que lo har\u00eda su ant\u00f3nimo <em>macropl\u00e1stico<\/em>. Asimismo, en cuanto al uso documentado de este \u00faltimo t\u00e9rmino, <em>macropl\u00e1stico<\/em>, cabe aclarar que tampoco queda registrado en los diccionarios y, sorprendentemente, carece de ocurrencias en los corpus CREA, CORDE o Corpes XXI, pese a su empleo en algunos medios. As\u00ed, lo verificamos en este enunciado:<\/p>\n\n\n\n<ul>\n<li>Extraen m\u00e1s de 100 trozos de <strong>macropl\u00e1sticos<\/strong> del interior de una tortuga rescatada en Gran Canaria [Europa Press (Espa\u00f1a), 8\/05\/2020]<\/li>\n<\/ul>\n\n\n\n<p>En definitiva, animamos a los diccionarios, en especial a los de la RAE y la ASALE, y a otros como el <em>Clave,<\/em> el<em> DUE <\/em>o el<em> DEA<\/em>, a que potencien la inclusi\u00f3n de nuevas palabras derivadas en pr\u00f3ximas ediciones o actualizaciones, tal y como lo hacen, por ejemplo, el <em>Diccionario Cambridge<\/em> o el <em>Diccionario Collins<\/em> para el ingl\u00e9s. En otras palabras, <em>micropl\u00e1stico<\/em>, dada la alarmante contaminaci\u00f3n pl\u00e1stica y sus inminentes repercusiones en la vida marina y en la humana, posee una alta frecuencia de uso que bien justificar\u00eda su registro.<\/p>\n\n\n\n<p>Pilar Valero<br>Universidad de Castilla-La Mancha (Espa\u00f1a)<\/p>\n","protected":false},"excerpt":{"rendered":"<p>Desde el punto de vista morfol\u00f3gico, <em>micropl\u00e1stico <\/em>se compone del prefijo <em>micro-<\/em> (en su acepci\u00f3n de \u2018muy peque\u00f1o\u2019) y del nombre <em>pl\u00e1stico<\/em>, lo que nos lleva a obtener un significado bastante intuitivo: pl\u00e1stico de poco tama\u00f1o \u2014aquel que no supera los cinco mil\u00edmetros, seg\u00fan apuntan los expertos\u2014. Sin embargo, si buscamos este nombre en el DLE, comprobamos que el diccionario de la Academia no recopila todav\u00eda <em>micropl\u00e1stico<\/em> entre sus entradas, pese a registrar otras como <em>microb\u00fas<\/em>, <em>microcr\u00e9dito<\/em>, <em>microchip<\/em> o <em>microficha<\/em>, en las que el elemento derivativo <em>micro-<\/em> se ha fijado a las respectivas palabras ya formadas (<em>bus<\/em>, <em>cr\u00e9dito<\/em>, <em>chip<\/em> o <em>ficha<\/em>). De hecho, la Fund\u00e9u, en 2018, en su elecci\u00f3n de <em>micropl\u00e1stico<\/em> como palabra del a\u00f1o, ya denunciaba su ausencia en los repertorios lexicogr\u00e1ficos del espa\u00f1ol.<\/p>\n","protected":false},"author":1,"featured_media":8555,"comment_status":"open","ping_status":"open","sticky":false,"template":"","format":"standard","meta":{"_mi_skip_tracking":false,"_s2mail":""},"categories":[206,76,52],"tags":[],"yoast_head":"<!-- This site is optimized with the Yoast SEO plugin v20.6 - https:\/\/yoast.com\/wordpress\/plugins\/seo\/ -->\n<title>CVC. Micropl\u00e1stico | Martes Neol\u00f3gico<\/title>\n<meta name=\"description\" content=\"Art\u00edculo sobre el neologismo \u00abmicropl\u00e1stico\u00bb, dentro del blog Martes Neol\u00f3gico del Centro Virtual Cervantes.\" \/>\n<meta name=\"robots\" content=\"index, follow, max-snippet:-1, max-image-preview:large, max-video-preview:-1\" \/>\n<link rel=\"canonical\" href=\"https:\/\/blogscvc.cervantes.es\/martes-neologico\/microplastico\/\" \/>\n<meta property=\"og:locale\" content=\"es_ES\" \/>\n<meta property=\"og:type\" content=\"article\" \/>\n<meta property=\"og:title\" content=\"CVC. Micropl\u00e1stico | Martes Neol\u00f3gico\" \/>\n<meta property=\"og:description\" content=\"Art\u00edculo sobre el neologismo \u00abmicropl\u00e1stico\u00bb, dentro del blog Martes Neol\u00f3gico del Centro Virtual Cervantes.\" \/>\n<meta property=\"og:url\" content=\"https:\/\/blogscvc.cervantes.es\/martes-neologico\/microplastico\/\" \/>\n<meta property=\"og:site_name\" content=\"Martes Neol\u00f3gico\" \/>\n<meta property=\"article:published_time\" content=\"2021-08-24T05:00:00+00:00\" \/>\n<meta property=\"article:modified_time\" content=\"2025-07-31T10:58:13+00:00\" \/>\n<meta property=\"og:image\" content=\"http:\/\/blogscvc.cervantes.es\/martes-neologico\/wp-content\/uploads\/sites\/2\/2021\/08\/microplastico_350.jpg\" \/>\n\t<meta property=\"og:image:width\" content=\"750\" \/>\n\t<meta property=\"og:image:height\" content=\"350\" \/>\n\t<meta property=\"og:image:type\" content=\"image\/jpeg\" \/>\n<meta name=\"author\" content=\"admin\" \/>\n<meta name=\"twitter:card\" content=\"summary_large_image\" \/>\n<meta name=\"twitter:label1\" content=\"Escrito por\" \/>\n\t<meta name=\"twitter:data1\" content=\"admin\" \/>\n\t<meta name=\"twitter:label2\" content=\"Tiempo de lectura\" \/>\n\t<meta name=\"twitter:data2\" content=\"4 minutos\" \/>\n<script type=\"application\/ld+json\" class=\"yoast-schema-graph\">{\"@context\":\"https:\/\/schema.org\",\"@graph\":[{\"@type\":\"Article\",\"@id\":\"https:\/\/blogscvc.cervantes.es\/martes-neologico\/microplastico\/#article\",\"isPartOf\":{\"@id\":\"https:\/\/blogscvc.cervantes.es\/martes-neologico\/microplastico\/\"},\"author\":{\"name\":\"admin\",\"@id\":\"https:\/\/blogscvc.cervantes.es\/martes-neologico\/#\/schema\/person\/7e2fd26f886f53b1b2e81721d23acc47\"},\"headline\":\"micropl\u00e1stico m.\",\"datePublished\":\"2021-08-24T05:00:00+00:00\",\"dateModified\":\"2025-07-31T10:58:13+00:00\",\"mainEntityOfPage\":{\"@id\":\"https:\/\/blogscvc.cervantes.es\/martes-neologico\/microplastico\/\"},\"wordCount\":803,\"commentCount\":0,\"publisher\":{\"@id\":\"https:\/\/blogscvc.cervantes.es\/martes-neologico\/#organization\"},\"articleSection\":[\"diccionarizado\",\"medio ambiente\",\"prefijaci\u00f3n\"],\"inLanguage\":\"es\",\"potentialAction\":[{\"@type\":\"CommentAction\",\"name\":\"Comment\",\"target\":[\"https:\/\/blogscvc.cervantes.es\/martes-neologico\/microplastico\/#respond\"]}]},{\"@type\":\"WebPage\",\"@id\":\"https:\/\/blogscvc.cervantes.es\/martes-neologico\/microplastico\/\",\"url\":\"https:\/\/blogscvc.cervantes.es\/martes-neologico\/microplastico\/\",\"name\":\"CVC. Micropl\u00e1stico | Martes Neol\u00f3gico\",\"isPartOf\":{\"@id\":\"https:\/\/blogscvc.cervantes.es\/martes-neologico\/#website\"},\"datePublished\":\"2021-08-24T05:00:00+00:00\",\"dateModified\":\"2025-07-31T10:58:13+00:00\",\"description\":\"Art\u00edculo sobre el neologismo \u00abmicropl\u00e1stico\u00bb, dentro del blog Martes Neol\u00f3gico del Centro Virtual Cervantes.\",\"breadcrumb\":{\"@id\":\"https:\/\/blogscvc.cervantes.es\/martes-neologico\/microplastico\/#breadcrumb\"},\"inLanguage\":\"es\",\"potentialAction\":[{\"@type\":\"ReadAction\",\"target\":[\"https:\/\/blogscvc.cervantes.es\/martes-neologico\/microplastico\/\"]}]},{\"@type\":\"BreadcrumbList\",\"@id\":\"https:\/\/blogscvc.cervantes.es\/martes-neologico\/microplastico\/#breadcrumb\",\"itemListElement\":[{\"@type\":\"ListItem\",\"position\":1,\"name\":\"Portada\",\"item\":\"https:\/\/blogscvc.cervantes.es\/martes-neologico\/\"},{\"@type\":\"ListItem\",\"position\":2,\"name\":\"micropl\u00e1stico m.\"}]},{\"@type\":\"WebSite\",\"@id\":\"https:\/\/blogscvc.cervantes.es\/martes-neologico\/#website\",\"url\":\"https:\/\/blogscvc.cervantes.es\/martes-neologico\/\",\"name\":\"Martes Neol\u00f3gico\",\"description\":\"Cada martes, una palabra nueva que podr\u00eda estar en el diccionario\",\"publisher\":{\"@id\":\"https:\/\/blogscvc.cervantes.es\/martes-neologico\/#organization\"},\"potentialAction\":[{\"@type\":\"SearchAction\",\"target\":{\"@type\":\"EntryPoint\",\"urlTemplate\":\"https:\/\/blogscvc.cervantes.es\/martes-neologico\/?s={search_term_string}\"},\"query-input\":\"required name=search_term_string\"}],\"inLanguage\":\"es\"},{\"@type\":\"Organization\",\"@id\":\"https:\/\/blogscvc.cervantes.es\/martes-neologico\/#organization\",\"name\":\"Martes Neol\u00f3gico\",\"url\":\"https:\/\/blogscvc.cervantes.es\/martes-neologico\/\",\"logo\":{\"@type\":\"ImageObject\",\"inLanguage\":\"es\",\"@id\":\"https:\/\/blogscvc.cervantes.es\/martes-neologico\/#\/schema\/logo\/image\/\",\"url\":\"https:\/\/blogscvc.cervantes.es\/martes-neologico\/wp-content\/uploads\/sites\/2\/2025\/10\/logo-martes-neologico-10-anos.png\",\"contentUrl\":\"https:\/\/blogscvc.cervantes.es\/martes-neologico\/wp-content\/uploads\/sites\/2\/2025\/10\/logo-martes-neologico-10-anos.png\",\"width\":300,\"height\":100,\"caption\":\"Martes Neol\u00f3gico\"},\"image\":{\"@id\":\"https:\/\/blogscvc.cervantes.es\/martes-neologico\/#\/schema\/logo\/image\/\"}},{\"@type\":\"Person\",\"@id\":\"https:\/\/blogscvc.cervantes.es\/martes-neologico\/#\/schema\/person\/7e2fd26f886f53b1b2e81721d23acc47\",\"name\":\"admin\",\"image\":{\"@type\":\"ImageObject\",\"inLanguage\":\"es\",\"@id\":\"https:\/\/blogscvc.cervantes.es\/martes-neologico\/#\/schema\/person\/image\/\",\"url\":\"https:\/\/secure.gravatar.com\/avatar\/c4b6a365b64e607f3d2ecd9620a7675a?s=96&d=mm&r=g\",\"contentUrl\":\"https:\/\/secure.gravatar.com\/avatar\/c4b6a365b64e607f3d2ecd9620a7675a?s=96&d=mm&r=g\",\"caption\":\"admin\"},\"url\":\"https:\/\/blogscvc.cervantes.es\/martes-neologico\/author\/admin\/\"}]}<\/script>\n<!-- \/ Yoast SEO plugin. -->","yoast_head_json":{"title":"CVC. Micropl\u00e1stico | Martes Neol\u00f3gico","description":"Art\u00edculo sobre el neologismo \u00abmicropl\u00e1stico\u00bb, dentro del blog Martes Neol\u00f3gico del Centro Virtual Cervantes.","robots":{"index":"index","follow":"follow","max-snippet":"max-snippet:-1","max-image-preview":"max-image-preview:large","max-video-preview":"max-video-preview:-1"},"canonical":"https:\/\/blogscvc.cervantes.es\/martes-neologico\/microplastico\/","og_locale":"es_ES","og_type":"article","og_title":"CVC. Micropl\u00e1stico | Martes Neol\u00f3gico","og_description":"Art\u00edculo sobre el neologismo \u00abmicropl\u00e1stico\u00bb, dentro del blog Martes Neol\u00f3gico del Centro Virtual Cervantes.","og_url":"https:\/\/blogscvc.cervantes.es\/martes-neologico\/microplastico\/","og_site_name":"Martes Neol\u00f3gico","article_published_time":"2021-08-24T05:00:00+00:00","article_modified_time":"2025-07-31T10:58:13+00:00","og_image":[{"width":750,"height":350,"url":"http:\/\/blogscvc.cervantes.es\/martes-neologico\/wp-content\/uploads\/sites\/2\/2021\/08\/microplastico_350.jpg","type":"image\/jpeg"}],"author":"admin","twitter_card":"summary_large_image","twitter_misc":{"Escrito por":"admin","Tiempo de lectura":"4 minutos"},"schema":{"@context":"https:\/\/schema.org","@graph":[{"@type":"Article","@id":"https:\/\/blogscvc.cervantes.es\/martes-neologico\/microplastico\/#article","isPartOf":{"@id":"https:\/\/blogscvc.cervantes.es\/martes-neologico\/microplastico\/"},"author":{"name":"admin","@id":"https:\/\/blogscvc.cervantes.es\/martes-neologico\/#\/schema\/person\/7e2fd26f886f53b1b2e81721d23acc47"},"headline":"micropl\u00e1stico m.","datePublished":"2021-08-24T05:00:00+00:00","dateModified":"2025-07-31T10:58:13+00:00","mainEntityOfPage":{"@id":"https:\/\/blogscvc.cervantes.es\/martes-neologico\/microplastico\/"},"wordCount":803,"commentCount":0,"publisher":{"@id":"https:\/\/blogscvc.cervantes.es\/martes-neologico\/#organization"},"articleSection":["diccionarizado","medio ambiente","prefijaci\u00f3n"],"inLanguage":"es","potentialAction":[{"@type":"CommentAction","name":"Comment","target":["https:\/\/blogscvc.cervantes.es\/martes-neologico\/microplastico\/#respond"]}]},{"@type":"WebPage","@id":"https:\/\/blogscvc.cervantes.es\/martes-neologico\/microplastico\/","url":"https:\/\/blogscvc.cervantes.es\/martes-neologico\/microplastico\/","name":"CVC. Micropl\u00e1stico | Martes Neol\u00f3gico","isPartOf":{"@id":"https:\/\/blogscvc.cervantes.es\/martes-neologico\/#website"},"datePublished":"2021-08-24T05:00:00+00:00","dateModified":"2025-07-31T10:58:13+00:00","description":"Art\u00edculo sobre el neologismo \u00abmicropl\u00e1stico\u00bb, dentro del blog Martes Neol\u00f3gico del Centro Virtual Cervantes.","breadcrumb":{"@id":"https:\/\/blogscvc.cervantes.es\/martes-neologico\/microplastico\/#breadcrumb"},"inLanguage":"es","potentialAction":[{"@type":"ReadAction","target":["https:\/\/blogscvc.cervantes.es\/martes-neologico\/microplastico\/"]}]},{"@type":"BreadcrumbList","@id":"https:\/\/blogscvc.cervantes.es\/martes-neologico\/microplastico\/#breadcrumb","itemListElement":[{"@type":"ListItem","position":1,"name":"Portada","item":"https:\/\/blogscvc.cervantes.es\/martes-neologico\/"},{"@type":"ListItem","position":2,"name":"micropl\u00e1stico m."}]},{"@type":"WebSite","@id":"https:\/\/blogscvc.cervantes.es\/martes-neologico\/#website","url":"https:\/\/blogscvc.cervantes.es\/martes-neologico\/","name":"Martes Neol\u00f3gico","description":"Cada martes, una palabra nueva que podr\u00eda estar en el diccionario","publisher":{"@id":"https:\/\/blogscvc.cervantes.es\/martes-neologico\/#organization"},"potentialAction":[{"@type":"SearchAction","target":{"@type":"EntryPoint","urlTemplate":"https:\/\/blogscvc.cervantes.es\/martes-neologico\/?s={search_term_string}"},"query-input":"required name=search_term_string"}],"inLanguage":"es"},{"@type":"Organization","@id":"https:\/\/blogscvc.cervantes.es\/martes-neologico\/#organization","name":"Martes Neol\u00f3gico","url":"https:\/\/blogscvc.cervantes.es\/martes-neologico\/","logo":{"@type":"ImageObject","inLanguage":"es","@id":"https:\/\/blogscvc.cervantes.es\/martes-neologico\/#\/schema\/logo\/image\/","url":"https:\/\/blogscvc.cervantes.es\/martes-neologico\/wp-content\/uploads\/sites\/2\/2025\/10\/logo-martes-neologico-10-anos.png","contentUrl":"https:\/\/blogscvc.cervantes.es\/martes-neologico\/wp-content\/uploads\/sites\/2\/2025\/10\/logo-martes-neologico-10-anos.png","width":300,"height":100,"caption":"Martes Neol\u00f3gico"},"image":{"@id":"https:\/\/blogscvc.cervantes.es\/martes-neologico\/#\/schema\/logo\/image\/"}},{"@type":"Person","@id":"https:\/\/blogscvc.cervantes.es\/martes-neologico\/#\/schema\/person\/7e2fd26f886f53b1b2e81721d23acc47","name":"admin","image":{"@type":"ImageObject","inLanguage":"es","@id":"https:\/\/blogscvc.cervantes.es\/martes-neologico\/#\/schema\/person\/image\/","url":"https:\/\/secure.gravatar.com\/avatar\/c4b6a365b64e607f3d2ecd9620a7675a?s=96&d=mm&r=g","contentUrl":"https:\/\/secure.gravatar.com\/avatar\/c4b6a365b64e607f3d2ecd9620a7675a?s=96&d=mm&r=g","caption":"admin"},"url":"https:\/\/blogscvc.cervantes.es\/martes-neologico\/author\/admin\/"}]}},"_links":{"self":[{"href":"https:\/\/blogscvc.cervantes.es\/martes-neologico\/wp-json\/wp\/v2\/posts\/8549"}],"collection":[{"href":"https:\/\/blogscvc.cervantes.es\/martes-neologico\/wp-json\/wp\/v2\/posts"}],"about":[{"href":"https:\/\/blogscvc.cervantes.es\/martes-neologico\/wp-json\/wp\/v2\/types\/post"}],"author":[{"embeddable":true,"href":"https:\/\/blogscvc.cervantes.es\/martes-neologico\/wp-json\/wp\/v2\/users\/1"}],"replies":[{"embeddable":true,"href":"https:\/\/blogscvc.cervantes.es\/martes-neologico\/wp-json\/wp\/v2\/comments?post=8549"}],"version-history":[{"count":2,"href":"https:\/\/blogscvc.cervantes.es\/martes-neologico\/wp-json\/wp\/v2\/posts\/8549\/revisions"}],"predecessor-version":[{"id":11669,"href":"https:\/\/blogscvc.cervantes.es\/martes-neologico\/wp-json\/wp\/v2\/posts\/8549\/revisions\/11669"}],"wp:featuredmedia":[{"embeddable":true,"href":"https:\/\/blogscvc.cervantes.es\/martes-neologico\/wp-json\/wp\/v2\/media\/8555"}],"wp:attachment":[{"href":"https:\/\/blogscvc.cervantes.es\/martes-neologico\/wp-json\/wp\/v2\/media?parent=8549"}],"wp:term":[{"taxonomy":"category","embeddable":true,"href":"https:\/\/blogscvc.cervantes.es\/martes-neologico\/wp-json\/wp\/v2\/categories?post=8549"},{"taxonomy":"post_tag","embeddable":true,"href":"https:\/\/blogscvc.cervantes.es\/martes-neologico\/wp-json\/wp\/v2\/tags?post=8549"}],"curies":[{"name":"wp","href":"https:\/\/api.w.org\/{rel}","templated":true}]}}