{"id":8579,"date":"2021-08-31T07:00:00","date_gmt":"2021-08-31T05:00:00","guid":{"rendered":"https:\/\/blogscvc.cervantes.es\/martes-neologico\/?p=8579"},"modified":"2025-12-18T15:33:49","modified_gmt":"2025-12-18T13:33:49","slug":"gif","status":"publish","type":"post","link":"https:\/\/blogscvc.cervantes.es\/martes-neologico\/gif\/","title":{"rendered":"gif <em>m.<\/em>"},"content":{"rendered":"<p>En 1987, el inform\u00e1tico Steve Wilhite cre\u00f3 y populariz\u00f3 una extensi\u00f3n de archivo gr\u00e1fico digital que permit\u00eda el despliegue en internet de im\u00e1genes animadas y <em>banners<\/em> \u2014esto es, pancartas publicitarias para p\u00e1ginas web\u2014 de manera eficiente y en color. As\u00ed nac\u00edan los <em>gifs<\/em> (acr\u00f3nimo del sintagma ingl\u00e9s <em>graphics interchange format<\/em>), cuya introducci\u00f3n, tal vez a modo de preludio de su extraordinario rol como medio de expresi\u00f3n de las culturas pop y meme, estuvo marcada por un caricaturesco debate de ra\u00edz capitalista, todav\u00eda vigente, a prop\u00f3sito de su nombre: \u00bfc\u00f3mo deber\u00eda pronunciarse, \/gif\/ o \/\u02a4if\/?<\/p>\n<figure class=\"wp-block-image size-large is-style-default\"><a href=\"http:\/\/blogscvc.cervantes.es\/martes-neologico\/wp-content\/uploads\/sites\/2\/2021\/08\/gif_500.gif\"><img decoding=\"async\" src=\"http:\/\/blogscvc.cervantes.es\/martes-neologico\/wp-content\/uploads\/sites\/2\/2021\/08\/gif_500.gif\" alt=\"[dibujo] archivo animado de una mujer joven con el pelo agitado por el viento\" class=\"wp-image-7916\"><\/a><figcaption>Google Images<br \/>\n<\/figcaption><\/figure>\n<p>A pesar de que el sentido com\u00fan parezca indicar que la primera opci\u00f3n es la adecuada \u2014dado que hemos visto que la letra <em>g<\/em> proviene de <em>graphics<\/em>\u2014, el origen de la disyuntiva lo encontramos en el eslogan \u00ab<em>choosy mothers choose Jif<\/em>\u00bb (\u2018las madres exigentes eligen Jif\u2019), de la marca de crema de cacahuete hom\u00f3nima, que Wilhite quiso adaptar a su propio producto: \u00ab<em>choosy developers choose <\/em><em>\/\u02a4<\/em><em>if\/<\/em>\u00bb (\u2018los programadores exigentes eligen \/\u02a4if\/\u2019). M\u00e1s a\u00fan: nosotros, como hispanohablantes, podr\u00edamos a\u00f1adir a esta dicotom\u00eda una realizaci\u00f3n adicional: \/xif\/. As\u00ed pues, con independencia de la l\u00f3gica o la postura del inventor e igual que el dilema del huevo o la gallina, esta cuesti\u00f3n constituye una inagotable fuente de pol\u00e9mica que de vez en cuando vuelve a ser tendencia en Twitter o a parodiarse en alguna serie televisiva de gran audiencia y actualidad como <em>The Big Bang Theory<\/em>.<\/p>\n<p>Por lo que respecta a su condici\u00f3n neol\u00f3gica, en 2012 la voz <em>gif <\/em>fue incluida en y reconocida como palabra del a\u00f1o por los <em>Oxford Dictionaries <\/em>(<em>English<\/em> y <em>American<\/em>); aparece tambi\u00e9n en el <em>Cambridge Dictionary<\/em>, as\u00ed como en el referente del ingl\u00e9s americano <em>Merriam-Webster\u2019s Collegiate Dictionary<\/em>, todas ellas obras lexicogr\u00e1ficas que admiten las dos pronunciaciones arriba se\u00f1aladas. En los diccionarios acad\u00e9micos de la lengua espa\u00f1ola, con todo, el anglicismo no se halla recogido, si bien el OBNEO documenta copiosos usos de este en las distintas variantes diat\u00f3picas del idioma. Esto no es de extra\u00f1ar, pues los <em>gifs<\/em> han permeado tanto los \u00e1mbitos p\u00fablico \u2014por ejemplo, en publicaciones y memes virales de sitios web y redes sociales\u2014 como privado \u2014pensamos en aplicaciones de mensajer\u00eda instant\u00e1nea, que democratizan hasta su creaci\u00f3n a t\u00edtulo personal\u2014 de nuestra cotidianeidad. As\u00ed lo atestiguan los siguientes ejemplos:<\/p>\n<ul>\n<li>El abanico de memes (muchos de ellos con los rostros de diversos pol\u00edticos locales), <strong>gifs <\/strong>y publicaciones que invadieron redes sociales y medios durante semanas. [<em>El Comercio <\/em>(Per\u00fa), 29\/04\/2017]<\/li>\n<li>La aplicaci\u00f3n de mensajer\u00eda permite mandar <strong>gifs<\/strong>, hacer selfies frontales con flash, hacer zoom cuando grabamos un v\u00eddeo o m\u00e1s facilidades para reenviar mensajes. [<em>La Vanguardia <\/em>(Espa\u00f1a), 13\/09\/2016]<\/li>\n<li>Aprenda a crear sus propios <strong>gifs <\/strong> [<em>El Tiempo <\/em>(Colombia), 27\/07\/2014]<\/li>\n<\/ul>\n<p>Como cabr\u00eda esperar, por su localizado alumbramiento, el CORDE no devuelve ninguna ocurrencia del t\u00e9rmino. No obstante, los primeros usos registrados en el CREA fechan de 1994, se repiten hasta el 2000 y, con arreglo a lo observado en el CORPES XXI, se mantienen hasta nuestros d\u00edas, cada vez con m\u00e1s asiduidad y sobre todo en reportajes de ciencia y tecnolog\u00eda \u2014de 20 resultados pasamos a 136, aunque algunos de ellos correspondan en realidad a \u2018Gestor de Infraestructuras Ferroviarias\u2019\u2014. Nuevamente, se ratifica la universalidad de la palabra: en Espa\u00f1a, R\u00edo de la Plata, M\u00e9xico y Centroam\u00e9rica, muestra una frecuencia normalizada muy similar (\u2248 0,5), lo que no es \u00f3bice para que su uso est\u00e9 m\u00e1s extendido en los EE.UU. (\u2248 1,26). S\u00ed se aprecia una menor presencia de la voz en las zonas chilena y andina (\u2248 0,05-0,1).<\/p>\n<p>A diferencia de lo que reflejan los ejemplos de antes, sin embargo, la notaci\u00f3n del vocablo que se prefiere, en estos corpus igual que en los diccionarios acad\u00e9micos del ingl\u00e9s \u2014con la excepci\u00f3n del <em>Cambridge<\/em>, que contempla las dos variantes\u2014 y en el DUE, es <em>GIF<\/em>, como sigla; por el contrario, en <em>Clave<\/em> lo descubrimos como acr\u00f3nimo. No podemos contrastar esta elecci\u00f3n con las de Alvar y Alvar2, la del DEA, la de NEOMM o la del VOXUSO, pues no lo recogen. En lo tocante a otras lenguas europeas, comprobamos que el pr\u00e9stamo tampoco est\u00e1 comprendido ni en el <em>Gran diccionari de la llengua catalana<\/em>, ni en el <em>Dizionario Hoepli della lingua italiana<\/em>, ni en el <em>Dicion\u00e1rio da l\u00edngua portuguesa <\/em>de Porto Editora; s\u00ed lo est\u00e1, en cambio, en el <em>Dictionnaire Larousse de la langue fran\u00e7aise <\/em>\u2014con ambas opciones, <em>GIF<\/em> y <em>gif<\/em>\u2014 y en el <em>Duden W\u00f6rterbuch <\/em>\u2014solamente con <em>GIF<\/em>\u2014, quiz\u00e1s por mayor proximidad ling\u00fc\u00edstica respecto del ingl\u00e9s.<\/p>\n<p>Dec\u00edamos antes que los <em>gifs<\/em> se han convertido en una herramienta comunicativa presente en la realidad inmediata de muchos de nosotros: tanto es as\u00ed que en la lengua inglesa ya ha empezado a emplearse la palabra como un verbo. Aunque este hecho encaje a la perfecci\u00f3n con una \u00e9poca del talante visual de la que estamos viviendo, no deja de sorprender que un elemento cuya animaci\u00f3n es a menudo tan breve (y, sobre todo, de dudosa calidad) haya prosperado tanto y disfrute de semejante longevidad con competidores como las CGI y el 4K. O quiz\u00e1s su encanto resida precisamente en esa sencillez, no s\u00e9 si infantil, que nos permite jugar y dejar de tomarnos tan en serio a nosotros mismos y a nuestro c\u00edrculo m\u00e1s cercano:<\/p>\n<ul>\n<li>Si recordaste a alguna pareja de amigos no dudes en descargar y enviarle el <strong>GIF<\/strong> que corresponde a su relaci\u00f3n. [<em>El Universal <\/em>(Venezuela), 14\/02\/2017]<\/li>\n<li>Y es que la intenci\u00f3n del acuerdo es que los<strong> GIF<\/strong> y stickers brinden a las personas maneras m\u00e1s significativas y creativas de expresarse. \u00abVemos lo positivo en c\u00f3mo las personas usan GIPHY en nuestros productos hoy, y sabemos que unir la creatividad y el talento del equipo GIPHY con el nuestro s\u00f3lo acelerar\u00e1 la forma en que las personas usan la comunicaci\u00f3n visual para conectar\u00bb. [<em>mx <\/em>(M\u00e9xico), 15\/05\/2020]<\/li>\n<\/ul>\n<p>Como tantas otras coincidencias po\u00e9ticas en la curiosa historia de estas ic\u00f3nicas im\u00e1genes que se repiten en bucle, la <em>i<\/em> de <em>interchange<\/em> \u2014en su sentido literal, un \u2018intercambio\u2019 referido a la f\u00e1cil traslaci\u00f3n de datos entre programas de distinta \u00edndole gracias al modo en que dicha informaci\u00f3n se codifica\u2014 tambi\u00e9n parece haber sido un presagio del uso social que iban a tener.<\/p>\n<p>Inmaculada L\u00f3pez Sol\u00e0<br \/>\nGR@EL, Grup de Recerca en Aprenentatge i Ensenyament de Lleng\u00fces<br \/>\nUniversitat Pompeu Fabra (Espa\u00f1a)<\/p>\n","protected":false},"excerpt":{"rendered":"<p>En 1987, el inform\u00e1tico Steve Wilhite cre\u00f3 y populariz\u00f3 una extensi\u00f3n de archivo gr\u00e1fico digital que permit\u00eda el despliegue en internet de im\u00e1genes animadas y <em>banners<\/em> \u2014esto es, pancartas publicitarias para p\u00e1ginas web\u2014 de manera eficiente y en color. As\u00ed nac\u00edan los <em>gifs<\/em> (acr\u00f3nimo del sintagma ingl\u00e9s <em>graphics interchange format<\/em>), cuya introducci\u00f3n, tal vez a modo de preludio de su extraordinario rol como medio de expresi\u00f3n de las culturas pop y meme, estuvo marcada por un caricaturesco debate de ra\u00edz capitalista, todav\u00eda vigente, a prop\u00f3sito de su nombre: \u00bfc\u00f3mo deber\u00eda pronunciarse, \/gif\/ o \/\u02a4if\/?<\/p>\n","protected":false},"author":1,"featured_media":8585,"comment_status":"open","ping_status":"open","sticky":false,"template":"","format":"standard","meta":{"_mi_skip_tracking":false,"_s2mail":""},"categories":[206,58,256,274],"tags":[],"yoast_head":"<!-- This site is optimized with the Yoast SEO plugin v20.6 - https:\/\/yoast.com\/wordpress\/plugins\/seo\/ -->\n<title>CVC. Gif | Martes Neol\u00f3gico<\/title>\n<meta name=\"description\" content=\"Art\u00edculo sobre el neologismo \u00abgif\u00bb, dentro del blog Martes Neol\u00f3gico del Centro Virtual Cervantes.\" \/>\n<meta name=\"robots\" content=\"index, follow, max-snippet:-1, max-image-preview:large, max-video-preview:-1\" \/>\n<link rel=\"canonical\" href=\"https:\/\/blogscvc.cervantes.es\/martes-neologico\/gif\/\" \/>\n<meta property=\"og:locale\" content=\"es_ES\" \/>\n<meta property=\"og:type\" content=\"article\" \/>\n<meta property=\"og:title\" content=\"CVC. Gif | Martes Neol\u00f3gico\" \/>\n<meta property=\"og:description\" content=\"Art\u00edculo sobre el neologismo \u00abgif\u00bb, dentro del blog Martes Neol\u00f3gico del Centro Virtual Cervantes.\" \/>\n<meta property=\"og:url\" content=\"https:\/\/blogscvc.cervantes.es\/martes-neologico\/gif\/\" \/>\n<meta property=\"og:site_name\" content=\"Martes Neol\u00f3gico\" \/>\n<meta property=\"article:published_time\" content=\"2021-08-31T05:00:00+00:00\" \/>\n<meta property=\"article:modified_time\" content=\"2025-12-18T13:33:49+00:00\" \/>\n<meta property=\"og:image\" content=\"http:\/\/blogscvc.cervantes.es\/martes-neologico\/wp-content\/uploads\/sites\/2\/2021\/08\/gif_350.gif\" \/>\n\t<meta property=\"og:image:width\" content=\"750\" \/>\n\t<meta property=\"og:image:height\" content=\"350\" \/>\n\t<meta property=\"og:image:type\" content=\"image\/gif\" \/>\n<meta name=\"author\" content=\"admin\" \/>\n<meta name=\"twitter:card\" content=\"summary_large_image\" \/>\n<meta name=\"twitter:label1\" content=\"Escrito por\" \/>\n\t<meta name=\"twitter:data1\" content=\"admin\" \/>\n\t<meta name=\"twitter:label2\" content=\"Tiempo de lectura\" \/>\n\t<meta name=\"twitter:data2\" content=\"5 minutos\" \/>\n<script type=\"application\/ld+json\" class=\"yoast-schema-graph\">{\"@context\":\"https:\/\/schema.org\",\"@graph\":[{\"@type\":\"Article\",\"@id\":\"https:\/\/blogscvc.cervantes.es\/martes-neologico\/gif\/#article\",\"isPartOf\":{\"@id\":\"https:\/\/blogscvc.cervantes.es\/martes-neologico\/gif\/\"},\"author\":{\"name\":\"admin\",\"@id\":\"https:\/\/blogscvc.cervantes.es\/martes-neologico\/#\/schema\/person\/7e2fd26f886f53b1b2e81721d23acc47\"},\"headline\":\"gif m.\",\"datePublished\":\"2021-08-31T05:00:00+00:00\",\"dateModified\":\"2025-12-18T13:33:49+00:00\",\"mainEntityOfPage\":{\"@id\":\"https:\/\/blogscvc.cervantes.es\/martes-neologico\/gif\/\"},\"wordCount\":1127,\"commentCount\":0,\"publisher\":{\"@id\":\"https:\/\/blogscvc.cervantes.es\/martes-neologico\/#organization\"},\"articleSection\":[\"diccionarizado\",\"inform\u00e1tica\",\"ingl\u00e9s\",\"pr\u00e9stamo\"],\"inLanguage\":\"es\",\"potentialAction\":[{\"@type\":\"CommentAction\",\"name\":\"Comment\",\"target\":[\"https:\/\/blogscvc.cervantes.es\/martes-neologico\/gif\/#respond\"]}]},{\"@type\":\"WebPage\",\"@id\":\"https:\/\/blogscvc.cervantes.es\/martes-neologico\/gif\/\",\"url\":\"https:\/\/blogscvc.cervantes.es\/martes-neologico\/gif\/\",\"name\":\"CVC. Gif | Martes Neol\u00f3gico\",\"isPartOf\":{\"@id\":\"https:\/\/blogscvc.cervantes.es\/martes-neologico\/#website\"},\"datePublished\":\"2021-08-31T05:00:00+00:00\",\"dateModified\":\"2025-12-18T13:33:49+00:00\",\"description\":\"Art\u00edculo sobre el neologismo \u00abgif\u00bb, dentro del blog Martes Neol\u00f3gico del Centro Virtual Cervantes.\",\"breadcrumb\":{\"@id\":\"https:\/\/blogscvc.cervantes.es\/martes-neologico\/gif\/#breadcrumb\"},\"inLanguage\":\"es\",\"potentialAction\":[{\"@type\":\"ReadAction\",\"target\":[\"https:\/\/blogscvc.cervantes.es\/martes-neologico\/gif\/\"]}]},{\"@type\":\"BreadcrumbList\",\"@id\":\"https:\/\/blogscvc.cervantes.es\/martes-neologico\/gif\/#breadcrumb\",\"itemListElement\":[{\"@type\":\"ListItem\",\"position\":1,\"name\":\"Portada\",\"item\":\"https:\/\/blogscvc.cervantes.es\/martes-neologico\/\"},{\"@type\":\"ListItem\",\"position\":2,\"name\":\"gif m.\"}]},{\"@type\":\"WebSite\",\"@id\":\"https:\/\/blogscvc.cervantes.es\/martes-neologico\/#website\",\"url\":\"https:\/\/blogscvc.cervantes.es\/martes-neologico\/\",\"name\":\"Martes Neol\u00f3gico\",\"description\":\"Cada martes, una palabra nueva que podr\u00eda estar en el diccionario\",\"publisher\":{\"@id\":\"https:\/\/blogscvc.cervantes.es\/martes-neologico\/#organization\"},\"potentialAction\":[{\"@type\":\"SearchAction\",\"target\":{\"@type\":\"EntryPoint\",\"urlTemplate\":\"https:\/\/blogscvc.cervantes.es\/martes-neologico\/?s={search_term_string}\"},\"query-input\":\"required name=search_term_string\"}],\"inLanguage\":\"es\"},{\"@type\":\"Organization\",\"@id\":\"https:\/\/blogscvc.cervantes.es\/martes-neologico\/#organization\",\"name\":\"Martes Neol\u00f3gico\",\"url\":\"https:\/\/blogscvc.cervantes.es\/martes-neologico\/\",\"logo\":{\"@type\":\"ImageObject\",\"inLanguage\":\"es\",\"@id\":\"https:\/\/blogscvc.cervantes.es\/martes-neologico\/#\/schema\/logo\/image\/\",\"url\":\"https:\/\/blogscvc.cervantes.es\/martes-neologico\/wp-content\/uploads\/sites\/2\/2025\/10\/logo-martes-neologico-10-anos.png\",\"contentUrl\":\"https:\/\/blogscvc.cervantes.es\/martes-neologico\/wp-content\/uploads\/sites\/2\/2025\/10\/logo-martes-neologico-10-anos.png\",\"width\":300,\"height\":100,\"caption\":\"Martes Neol\u00f3gico\"},\"image\":{\"@id\":\"https:\/\/blogscvc.cervantes.es\/martes-neologico\/#\/schema\/logo\/image\/\"}},{\"@type\":\"Person\",\"@id\":\"https:\/\/blogscvc.cervantes.es\/martes-neologico\/#\/schema\/person\/7e2fd26f886f53b1b2e81721d23acc47\",\"name\":\"admin\",\"image\":{\"@type\":\"ImageObject\",\"inLanguage\":\"es\",\"@id\":\"https:\/\/blogscvc.cervantes.es\/martes-neologico\/#\/schema\/person\/image\/\",\"url\":\"https:\/\/secure.gravatar.com\/avatar\/c4b6a365b64e607f3d2ecd9620a7675a?s=96&d=mm&r=g\",\"contentUrl\":\"https:\/\/secure.gravatar.com\/avatar\/c4b6a365b64e607f3d2ecd9620a7675a?s=96&d=mm&r=g\",\"caption\":\"admin\"},\"url\":\"https:\/\/blogscvc.cervantes.es\/martes-neologico\/author\/admin\/\"}]}<\/script>\n<!-- \/ Yoast SEO plugin. -->","yoast_head_json":{"title":"CVC. Gif | Martes Neol\u00f3gico","description":"Art\u00edculo sobre el neologismo \u00abgif\u00bb, dentro del blog Martes Neol\u00f3gico del Centro Virtual Cervantes.","robots":{"index":"index","follow":"follow","max-snippet":"max-snippet:-1","max-image-preview":"max-image-preview:large","max-video-preview":"max-video-preview:-1"},"canonical":"https:\/\/blogscvc.cervantes.es\/martes-neologico\/gif\/","og_locale":"es_ES","og_type":"article","og_title":"CVC. Gif | Martes Neol\u00f3gico","og_description":"Art\u00edculo sobre el neologismo \u00abgif\u00bb, dentro del blog Martes Neol\u00f3gico del Centro Virtual Cervantes.","og_url":"https:\/\/blogscvc.cervantes.es\/martes-neologico\/gif\/","og_site_name":"Martes Neol\u00f3gico","article_published_time":"2021-08-31T05:00:00+00:00","article_modified_time":"2025-12-18T13:33:49+00:00","og_image":[{"width":750,"height":350,"url":"http:\/\/blogscvc.cervantes.es\/martes-neologico\/wp-content\/uploads\/sites\/2\/2021\/08\/gif_350.gif","type":"image\/gif"}],"author":"admin","twitter_card":"summary_large_image","twitter_misc":{"Escrito por":"admin","Tiempo de lectura":"5 minutos"},"schema":{"@context":"https:\/\/schema.org","@graph":[{"@type":"Article","@id":"https:\/\/blogscvc.cervantes.es\/martes-neologico\/gif\/#article","isPartOf":{"@id":"https:\/\/blogscvc.cervantes.es\/martes-neologico\/gif\/"},"author":{"name":"admin","@id":"https:\/\/blogscvc.cervantes.es\/martes-neologico\/#\/schema\/person\/7e2fd26f886f53b1b2e81721d23acc47"},"headline":"gif m.","datePublished":"2021-08-31T05:00:00+00:00","dateModified":"2025-12-18T13:33:49+00:00","mainEntityOfPage":{"@id":"https:\/\/blogscvc.cervantes.es\/martes-neologico\/gif\/"},"wordCount":1127,"commentCount":0,"publisher":{"@id":"https:\/\/blogscvc.cervantes.es\/martes-neologico\/#organization"},"articleSection":["diccionarizado","inform\u00e1tica","ingl\u00e9s","pr\u00e9stamo"],"inLanguage":"es","potentialAction":[{"@type":"CommentAction","name":"Comment","target":["https:\/\/blogscvc.cervantes.es\/martes-neologico\/gif\/#respond"]}]},{"@type":"WebPage","@id":"https:\/\/blogscvc.cervantes.es\/martes-neologico\/gif\/","url":"https:\/\/blogscvc.cervantes.es\/martes-neologico\/gif\/","name":"CVC. Gif | Martes Neol\u00f3gico","isPartOf":{"@id":"https:\/\/blogscvc.cervantes.es\/martes-neologico\/#website"},"datePublished":"2021-08-31T05:00:00+00:00","dateModified":"2025-12-18T13:33:49+00:00","description":"Art\u00edculo sobre el neologismo \u00abgif\u00bb, dentro del blog Martes Neol\u00f3gico del Centro Virtual Cervantes.","breadcrumb":{"@id":"https:\/\/blogscvc.cervantes.es\/martes-neologico\/gif\/#breadcrumb"},"inLanguage":"es","potentialAction":[{"@type":"ReadAction","target":["https:\/\/blogscvc.cervantes.es\/martes-neologico\/gif\/"]}]},{"@type":"BreadcrumbList","@id":"https:\/\/blogscvc.cervantes.es\/martes-neologico\/gif\/#breadcrumb","itemListElement":[{"@type":"ListItem","position":1,"name":"Portada","item":"https:\/\/blogscvc.cervantes.es\/martes-neologico\/"},{"@type":"ListItem","position":2,"name":"gif m."}]},{"@type":"WebSite","@id":"https:\/\/blogscvc.cervantes.es\/martes-neologico\/#website","url":"https:\/\/blogscvc.cervantes.es\/martes-neologico\/","name":"Martes Neol\u00f3gico","description":"Cada martes, una palabra nueva que podr\u00eda estar en el diccionario","publisher":{"@id":"https:\/\/blogscvc.cervantes.es\/martes-neologico\/#organization"},"potentialAction":[{"@type":"SearchAction","target":{"@type":"EntryPoint","urlTemplate":"https:\/\/blogscvc.cervantes.es\/martes-neologico\/?s={search_term_string}"},"query-input":"required name=search_term_string"}],"inLanguage":"es"},{"@type":"Organization","@id":"https:\/\/blogscvc.cervantes.es\/martes-neologico\/#organization","name":"Martes Neol\u00f3gico","url":"https:\/\/blogscvc.cervantes.es\/martes-neologico\/","logo":{"@type":"ImageObject","inLanguage":"es","@id":"https:\/\/blogscvc.cervantes.es\/martes-neologico\/#\/schema\/logo\/image\/","url":"https:\/\/blogscvc.cervantes.es\/martes-neologico\/wp-content\/uploads\/sites\/2\/2025\/10\/logo-martes-neologico-10-anos.png","contentUrl":"https:\/\/blogscvc.cervantes.es\/martes-neologico\/wp-content\/uploads\/sites\/2\/2025\/10\/logo-martes-neologico-10-anos.png","width":300,"height":100,"caption":"Martes Neol\u00f3gico"},"image":{"@id":"https:\/\/blogscvc.cervantes.es\/martes-neologico\/#\/schema\/logo\/image\/"}},{"@type":"Person","@id":"https:\/\/blogscvc.cervantes.es\/martes-neologico\/#\/schema\/person\/7e2fd26f886f53b1b2e81721d23acc47","name":"admin","image":{"@type":"ImageObject","inLanguage":"es","@id":"https:\/\/blogscvc.cervantes.es\/martes-neologico\/#\/schema\/person\/image\/","url":"https:\/\/secure.gravatar.com\/avatar\/c4b6a365b64e607f3d2ecd9620a7675a?s=96&d=mm&r=g","contentUrl":"https:\/\/secure.gravatar.com\/avatar\/c4b6a365b64e607f3d2ecd9620a7675a?s=96&d=mm&r=g","caption":"admin"},"url":"https:\/\/blogscvc.cervantes.es\/martes-neologico\/author\/admin\/"}]}},"_links":{"self":[{"href":"https:\/\/blogscvc.cervantes.es\/martes-neologico\/wp-json\/wp\/v2\/posts\/8579"}],"collection":[{"href":"https:\/\/blogscvc.cervantes.es\/martes-neologico\/wp-json\/wp\/v2\/posts"}],"about":[{"href":"https:\/\/blogscvc.cervantes.es\/martes-neologico\/wp-json\/wp\/v2\/types\/post"}],"author":[{"embeddable":true,"href":"https:\/\/blogscvc.cervantes.es\/martes-neologico\/wp-json\/wp\/v2\/users\/1"}],"replies":[{"embeddable":true,"href":"https:\/\/blogscvc.cervantes.es\/martes-neologico\/wp-json\/wp\/v2\/comments?post=8579"}],"version-history":[{"count":1,"href":"https:\/\/blogscvc.cervantes.es\/martes-neologico\/wp-json\/wp\/v2\/posts\/8579\/revisions"}],"predecessor-version":[{"id":8591,"href":"https:\/\/blogscvc.cervantes.es\/martes-neologico\/wp-json\/wp\/v2\/posts\/8579\/revisions\/8591"}],"wp:featuredmedia":[{"embeddable":true,"href":"https:\/\/blogscvc.cervantes.es\/martes-neologico\/wp-json\/wp\/v2\/media\/8585"}],"wp:attachment":[{"href":"https:\/\/blogscvc.cervantes.es\/martes-neologico\/wp-json\/wp\/v2\/media?parent=8579"}],"wp:term":[{"taxonomy":"category","embeddable":true,"href":"https:\/\/blogscvc.cervantes.es\/martes-neologico\/wp-json\/wp\/v2\/categories?post=8579"},{"taxonomy":"post_tag","embeddable":true,"href":"https:\/\/blogscvc.cervantes.es\/martes-neologico\/wp-json\/wp\/v2\/tags?post=8579"}],"curies":[{"name":"wp","href":"https:\/\/api.w.org\/{rel}","templated":true}]}}