{"id":9005,"date":"2021-11-23T07:00:00","date_gmt":"2021-11-23T05:00:00","guid":{"rendered":"https:\/\/blogscvc.cervantes.es\/martes-neologico\/?p=9005"},"modified":"2025-07-29T11:41:24","modified_gmt":"2025-07-29T09:41:24","slug":"bifobia","status":"publish","type":"post","link":"https:\/\/blogscvc.cervantes.es\/martes-neologico\/bifobia\/","title":{"rendered":"bifobia <em>f.<\/em>"},"content":{"rendered":"\n<p>El sustantivo que nos ocupa este martes, <em>bifobia<\/em>, est\u00e1 directamente relacionado con el campo sem\u00e1ntico de la diversidad sexual y de g\u00e9nero y, de manera m\u00e1s concreta, con un conjunto de sustantivos \u2014y adjetivos derivados\u2014 que tratan discriminaciones, prejuicios, opresiones y otras formas de violencia.<\/p>\n\n\n<figure class=\"wp-block-image size-large is-style-default\"><a href=\"http:\/\/blogscvc.cervantes.es\/martes-neologico\/wp-content\/uploads\/sites\/2\/2021\/11\/bifobia_500.jpg\"><img decoding=\"async\" src=\"http:\/\/blogscvc.cervantes.es\/martes-neologico\/wp-content\/uploads\/sites\/2\/2021\/11\/bifobia_500.jpg\" alt=\"[fotograf\u00eda] detalle del picaporte de una puerta, junto a un r\u00f3tulo con la bandera multicolor y la leyenda 'LGTBQ Counseling'\" class=\"wp-image-7916\"><\/a><figcaption>\n<p>Anete Lusina (Pexels)<\/p>\n<\/figcaption><\/figure>\n\n\n<p>Si se consulta la prensa espa\u00f1ola y americana a trav\u00e9s de la Hemeroteca Digital de la Biblioteca Nacional de Espa\u00f1a encontramos que los primeros usos registrados de <em>homofobia<\/em> en el sentido de discriminaci\u00f3n hacia personas homosexuales o hacia la homosexualidad datan de 1977 en Espa\u00f1a y en Argentina, y son cada vez m\u00e1s numerosos los casos desde los a\u00f1os ochenta. Los primeros usos registrados de <em>bifobia<\/em>, en cambio, no se dan hasta 2003 en Espa\u00f1a. Tanto en estos casos como en los once registrados en el Corpus del Espa\u00f1ol del siglo xxi (CORPES), nos encontramos con <em>bifobia<\/em> acompa\u00f1ada habitualmente de otras palabras de su mismo campo sem\u00e1ntico.<\/p>\n\n\n\n<ul>\n<li>Hoy d\u00eda 17 se celebra el D\u00eda Internacional contra la Homofobia, Transfobia, Lesbofobia y <strong>Bifobia<\/strong>. [<em>La Rioja<\/em> (Espa\u00f1a), 17\/05\/2007]<\/li>\n\n\n\n<li>Este domingo, D\u00eda Internacional contra la Homofobia, la Transfobia y la <strong>Bifobia<\/strong>, el Canal 13 chileno emiti\u00f3 un reportaje en el que la misma Andy y su familia explicaban ante las c\u00e1maras el proceso vivido y la batalla legal emprendida contra la escuela. [<em>El Espectador<\/em> (Colombia), 18\/07\/2015]<\/li>\n\n\n\n<li>La Agrupaci\u00f3n Socialista de Ribadeo, cuya responsable es Aurora Gonz\u00e1lez, organiza una charla para conmemorar el D\u00eda Internacional contra a homofobia, transfobia y <strong>bifobia<\/strong>, que se celebrar\u00e1 el 17 de mayo en el cine teatro de Ribadeo. [<em>La Comarca del Eo<\/em> (Espa\u00f1a), 7\/07\/2016]<\/li>\n\n\n\n<li>Malpartida acogi\u00f3 un taller para romper los mitos sobre la bisexualidad y acabar con la <strong>bifobia<\/strong>. [<em>Hoy Malpartida de C\u00e1ceres<\/em> (Espa\u00f1a), 26\/09\/2016]<\/li>\n<\/ul>\n\n\n\n<p>De manera similar, aunque desde la d\u00e9cada siguiente, nos encontramos en la hemeroteca los adjetivos derivados <em>bif\u00f3bico, bif\u00f3bica<\/em>, <em>b\u00edfobo<\/em>, <em>b\u00edfoba<\/em>. Tambi\u00e9n los encontramos en la mayor parte de usos registrados junto a otras palabras de su mismo campo sem\u00e1ntico.<\/p>\n\n\n\n<ul>\n<li>\u00abReconocer que esto ocurre, que hay gente que se identifica brevemente como bisexual antes de asumirse como gay \u2014no todos los bisexuales lo hacen, pero s\u00ed muchos gays\u2014 no deber\u00eda ser considerado como <strong>bif\u00f3bico<\/strong>\u00bb, dijo Savage, y mencion\u00f3 a la estrella del pop brit\u00e1nico Mika como una celebridad gay que originalmente se dijo bisexual. [<em>Clar\u00edn<\/em> (Argentina), 18\/01\/2014]<\/li>\n\n\n\n<li>El pleno rechaza \u00abcualquier acci\u00f3n, manifestaci\u00f3n o legislaci\u00f3n hom\u00f3foba, tr\u00e1nsfoba o <strong>b\u00edfoba<\/strong>, revertiendo este compromiso a todas las actuaciones que desde el Parlamento de La Rioja se promuevan en La Rioja\u00bb y se compromete a \u00abluchar por la igualdad de derechos y oportunidades\u00bb. [<em>La Rioja<\/em> (Espa\u00f1a), 7\/07\/2016]<\/li>\n\n\n\n<li>Estos actos <strong>bif\u00f3bicos<\/strong> son a menudo fomentados por una mala representaci\u00f3n de la bisexualidad en los medios y en la gran pantalla, que a menudo retratan a personajes bisexuales como infieles y pervertidos. [<em>El Pa\u00eds<\/em> (Espa\u00f1a), 4\/11\/2016]<\/li>\n\n\n\n<li>Parece socialmente aceptable ser <strong>bif\u00f3bico<\/strong>. [<em>El Universal<\/em> (M\u00e9xico), 25\/09\/2019]<\/li>\n\n\n\n<li>Asimismo, ser\u00e1 denunciable el humor tr\u00e1nsfobo, int\u00e9rfobo, hom\u00f3fobo, lesb\u00f3fobo o <strong>b\u00edfobo<\/strong>. [<em>La Verdad<\/em> (Espa\u00f1a), 17\/04\/2018]<\/li>\n<\/ul>\n\n\n\n<p>Para entender el uso tan habitual de <em>bifobia<\/em> junto a otras palabras relacionadas como <em>homofobia<\/em>, <em>lesbofobia<\/em>, <em>transfobia<\/em> o <em>interfobia<\/em>, hemos de considerar el uso casi ritual de estas palabras por parte de organizaciones activistas e instituciones p\u00fablicas ante fechas se\u00f1aladas como d\u00edas internacionales o manifestaciones. La aparici\u00f3n de <em>bifobia<\/em> sin las otras, infrecuente en la hemeroteca, puede explicarse por la celebraci\u00f3n de un d\u00eda espec\u00edfico en septiembre y por la centralidad de la bisexualidad en acciones activistas organizadas en 2016 por impulso de la Federaci\u00f3n Estatal de Lesbianas, Gais, Trans y Bisexuales.<\/p>\n\n\n\n<p>La consulta de los diccionarios de referencia nos lleva a encontrar <em>bifobia<\/em> en el DEA como \u2018aversi\u00f3n hacia la bisexualidad o los bisexuales\u2019. Este diccionario tambi\u00e9n incluye <em>bif\u00f3bico, -ca <\/em>\u2014\u2018de (la) bifobia o que la implica\u2019\u2014 y <em>b\u00edfobo, -ba<\/em> \u2014\u2018que siente o muestra bifobia. <em>Tb n, referido a pers.<\/em>\u2019\u2014. Esta \u00faltima referencia es significativa al incluir la posibilidad de uso del adjetivo como nombre para personas. En cuanto a los diccionarios de lenguas pr\u00f3ximas, encontramos <em>bifobia <\/em>en el <em>Oxford English Dictionary<\/em> \u2014donde se\u00f1alan que su formaci\u00f3n sigue a la de <em>homofobia<\/em>, y es definida como \u2018dislike of or prejudice against bisexual people\u2019\u2014 y en el <em>DIEC2<\/em> \u2014donde es definida como \u2018aversi\u00f3 a la bisexualitat o als bisexuals\u2019\u2014. No encontramos la palabra en los diccionarios de referencia consultados para el franc\u00e9s o el italiano, pero s\u00ed en el caso del portugu\u00e9s en el Priberam, como \u2018repulsa ou preconceito contra a bissexualidade ou os bissexuais\u2019. El matiz aportado por las definiciones del DEA, el Priberam y del <em>DIEC2<\/em> es clave, al a\u00f1adir una referencia no solo a las personas bisexuales sino tambi\u00e9n a la bisexualidad como concepto o como orientaci\u00f3n.<\/p>\n\n\n\n<p>Desde la perspectiva de la formaci\u00f3n morfol\u00f3gica, el neologismo <em>bifobia<\/em> y sus adjetivos relacionados han seguido un proceso de acronimia, en este caso a partir del prefijo <em>bi-<\/em> \u2014por <em>bisexual<\/em> o <em>bisexualidad<\/em>\u2014 y de <em>-fobia<\/em>, definida en el <em>DLE<\/em> como elemento composicional que \u2018significa &#8216;aversi\u00f3n o &#8216;rechazo&#8217;\u2019. Este uso de aversi\u00f3n, que encontramos tambi\u00e9n en la entrada del <em>DLE <\/em>de <em>homofobia<\/em>, parte de la dimensi\u00f3n m\u00e1s psicol\u00f3gica o biosanitaria de <em>fobia<\/em> o <em>-fobia<\/em>. Este hecho oscurece la naturaleza sociocultural del t\u00e9rmino <em>bifobia<\/em>, al no referirse en sus usos registrados a un problema de salud mental o un temor incontrolado sino a un prejuicio. Lo mismo sucede con otros t\u00e9rminos construidos de manera parecida, como <em>aporofobia <\/em>o <em>islamofobia<\/em>.<\/p>\n\n\n\n<p>El uso tan frecuente de <em>bifobia<\/em> junto a <em>homofobia<\/em>, que s\u00ed aparece en diccionarios como el <em>Diccionario de la lengua espa\u00f1ola<\/em> (DLE), hace que pueda exigirse su incorporaci\u00f3n a diccionarios, al igual que la de otros acompa\u00f1antes habituales, como <em>lesbofobia<\/em> y <em>transfobia<\/em>. No as\u00ed en el caso de una reciente incorporaci\u00f3n al <em>DIEC2<\/em> como es <em>heterofobia<\/em>, sin reivindicaci\u00f3n ni estudio acad\u00e9mico previo.<\/p>\n\n\n\n<p>Ignacio Elpidio Dom\u00ednguez Ruiz<br>European Social Research Unit<br>Universitat de Barcelona (Espa\u00f1a)<\/p>\n","protected":false},"excerpt":{"rendered":"<p>El sustantivo que nos ocupa este martes, <em>bifobia<\/em>, est\u00e1 directamente relacionado con el campo sem\u00e1ntico de la diversidad sexual y de g\u00e9nero y, de manera m\u00e1s concreta, con un conjunto de sustantivos \u2014y adjetivos derivados\u2014 que tratan discriminaciones, prejuicios, opresiones y otras formas de violencia.<\/p>\n","protected":false},"author":1,"featured_media":9008,"comment_status":"open","ping_status":"open","sticky":false,"template":"","format":"standard","meta":{"_mi_skip_tracking":false,"_s2mail":""},"categories":[197,250],"tags":[],"yoast_head":"<!-- This site is optimized with the Yoast SEO plugin v20.6 - https:\/\/yoast.com\/wordpress\/plugins\/seo\/ -->\n<title>CVC. Bifobia | Martes Neol\u00f3gico<\/title>\n<meta name=\"description\" content=\"Art\u00edculo sobre el neologismo \u00abbifobia\u00bb, dentro del blog Martes Neol\u00f3gico del Centro Virtual Cervantes.\" \/>\n<meta name=\"robots\" content=\"index, follow, max-snippet:-1, max-image-preview:large, max-video-preview:-1\" \/>\n<link rel=\"canonical\" href=\"https:\/\/blogscvc.cervantes.es\/martes-neologico\/bifobia\/\" \/>\n<meta property=\"og:locale\" content=\"es_ES\" \/>\n<meta property=\"og:type\" content=\"article\" \/>\n<meta property=\"og:title\" content=\"CVC. Bifobia | Martes Neol\u00f3gico\" \/>\n<meta property=\"og:description\" content=\"Art\u00edculo sobre el neologismo \u00abbifobia\u00bb, dentro del blog Martes Neol\u00f3gico del Centro Virtual Cervantes.\" \/>\n<meta property=\"og:url\" content=\"https:\/\/blogscvc.cervantes.es\/martes-neologico\/bifobia\/\" \/>\n<meta property=\"og:site_name\" content=\"Martes Neol\u00f3gico\" \/>\n<meta property=\"article:published_time\" content=\"2021-11-23T05:00:00+00:00\" \/>\n<meta property=\"article:modified_time\" content=\"2025-07-29T09:41:24+00:00\" \/>\n<meta property=\"og:image\" content=\"http:\/\/blogscvc.cervantes.es\/martes-neologico\/wp-content\/uploads\/sites\/2\/2021\/11\/bifobia_350.jpg\" \/>\n\t<meta property=\"og:image:width\" content=\"750\" \/>\n\t<meta property=\"og:image:height\" content=\"350\" \/>\n\t<meta property=\"og:image:type\" content=\"image\/jpeg\" \/>\n<meta name=\"author\" content=\"admin\" \/>\n<meta name=\"twitter:card\" content=\"summary_large_image\" \/>\n<meta name=\"twitter:label1\" content=\"Escrito por\" \/>\n\t<meta name=\"twitter:data1\" content=\"admin\" \/>\n\t<meta name=\"twitter:label2\" content=\"Tiempo de lectura\" \/>\n\t<meta name=\"twitter:data2\" content=\"5 minutos\" \/>\n<script type=\"application\/ld+json\" class=\"yoast-schema-graph\">{\"@context\":\"https:\/\/schema.org\",\"@graph\":[{\"@type\":\"Article\",\"@id\":\"https:\/\/blogscvc.cervantes.es\/martes-neologico\/bifobia\/#article\",\"isPartOf\":{\"@id\":\"https:\/\/blogscvc.cervantes.es\/martes-neologico\/bifobia\/\"},\"author\":{\"name\":\"admin\",\"@id\":\"https:\/\/blogscvc.cervantes.es\/martes-neologico\/#\/schema\/person\/7e2fd26f886f53b1b2e81721d23acc47\"},\"headline\":\"bifobia f.\",\"datePublished\":\"2021-11-23T05:00:00+00:00\",\"dateModified\":\"2025-07-29T09:41:24+00:00\",\"mainEntityOfPage\":{\"@id\":\"https:\/\/blogscvc.cervantes.es\/martes-neologico\/bifobia\/\"},\"wordCount\":1039,\"commentCount\":0,\"publisher\":{\"@id\":\"https:\/\/blogscvc.cervantes.es\/martes-neologico\/#organization\"},\"articleSection\":[\"composici\u00f3n h\u00edbrida\",\"g\u00e9nero\"],\"inLanguage\":\"es\",\"potentialAction\":[{\"@type\":\"CommentAction\",\"name\":\"Comment\",\"target\":[\"https:\/\/blogscvc.cervantes.es\/martes-neologico\/bifobia\/#respond\"]}]},{\"@type\":\"WebPage\",\"@id\":\"https:\/\/blogscvc.cervantes.es\/martes-neologico\/bifobia\/\",\"url\":\"https:\/\/blogscvc.cervantes.es\/martes-neologico\/bifobia\/\",\"name\":\"CVC. Bifobia | Martes Neol\u00f3gico\",\"isPartOf\":{\"@id\":\"https:\/\/blogscvc.cervantes.es\/martes-neologico\/#website\"},\"datePublished\":\"2021-11-23T05:00:00+00:00\",\"dateModified\":\"2025-07-29T09:41:24+00:00\",\"description\":\"Art\u00edculo sobre el neologismo \u00abbifobia\u00bb, dentro del blog Martes Neol\u00f3gico del Centro Virtual Cervantes.\",\"breadcrumb\":{\"@id\":\"https:\/\/blogscvc.cervantes.es\/martes-neologico\/bifobia\/#breadcrumb\"},\"inLanguage\":\"es\",\"potentialAction\":[{\"@type\":\"ReadAction\",\"target\":[\"https:\/\/blogscvc.cervantes.es\/martes-neologico\/bifobia\/\"]}]},{\"@type\":\"BreadcrumbList\",\"@id\":\"https:\/\/blogscvc.cervantes.es\/martes-neologico\/bifobia\/#breadcrumb\",\"itemListElement\":[{\"@type\":\"ListItem\",\"position\":1,\"name\":\"Portada\",\"item\":\"https:\/\/blogscvc.cervantes.es\/martes-neologico\/\"},{\"@type\":\"ListItem\",\"position\":2,\"name\":\"bifobia f.\"}]},{\"@type\":\"WebSite\",\"@id\":\"https:\/\/blogscvc.cervantes.es\/martes-neologico\/#website\",\"url\":\"https:\/\/blogscvc.cervantes.es\/martes-neologico\/\",\"name\":\"Martes Neol\u00f3gico\",\"description\":\"Cada martes, una palabra nueva que podr\u00eda estar en el diccionario\",\"publisher\":{\"@id\":\"https:\/\/blogscvc.cervantes.es\/martes-neologico\/#organization\"},\"potentialAction\":[{\"@type\":\"SearchAction\",\"target\":{\"@type\":\"EntryPoint\",\"urlTemplate\":\"https:\/\/blogscvc.cervantes.es\/martes-neologico\/?s={search_term_string}\"},\"query-input\":\"required name=search_term_string\"}],\"inLanguage\":\"es\"},{\"@type\":\"Organization\",\"@id\":\"https:\/\/blogscvc.cervantes.es\/martes-neologico\/#organization\",\"name\":\"Martes Neol\u00f3gico\",\"url\":\"https:\/\/blogscvc.cervantes.es\/martes-neologico\/\",\"logo\":{\"@type\":\"ImageObject\",\"inLanguage\":\"es\",\"@id\":\"https:\/\/blogscvc.cervantes.es\/martes-neologico\/#\/schema\/logo\/image\/\",\"url\":\"https:\/\/blogscvc.cervantes.es\/martes-neologico\/wp-content\/uploads\/sites\/2\/2025\/10\/logo-martes-neologico-10-anos.png\",\"contentUrl\":\"https:\/\/blogscvc.cervantes.es\/martes-neologico\/wp-content\/uploads\/sites\/2\/2025\/10\/logo-martes-neologico-10-anos.png\",\"width\":300,\"height\":100,\"caption\":\"Martes Neol\u00f3gico\"},\"image\":{\"@id\":\"https:\/\/blogscvc.cervantes.es\/martes-neologico\/#\/schema\/logo\/image\/\"}},{\"@type\":\"Person\",\"@id\":\"https:\/\/blogscvc.cervantes.es\/martes-neologico\/#\/schema\/person\/7e2fd26f886f53b1b2e81721d23acc47\",\"name\":\"admin\",\"image\":{\"@type\":\"ImageObject\",\"inLanguage\":\"es\",\"@id\":\"https:\/\/blogscvc.cervantes.es\/martes-neologico\/#\/schema\/person\/image\/\",\"url\":\"https:\/\/secure.gravatar.com\/avatar\/c4b6a365b64e607f3d2ecd9620a7675a?s=96&d=mm&r=g\",\"contentUrl\":\"https:\/\/secure.gravatar.com\/avatar\/c4b6a365b64e607f3d2ecd9620a7675a?s=96&d=mm&r=g\",\"caption\":\"admin\"},\"url\":\"https:\/\/blogscvc.cervantes.es\/martes-neologico\/author\/admin\/\"}]}<\/script>\n<!-- \/ Yoast SEO plugin. -->","yoast_head_json":{"title":"CVC. Bifobia | Martes Neol\u00f3gico","description":"Art\u00edculo sobre el neologismo \u00abbifobia\u00bb, dentro del blog Martes Neol\u00f3gico del Centro Virtual Cervantes.","robots":{"index":"index","follow":"follow","max-snippet":"max-snippet:-1","max-image-preview":"max-image-preview:large","max-video-preview":"max-video-preview:-1"},"canonical":"https:\/\/blogscvc.cervantes.es\/martes-neologico\/bifobia\/","og_locale":"es_ES","og_type":"article","og_title":"CVC. Bifobia | Martes Neol\u00f3gico","og_description":"Art\u00edculo sobre el neologismo \u00abbifobia\u00bb, dentro del blog Martes Neol\u00f3gico del Centro Virtual Cervantes.","og_url":"https:\/\/blogscvc.cervantes.es\/martes-neologico\/bifobia\/","og_site_name":"Martes Neol\u00f3gico","article_published_time":"2021-11-23T05:00:00+00:00","article_modified_time":"2025-07-29T09:41:24+00:00","og_image":[{"width":750,"height":350,"url":"http:\/\/blogscvc.cervantes.es\/martes-neologico\/wp-content\/uploads\/sites\/2\/2021\/11\/bifobia_350.jpg","type":"image\/jpeg"}],"author":"admin","twitter_card":"summary_large_image","twitter_misc":{"Escrito por":"admin","Tiempo de lectura":"5 minutos"},"schema":{"@context":"https:\/\/schema.org","@graph":[{"@type":"Article","@id":"https:\/\/blogscvc.cervantes.es\/martes-neologico\/bifobia\/#article","isPartOf":{"@id":"https:\/\/blogscvc.cervantes.es\/martes-neologico\/bifobia\/"},"author":{"name":"admin","@id":"https:\/\/blogscvc.cervantes.es\/martes-neologico\/#\/schema\/person\/7e2fd26f886f53b1b2e81721d23acc47"},"headline":"bifobia f.","datePublished":"2021-11-23T05:00:00+00:00","dateModified":"2025-07-29T09:41:24+00:00","mainEntityOfPage":{"@id":"https:\/\/blogscvc.cervantes.es\/martes-neologico\/bifobia\/"},"wordCount":1039,"commentCount":0,"publisher":{"@id":"https:\/\/blogscvc.cervantes.es\/martes-neologico\/#organization"},"articleSection":["composici\u00f3n h\u00edbrida","g\u00e9nero"],"inLanguage":"es","potentialAction":[{"@type":"CommentAction","name":"Comment","target":["https:\/\/blogscvc.cervantes.es\/martes-neologico\/bifobia\/#respond"]}]},{"@type":"WebPage","@id":"https:\/\/blogscvc.cervantes.es\/martes-neologico\/bifobia\/","url":"https:\/\/blogscvc.cervantes.es\/martes-neologico\/bifobia\/","name":"CVC. Bifobia | Martes Neol\u00f3gico","isPartOf":{"@id":"https:\/\/blogscvc.cervantes.es\/martes-neologico\/#website"},"datePublished":"2021-11-23T05:00:00+00:00","dateModified":"2025-07-29T09:41:24+00:00","description":"Art\u00edculo sobre el neologismo \u00abbifobia\u00bb, dentro del blog Martes Neol\u00f3gico del Centro Virtual Cervantes.","breadcrumb":{"@id":"https:\/\/blogscvc.cervantes.es\/martes-neologico\/bifobia\/#breadcrumb"},"inLanguage":"es","potentialAction":[{"@type":"ReadAction","target":["https:\/\/blogscvc.cervantes.es\/martes-neologico\/bifobia\/"]}]},{"@type":"BreadcrumbList","@id":"https:\/\/blogscvc.cervantes.es\/martes-neologico\/bifobia\/#breadcrumb","itemListElement":[{"@type":"ListItem","position":1,"name":"Portada","item":"https:\/\/blogscvc.cervantes.es\/martes-neologico\/"},{"@type":"ListItem","position":2,"name":"bifobia f."}]},{"@type":"WebSite","@id":"https:\/\/blogscvc.cervantes.es\/martes-neologico\/#website","url":"https:\/\/blogscvc.cervantes.es\/martes-neologico\/","name":"Martes Neol\u00f3gico","description":"Cada martes, una palabra nueva que podr\u00eda estar en el diccionario","publisher":{"@id":"https:\/\/blogscvc.cervantes.es\/martes-neologico\/#organization"},"potentialAction":[{"@type":"SearchAction","target":{"@type":"EntryPoint","urlTemplate":"https:\/\/blogscvc.cervantes.es\/martes-neologico\/?s={search_term_string}"},"query-input":"required name=search_term_string"}],"inLanguage":"es"},{"@type":"Organization","@id":"https:\/\/blogscvc.cervantes.es\/martes-neologico\/#organization","name":"Martes Neol\u00f3gico","url":"https:\/\/blogscvc.cervantes.es\/martes-neologico\/","logo":{"@type":"ImageObject","inLanguage":"es","@id":"https:\/\/blogscvc.cervantes.es\/martes-neologico\/#\/schema\/logo\/image\/","url":"https:\/\/blogscvc.cervantes.es\/martes-neologico\/wp-content\/uploads\/sites\/2\/2025\/10\/logo-martes-neologico-10-anos.png","contentUrl":"https:\/\/blogscvc.cervantes.es\/martes-neologico\/wp-content\/uploads\/sites\/2\/2025\/10\/logo-martes-neologico-10-anos.png","width":300,"height":100,"caption":"Martes Neol\u00f3gico"},"image":{"@id":"https:\/\/blogscvc.cervantes.es\/martes-neologico\/#\/schema\/logo\/image\/"}},{"@type":"Person","@id":"https:\/\/blogscvc.cervantes.es\/martes-neologico\/#\/schema\/person\/7e2fd26f886f53b1b2e81721d23acc47","name":"admin","image":{"@type":"ImageObject","inLanguage":"es","@id":"https:\/\/blogscvc.cervantes.es\/martes-neologico\/#\/schema\/person\/image\/","url":"https:\/\/secure.gravatar.com\/avatar\/c4b6a365b64e607f3d2ecd9620a7675a?s=96&d=mm&r=g","contentUrl":"https:\/\/secure.gravatar.com\/avatar\/c4b6a365b64e607f3d2ecd9620a7675a?s=96&d=mm&r=g","caption":"admin"},"url":"https:\/\/blogscvc.cervantes.es\/martes-neologico\/author\/admin\/"}]}},"_links":{"self":[{"href":"https:\/\/blogscvc.cervantes.es\/martes-neologico\/wp-json\/wp\/v2\/posts\/9005"}],"collection":[{"href":"https:\/\/blogscvc.cervantes.es\/martes-neologico\/wp-json\/wp\/v2\/posts"}],"about":[{"href":"https:\/\/blogscvc.cervantes.es\/martes-neologico\/wp-json\/wp\/v2\/types\/post"}],"author":[{"embeddable":true,"href":"https:\/\/blogscvc.cervantes.es\/martes-neologico\/wp-json\/wp\/v2\/users\/1"}],"replies":[{"embeddable":true,"href":"https:\/\/blogscvc.cervantes.es\/martes-neologico\/wp-json\/wp\/v2\/comments?post=9005"}],"version-history":[{"count":3,"href":"https:\/\/blogscvc.cervantes.es\/martes-neologico\/wp-json\/wp\/v2\/posts\/9005\/revisions"}],"predecessor-version":[{"id":13267,"href":"https:\/\/blogscvc.cervantes.es\/martes-neologico\/wp-json\/wp\/v2\/posts\/9005\/revisions\/13267"}],"wp:featuredmedia":[{"embeddable":true,"href":"https:\/\/blogscvc.cervantes.es\/martes-neologico\/wp-json\/wp\/v2\/media\/9008"}],"wp:attachment":[{"href":"https:\/\/blogscvc.cervantes.es\/martes-neologico\/wp-json\/wp\/v2\/media?parent=9005"}],"wp:term":[{"taxonomy":"category","embeddable":true,"href":"https:\/\/blogscvc.cervantes.es\/martes-neologico\/wp-json\/wp\/v2\/categories?post=9005"},{"taxonomy":"post_tag","embeddable":true,"href":"https:\/\/blogscvc.cervantes.es\/martes-neologico\/wp-json\/wp\/v2\/tags?post=9005"}],"curies":[{"name":"wp","href":"https:\/\/api.w.org\/{rel}","templated":true}]}}