{"id":9434,"date":"2022-02-22T07:00:00","date_gmt":"2022-02-22T05:00:00","guid":{"rendered":"https:\/\/blogscvc.cervantes.es\/martes-neologico\/?p=9434"},"modified":"2023-07-24T14:28:24","modified_gmt":"2023-07-24T12:28:24","slug":"inmersivo-inmersiva","status":"publish","type":"post","link":"https:\/\/blogscvc.cervantes.es\/martes-neologico\/inmersivo-inmersiva\/","title":{"rendered":"inmersivo, inmersiva <em>adj.<\/em>"},"content":{"rendered":"\n<p>En las \u00faltimas d\u00e9cadas, con el auge de las tecnolog\u00edas de la informaci\u00f3n y la comunicaci\u00f3n, las lenguas han incrementado su caudal l\u00e9xico con el fin de denominar realidades hasta entonces inexistentes. El desarrollo de aplicaciones de realidad virtual o videojuegos 3D ha contribuido a diluir las fronteras entre el mundo real y el ficticio, lo que, sin duda, ha favorecido la creaci\u00f3n de nuevos t\u00e9rminos y significados. Esto es lo que ha sucedido con la palabra <em>inmersivo -va<\/em>, un adjetivo que, pese a recogerse en algunos diccionarios generales no acad\u00e9micos desde mediados del siglo <span class=\"versalitas\">xix<\/span>, se empez\u00f3 a utilizar en el siglo <span class=\"versalitas\">xviii<\/span> con un valor m\u00e1s restringido que en la actualidad.<\/p>\n\n\n<figure class=\"wp-block-image size-large is-style-default\"><a href=\"http:\/\/blogscvc.cervantes.es\/martes-neologico\/wp-content\/uploads\/sites\/2\/2022\/02\/inmersivo_500.jpg\"><img decoding=\"async\" src=\"http:\/\/blogscvc.cervantes.es\/martes-neologico\/wp-content\/uploads\/sites\/2\/2022\/02\/inmersivo_500.jpg\" alt=\"[fotograf\u00eda] montaje fotogr\u00e1fico: familia de cisnes sobre aguas que conforman la pantalla de un tel\u00e9fono celular\" class=\"wp-image-7916\"><\/a><figcaption>Pixabay<p><\/p>\n<\/figcaption><\/figure>\n\n\n<p>La voz <em>inmersivo, -va<\/em> no se registra en el <em>DLE<\/em> (tampoco en las ediciones anteriores); sin embargo, s\u00ed se recoge en otros diccionarios generales a partir del siglo <span class=\"versalitas\">xix<\/span>, como sucede en el <em>Diccionario Nacional o Gran Diccionario Cl\u00e1sico de la Lengua Espa\u00f1ola<\/em> de Dom\u00ednguez (1853). En la mayor\u00eda de estas obras, el adjetivo se define como \u2018perteneciente a la inmersi\u00f3n o propio de ella\u2019 y suele ir acompa\u00f1ado de otra acepci\u00f3n marcada como propia del \u00e1mbito de la qu\u00edmica que se refiere al compuesto <em>calcinaci\u00f3n inmersiva<\/em>. En el CORDE aparecen ocurrencias relacionadas con este \u00faltimo uso fechadas entre los a\u00f1os 1738-1752, muy anteriores a la primera aparici\u00f3n en un diccionario.<\/p>\n\n\n\n<p>Desde la perspectiva etimol\u00f3gica, <em>inmersivo, -va<\/em> deriva del sustantivo <em>inmersi\u00f3n<\/em>, vocablo consignado en el diccionario acad\u00e9mico desde el a\u00f1o 1780. Aun as\u00ed, no siempre se ha definido del mismo modo. En sus inicios, la RAE dejaba constancia de que se usaba com\u00fanmente para hacer referencia a la acci\u00f3n de sumergir en agua a un ni\u00f1o para bautizarlo. No es hasta la edici\u00f3n de 1803 cuando se registra, por primera vez, el significado que se ha mantenido, con ciertas modificaciones, hasta la primera acepci\u00f3n del <em>DLE<\/em>: \u00abacci\u00f3n de introducir o introducirse algo en un fluido\u00bb. Se observa, por tanto, el paso de un uso m\u00e1s restringido a otro m\u00e1s general. Asimismo, en la edici\u00f3n de 2001 se incluyen otros significados que reflejan los cambios sociales y los avances tecnol\u00f3gicos que se desarrollaron a lo largo de la d\u00e9cada de los noventa y los a\u00f1os posteriores. De ah\u00ed que en el <em>DLE<\/em> se recojan dos acepciones m\u00e1s: \u00abacci\u00f3n de introducir o introducirse plenamente alguien en un ambiente determinado\u00bb y \u00abacci\u00f3n y efecto de introducir o introducirse en un \u00e1mbito real o imaginario, en particular en el conocimiento de una lengua determinada\u00bb.<\/p>\n\n\n\n<p>No obstante, la presencia lexicogr\u00e1fica de <em>inmersivo, -va<\/em> es pr\u00e1cticamente nula, puesto que no aparece registrado ni en el <em>DLE<\/em> ni en otros diccionarios como el <em>DEA<\/em>, el <em>Clave<\/em>, el <em>NEOMM<\/em> y el <em>VOXUSO<\/em>. A pesar de ello, se halla en <em>Alvar2<\/em> con el sentido de \u00abque puede introducirse en otro lugar\u00bb y tambi\u00e9n en el <em>Diccionario de neologismos del espa\u00f1ol actual (NEOMA),<\/em> donde de manera m\u00e1s expl\u00edcita se indica \u00abque simula un ambiente tridimensional en el cual el usuario percibe a trav\u00e9s de est\u00edmulos sensoriales\u00bb. Adem\u00e1s, en el apartado de <em>Informaci\u00f3n adicional<\/em> se se\u00f1ala que \u00abse aplica a la realidad virtual que puede verse inmersiva o no inmersiva\u00bb.<\/p>\n\n\n\n<p>En cuanto a la inclusi\u00f3n del vocablo en los diccionarios de otras lenguas, resulta interesante mencionar que el <em>Oxford English Dictionary<\/em> recoge <em>immersive<\/em> con el significado de \u00abcharacterized by or involving immersion\u00bb con ejemplos del siglo <span class=\"versalitas\">xvii<\/span>. Por su parte, el diccionario franc\u00e9s <em>Le Grand Robert<\/em> marca <em>immersif, -ive<\/em> como propio del lenguaje cient\u00edfico t\u00e9cnico y se define como \u00abqui agit, se produit par immersion\u00bb. En ambas obras se hace referencia al compuesto qu\u00edmico mencionado anteriormente y en <em>Le Grand Robert<\/em> se a\u00f1ade otro ejemplo relacionado con lo textil.<\/p>\n\n\n\n<p>A diferencia de lo que ocurre en la mayor\u00eda de los diccionarios, el empleo de <em>inmersivo, -va<\/em> es cada vez m\u00e1s frecuente en las redes sociales, hasta el punto de que la Academia ha tenido que pronunciarse sobre ello en Twitter. La RAE puntualiza que \u00abes v\u00e1lido como derivado de \u201cinmersi\u00f3n\u201d \u2018introducci\u00f3n en \u00e1mbito real o imaginario\u2019 + \u201c-ivo\u201d\u00bb y asegura que: \u00abHay una propuesta para incorporarlo al \u201cDLE\u201d con el sentido de \u2018que hace vivir al espectador una realidad virtual como si fuera aut\u00e9ntica\u2019\u00bb. Por su parte, la Fund\u00e9u, tambi\u00e9n en Twitter, se\u00f1ala que: \u00abEs lo relativo a la inmersi\u00f3n; por ejemplo se habla de realidad virtual inmersiva\u00bb. Indica, adem\u00e1s, que es un uso v\u00e1lido, no censurable, con el sentido de \u2018que tiene la capacidad para sumergirte en algo\u2019.<\/p>\n\n\n\n<p>Esto permite justificar por qu\u00e9 a partir de comienzos del siglo <span class=\"versalitas\">xxi<\/span> el adjetivo <em>inmersivo, -va<\/em> se emplea con un sentido m\u00e1s amplio que el recogido en las obras del siglo <span class=\"versalitas\">xix<\/span> y presenta una mayor extensi\u00f3n en el uso, sobre todo en Espa\u00f1a (la primera evidencia es de 2002), pero tambi\u00e9n en las zonas del R\u00edo de la Plata (2003), M\u00e9xico y Centroam\u00e9rica (2004) y Caribe continental (2009), seg\u00fan el CORPES XXI.<\/p>\n\n\n\n<p>En el \u00e1mbito period\u00edstico tambi\u00e9n se hallan evidencias sobre su empleo en diferentes zonas hispanohablantes:<\/p>\n\n\n\n<ul>\n<li>El dise\u00f1o y desarrollo de este sistema pionero en el mundo se enmarca en la iniciativa IN3D \u00ab[\u2026] donde el verdadero desaf\u00edo ha sido afrontar la producci\u00f3n de sonido <strong>inmersivo<\/strong> (real) coherente con la imagen en 3D\u00bb. [<em>Noticias de \u00c1lava<\/em> (Espa\u00f1a), 21\/4\/2011]<\/li>\n\n\n\n<li>La combinaci\u00f3n de nuestra calidad de dise\u00f1o curvo e imagen UHD crea la experiencia de entretenimiento <strong>inmersiva<\/strong> para gente apasionada por el entretenimiento. [<em>El Mercurio<\/em> (Chile), 15\/1\/2014]<\/li>\n\n\n\n<li>Los desarrolladores de tecnolog\u00eda para \u2018gamers\u2019 presentaron en el CES 2017 un sistema de proyecci\u00f3n <strong>inmersiva<\/strong> para juegos. [<em>El Comercio <\/em>(Per\u00fa), 7\/1\/2017]<\/li>\n\n\n\n<li>De las calles al teatro: el nuevo espect\u00e1culo <strong>inmersivo<\/strong> inspirado en el running. El 21K Fest es una puesta en escena interactiva de impacto tecnol\u00f3gico y digital, donde un grupo de corredores profesionales y amateurs intentar\u00e1n quebrar en vivo sus propias marcas. [<em>Clar\u00edn<\/em> (Argentina), 7\/8\/2019]<\/li>\n\n\n\n<li>Un cuento <strong>inmersivo<\/strong>. [<em>Diario Vasco <\/em>(Espa\u00f1a), 1\/5\/2020]<\/li>\n<\/ul>\n\n\n\n<p>En definitiva, se ha demostrado que <em>inmersivo, -va<\/em>, como derivado de <em>inmersi\u00f3n<\/em>, aparece por primera vez recogido en algunos diccionarios generales de la lengua espa\u00f1ola en el siglo <span class=\"versalitas\">xix<\/span>, pese a haber constancia de su uso desde el <span class=\"versalitas\">xviii<\/span>. Su significado se ha generalizado con el tiempo y en la actualidad se emplea con un sentido m\u00e1s amplio para referirse a un entorno de realidad virtual en el que el usuario tiene la sensaci\u00f3n de estar sumergido. Con todo, la elevada presencia de este adjetivo en las redes sociales, as\u00ed como la creciente frecuencia de uso en los corpus, parece evidenciar la necesidad de incorporar esta voz en los diccionarios.<\/p>\n\n\n\n<p>Joseph Garc\u00eda Rodr\u00edguez<br>\nUniversitat Aut\u00f2noma de Barcelona<br>Universitat Pompeu Fabra (Espa\u00f1a)<\/p>\n","protected":false},"excerpt":{"rendered":"<p>En las \u00faltimas d\u00e9cadas, con el auge de las tecnolog\u00edas de la informaci\u00f3n y la comunicaci\u00f3n, las lenguas han incrementado su caudal l\u00e9xico con el fin de denominar realidades hasta entonces inexistentes. El desarrollo de aplicaciones de realidad virtual o videojuegos 3D ha contribuido a diluir las fronteras entre el mundo real y el ficticio, lo que, sin duda, ha favorecido la creaci\u00f3n de nuevos t\u00e9rminos y significados. Esto es lo que ha sucedido con la palabra <em>inmersivo -va<\/em>, un adjetivo que, pese a recogerse en algunos diccionarios generales no acad\u00e9micos desde mediados del siglo <span class=\"versalitas\">xix<\/span>, se empez\u00f3 a utilizar en el siglo <span class=\"versalitas\">xviii<\/span> con un valor m\u00e1s restringido que en la actualidad.<\/p>\n","protected":false},"author":1,"featured_media":9440,"comment_status":"open","ping_status":"open","sticky":false,"template":"","format":"standard","meta":{"_mi_skip_tracking":false,"_s2mail":""},"categories":[206,37,69],"tags":[],"yoast_head":"<!-- This site is optimized with the Yoast SEO plugin v20.6 - https:\/\/yoast.com\/wordpress\/plugins\/seo\/ -->\n<title>CVC. Inmersivo, inmersiva | Martes Neol\u00f3gico<\/title>\n<meta name=\"description\" content=\"Art\u00edculo sobre el neologismo \u00abinmersivo, inmersiva\u00bb, dentro del blog Martes Neol\u00f3gico del Centro Virtual Cervantes.\" \/>\n<meta name=\"robots\" content=\"index, follow, max-snippet:-1, max-image-preview:large, max-video-preview:-1\" \/>\n<link rel=\"canonical\" href=\"https:\/\/blogscvc.cervantes.es\/martes-neologico\/inmersivo-inmersiva\/\" \/>\n<meta property=\"og:locale\" content=\"es_ES\" \/>\n<meta property=\"og:type\" content=\"article\" \/>\n<meta property=\"og:title\" content=\"CVC. Inmersivo, inmersiva | Martes Neol\u00f3gico\" \/>\n<meta property=\"og:description\" content=\"Art\u00edculo sobre el neologismo \u00abinmersivo, inmersiva\u00bb, dentro del blog Martes Neol\u00f3gico del Centro Virtual Cervantes.\" \/>\n<meta property=\"og:url\" content=\"https:\/\/blogscvc.cervantes.es\/martes-neologico\/inmersivo-inmersiva\/\" \/>\n<meta property=\"og:site_name\" content=\"Martes Neol\u00f3gico\" \/>\n<meta property=\"article:published_time\" content=\"2022-02-22T05:00:00+00:00\" \/>\n<meta property=\"article:modified_time\" content=\"2023-07-24T12:28:24+00:00\" \/>\n<meta property=\"og:image\" content=\"http:\/\/blogscvc.cervantes.es\/martes-neologico\/wp-content\/uploads\/sites\/2\/2022\/02\/inmersivo_350.jpg\" \/>\n\t<meta property=\"og:image:width\" content=\"750\" \/>\n\t<meta property=\"og:image:height\" content=\"350\" \/>\n\t<meta property=\"og:image:type\" content=\"image\/jpeg\" \/>\n<meta name=\"author\" content=\"admin\" \/>\n<meta name=\"twitter:card\" content=\"summary_large_image\" \/>\n<meta name=\"twitter:label1\" content=\"Escrito por\" \/>\n\t<meta name=\"twitter:data1\" content=\"admin\" \/>\n\t<meta name=\"twitter:label2\" content=\"Tiempo de lectura\" \/>\n\t<meta name=\"twitter:data2\" content=\"6 minutos\" \/>\n<script type=\"application\/ld+json\" class=\"yoast-schema-graph\">{\"@context\":\"https:\/\/schema.org\",\"@graph\":[{\"@type\":\"Article\",\"@id\":\"https:\/\/blogscvc.cervantes.es\/martes-neologico\/inmersivo-inmersiva\/#article\",\"isPartOf\":{\"@id\":\"https:\/\/blogscvc.cervantes.es\/martes-neologico\/inmersivo-inmersiva\/\"},\"author\":{\"name\":\"admin\",\"@id\":\"https:\/\/blogscvc.cervantes.es\/martes-neologico\/#\/schema\/person\/7e2fd26f886f53b1b2e81721d23acc47\"},\"headline\":\"inmersivo, inmersiva adj.\",\"datePublished\":\"2022-02-22T05:00:00+00:00\",\"dateModified\":\"2023-07-24T12:28:24+00:00\",\"mainEntityOfPage\":{\"@id\":\"https:\/\/blogscvc.cervantes.es\/martes-neologico\/inmersivo-inmersiva\/\"},\"wordCount\":1180,\"commentCount\":0,\"publisher\":{\"@id\":\"https:\/\/blogscvc.cervantes.es\/martes-neologico\/#organization\"},\"articleSection\":[\"diccionarizado\",\"sufijaci\u00f3n\",\"tecnolog\u00eda\"],\"inLanguage\":\"es\",\"potentialAction\":[{\"@type\":\"CommentAction\",\"name\":\"Comment\",\"target\":[\"https:\/\/blogscvc.cervantes.es\/martes-neologico\/inmersivo-inmersiva\/#respond\"]}]},{\"@type\":\"WebPage\",\"@id\":\"https:\/\/blogscvc.cervantes.es\/martes-neologico\/inmersivo-inmersiva\/\",\"url\":\"https:\/\/blogscvc.cervantes.es\/martes-neologico\/inmersivo-inmersiva\/\",\"name\":\"CVC. Inmersivo, inmersiva | Martes Neol\u00f3gico\",\"isPartOf\":{\"@id\":\"https:\/\/blogscvc.cervantes.es\/martes-neologico\/#website\"},\"datePublished\":\"2022-02-22T05:00:00+00:00\",\"dateModified\":\"2023-07-24T12:28:24+00:00\",\"description\":\"Art\u00edculo sobre el neologismo \u00abinmersivo, inmersiva\u00bb, dentro del blog Martes Neol\u00f3gico del Centro Virtual Cervantes.\",\"breadcrumb\":{\"@id\":\"https:\/\/blogscvc.cervantes.es\/martes-neologico\/inmersivo-inmersiva\/#breadcrumb\"},\"inLanguage\":\"es\",\"potentialAction\":[{\"@type\":\"ReadAction\",\"target\":[\"https:\/\/blogscvc.cervantes.es\/martes-neologico\/inmersivo-inmersiva\/\"]}]},{\"@type\":\"BreadcrumbList\",\"@id\":\"https:\/\/blogscvc.cervantes.es\/martes-neologico\/inmersivo-inmersiva\/#breadcrumb\",\"itemListElement\":[{\"@type\":\"ListItem\",\"position\":1,\"name\":\"Portada\",\"item\":\"https:\/\/blogscvc.cervantes.es\/martes-neologico\/\"},{\"@type\":\"ListItem\",\"position\":2,\"name\":\"inmersivo, inmersiva adj.\"}]},{\"@type\":\"WebSite\",\"@id\":\"https:\/\/blogscvc.cervantes.es\/martes-neologico\/#website\",\"url\":\"https:\/\/blogscvc.cervantes.es\/martes-neologico\/\",\"name\":\"Martes Neol\u00f3gico\",\"description\":\"Cada martes, una palabra nueva que podr\u00eda estar en el diccionario\",\"publisher\":{\"@id\":\"https:\/\/blogscvc.cervantes.es\/martes-neologico\/#organization\"},\"potentialAction\":[{\"@type\":\"SearchAction\",\"target\":{\"@type\":\"EntryPoint\",\"urlTemplate\":\"https:\/\/blogscvc.cervantes.es\/martes-neologico\/?s={search_term_string}\"},\"query-input\":\"required name=search_term_string\"}],\"inLanguage\":\"es\"},{\"@type\":\"Organization\",\"@id\":\"https:\/\/blogscvc.cervantes.es\/martes-neologico\/#organization\",\"name\":\"Martes Neol\u00f3gico\",\"url\":\"https:\/\/blogscvc.cervantes.es\/martes-neologico\/\",\"logo\":{\"@type\":\"ImageObject\",\"inLanguage\":\"es\",\"@id\":\"https:\/\/blogscvc.cervantes.es\/martes-neologico\/#\/schema\/logo\/image\/\",\"url\":\"https:\/\/blogscvc.cervantes.es\/martes-neologico\/wp-content\/uploads\/sites\/2\/2025\/10\/logo-martes-neologico-10-anos.png\",\"contentUrl\":\"https:\/\/blogscvc.cervantes.es\/martes-neologico\/wp-content\/uploads\/sites\/2\/2025\/10\/logo-martes-neologico-10-anos.png\",\"width\":300,\"height\":100,\"caption\":\"Martes Neol\u00f3gico\"},\"image\":{\"@id\":\"https:\/\/blogscvc.cervantes.es\/martes-neologico\/#\/schema\/logo\/image\/\"}},{\"@type\":\"Person\",\"@id\":\"https:\/\/blogscvc.cervantes.es\/martes-neologico\/#\/schema\/person\/7e2fd26f886f53b1b2e81721d23acc47\",\"name\":\"admin\",\"image\":{\"@type\":\"ImageObject\",\"inLanguage\":\"es\",\"@id\":\"https:\/\/blogscvc.cervantes.es\/martes-neologico\/#\/schema\/person\/image\/\",\"url\":\"https:\/\/secure.gravatar.com\/avatar\/c4b6a365b64e607f3d2ecd9620a7675a?s=96&d=mm&r=g\",\"contentUrl\":\"https:\/\/secure.gravatar.com\/avatar\/c4b6a365b64e607f3d2ecd9620a7675a?s=96&d=mm&r=g\",\"caption\":\"admin\"},\"url\":\"https:\/\/blogscvc.cervantes.es\/martes-neologico\/author\/admin\/\"}]}<\/script>\n<!-- \/ Yoast SEO plugin. -->","yoast_head_json":{"title":"CVC. Inmersivo, inmersiva | Martes Neol\u00f3gico","description":"Art\u00edculo sobre el neologismo \u00abinmersivo, inmersiva\u00bb, dentro del blog Martes Neol\u00f3gico del Centro Virtual Cervantes.","robots":{"index":"index","follow":"follow","max-snippet":"max-snippet:-1","max-image-preview":"max-image-preview:large","max-video-preview":"max-video-preview:-1"},"canonical":"https:\/\/blogscvc.cervantes.es\/martes-neologico\/inmersivo-inmersiva\/","og_locale":"es_ES","og_type":"article","og_title":"CVC. Inmersivo, inmersiva | Martes Neol\u00f3gico","og_description":"Art\u00edculo sobre el neologismo \u00abinmersivo, inmersiva\u00bb, dentro del blog Martes Neol\u00f3gico del Centro Virtual Cervantes.","og_url":"https:\/\/blogscvc.cervantes.es\/martes-neologico\/inmersivo-inmersiva\/","og_site_name":"Martes Neol\u00f3gico","article_published_time":"2022-02-22T05:00:00+00:00","article_modified_time":"2023-07-24T12:28:24+00:00","og_image":[{"width":750,"height":350,"url":"http:\/\/blogscvc.cervantes.es\/martes-neologico\/wp-content\/uploads\/sites\/2\/2022\/02\/inmersivo_350.jpg","type":"image\/jpeg"}],"author":"admin","twitter_card":"summary_large_image","twitter_misc":{"Escrito por":"admin","Tiempo de lectura":"6 minutos"},"schema":{"@context":"https:\/\/schema.org","@graph":[{"@type":"Article","@id":"https:\/\/blogscvc.cervantes.es\/martes-neologico\/inmersivo-inmersiva\/#article","isPartOf":{"@id":"https:\/\/blogscvc.cervantes.es\/martes-neologico\/inmersivo-inmersiva\/"},"author":{"name":"admin","@id":"https:\/\/blogscvc.cervantes.es\/martes-neologico\/#\/schema\/person\/7e2fd26f886f53b1b2e81721d23acc47"},"headline":"inmersivo, inmersiva adj.","datePublished":"2022-02-22T05:00:00+00:00","dateModified":"2023-07-24T12:28:24+00:00","mainEntityOfPage":{"@id":"https:\/\/blogscvc.cervantes.es\/martes-neologico\/inmersivo-inmersiva\/"},"wordCount":1180,"commentCount":0,"publisher":{"@id":"https:\/\/blogscvc.cervantes.es\/martes-neologico\/#organization"},"articleSection":["diccionarizado","sufijaci\u00f3n","tecnolog\u00eda"],"inLanguage":"es","potentialAction":[{"@type":"CommentAction","name":"Comment","target":["https:\/\/blogscvc.cervantes.es\/martes-neologico\/inmersivo-inmersiva\/#respond"]}]},{"@type":"WebPage","@id":"https:\/\/blogscvc.cervantes.es\/martes-neologico\/inmersivo-inmersiva\/","url":"https:\/\/blogscvc.cervantes.es\/martes-neologico\/inmersivo-inmersiva\/","name":"CVC. Inmersivo, inmersiva | Martes Neol\u00f3gico","isPartOf":{"@id":"https:\/\/blogscvc.cervantes.es\/martes-neologico\/#website"},"datePublished":"2022-02-22T05:00:00+00:00","dateModified":"2023-07-24T12:28:24+00:00","description":"Art\u00edculo sobre el neologismo \u00abinmersivo, inmersiva\u00bb, dentro del blog Martes Neol\u00f3gico del Centro Virtual Cervantes.","breadcrumb":{"@id":"https:\/\/blogscvc.cervantes.es\/martes-neologico\/inmersivo-inmersiva\/#breadcrumb"},"inLanguage":"es","potentialAction":[{"@type":"ReadAction","target":["https:\/\/blogscvc.cervantes.es\/martes-neologico\/inmersivo-inmersiva\/"]}]},{"@type":"BreadcrumbList","@id":"https:\/\/blogscvc.cervantes.es\/martes-neologico\/inmersivo-inmersiva\/#breadcrumb","itemListElement":[{"@type":"ListItem","position":1,"name":"Portada","item":"https:\/\/blogscvc.cervantes.es\/martes-neologico\/"},{"@type":"ListItem","position":2,"name":"inmersivo, inmersiva adj."}]},{"@type":"WebSite","@id":"https:\/\/blogscvc.cervantes.es\/martes-neologico\/#website","url":"https:\/\/blogscvc.cervantes.es\/martes-neologico\/","name":"Martes Neol\u00f3gico","description":"Cada martes, una palabra nueva que podr\u00eda estar en el diccionario","publisher":{"@id":"https:\/\/blogscvc.cervantes.es\/martes-neologico\/#organization"},"potentialAction":[{"@type":"SearchAction","target":{"@type":"EntryPoint","urlTemplate":"https:\/\/blogscvc.cervantes.es\/martes-neologico\/?s={search_term_string}"},"query-input":"required name=search_term_string"}],"inLanguage":"es"},{"@type":"Organization","@id":"https:\/\/blogscvc.cervantes.es\/martes-neologico\/#organization","name":"Martes Neol\u00f3gico","url":"https:\/\/blogscvc.cervantes.es\/martes-neologico\/","logo":{"@type":"ImageObject","inLanguage":"es","@id":"https:\/\/blogscvc.cervantes.es\/martes-neologico\/#\/schema\/logo\/image\/","url":"https:\/\/blogscvc.cervantes.es\/martes-neologico\/wp-content\/uploads\/sites\/2\/2025\/10\/logo-martes-neologico-10-anos.png","contentUrl":"https:\/\/blogscvc.cervantes.es\/martes-neologico\/wp-content\/uploads\/sites\/2\/2025\/10\/logo-martes-neologico-10-anos.png","width":300,"height":100,"caption":"Martes Neol\u00f3gico"},"image":{"@id":"https:\/\/blogscvc.cervantes.es\/martes-neologico\/#\/schema\/logo\/image\/"}},{"@type":"Person","@id":"https:\/\/blogscvc.cervantes.es\/martes-neologico\/#\/schema\/person\/7e2fd26f886f53b1b2e81721d23acc47","name":"admin","image":{"@type":"ImageObject","inLanguage":"es","@id":"https:\/\/blogscvc.cervantes.es\/martes-neologico\/#\/schema\/person\/image\/","url":"https:\/\/secure.gravatar.com\/avatar\/c4b6a365b64e607f3d2ecd9620a7675a?s=96&d=mm&r=g","contentUrl":"https:\/\/secure.gravatar.com\/avatar\/c4b6a365b64e607f3d2ecd9620a7675a?s=96&d=mm&r=g","caption":"admin"},"url":"https:\/\/blogscvc.cervantes.es\/martes-neologico\/author\/admin\/"}]}},"_links":{"self":[{"href":"https:\/\/blogscvc.cervantes.es\/martes-neologico\/wp-json\/wp\/v2\/posts\/9434"}],"collection":[{"href":"https:\/\/blogscvc.cervantes.es\/martes-neologico\/wp-json\/wp\/v2\/posts"}],"about":[{"href":"https:\/\/blogscvc.cervantes.es\/martes-neologico\/wp-json\/wp\/v2\/types\/post"}],"author":[{"embeddable":true,"href":"https:\/\/blogscvc.cervantes.es\/martes-neologico\/wp-json\/wp\/v2\/users\/1"}],"replies":[{"embeddable":true,"href":"https:\/\/blogscvc.cervantes.es\/martes-neologico\/wp-json\/wp\/v2\/comments?post=9434"}],"version-history":[{"count":5,"href":"https:\/\/blogscvc.cervantes.es\/martes-neologico\/wp-json\/wp\/v2\/posts\/9434\/revisions"}],"predecessor-version":[{"id":11615,"href":"https:\/\/blogscvc.cervantes.es\/martes-neologico\/wp-json\/wp\/v2\/posts\/9434\/revisions\/11615"}],"wp:featuredmedia":[{"embeddable":true,"href":"https:\/\/blogscvc.cervantes.es\/martes-neologico\/wp-json\/wp\/v2\/media\/9440"}],"wp:attachment":[{"href":"https:\/\/blogscvc.cervantes.es\/martes-neologico\/wp-json\/wp\/v2\/media?parent=9434"}],"wp:term":[{"taxonomy":"category","embeddable":true,"href":"https:\/\/blogscvc.cervantes.es\/martes-neologico\/wp-json\/wp\/v2\/categories?post=9434"},{"taxonomy":"post_tag","embeddable":true,"href":"https:\/\/blogscvc.cervantes.es\/martes-neologico\/wp-json\/wp\/v2\/tags?post=9434"}],"curies":[{"name":"wp","href":"https:\/\/api.w.org\/{rel}","templated":true}]}}