{"id":9632,"date":"2022-03-29T07:00:00","date_gmt":"2022-03-29T05:00:00","guid":{"rendered":"https:\/\/blogscvc.cervantes.es\/martes-neologico\/?p=9632"},"modified":"2022-04-10T11:12:02","modified_gmt":"2022-04-10T09:12:02","slug":"yogur-griego","status":"publish","type":"post","link":"https:\/\/blogscvc.cervantes.es\/martes-neologico\/yogur-griego\/","title":{"rendered":"yogur griego <em>m.<\/em>"},"content":{"rendered":"\n<p>En 1994 la multinacional Danone inici\u00f3 una campa\u00f1a publicitaria para lanzar un nuevo producto al que denomin\u00f3 <em>yogur griego<\/em>. En el anuncio aparec\u00eda una mujer ataviada con la ropa tradicional de este pa\u00eds, que supuestamente mostraba su enfado porque Espa\u00f1a le hab\u00eda arrebatado a Grecia su \u00faltimo tesoro m\u00e1s preciado. El uso de los colores propios de la bandera de Grecia (blanco y azul) en el etiquetado, junto a una imagen que evocaba el templo de Poseid\u00f3n en Sunio (a sesenta y cinco kil\u00f3metros de Atenas), provoc\u00f3 ciertos equ\u00edvocos acerca de su lugar de fabricaci\u00f3n y gener\u00f3 una intensa pol\u00e9mica con la empresa productora de yogures en Grecia, Fage Dairy Industry S. A. (FDISA), que desemboc\u00f3 en una demanda judicial. No obstante, el uso del gentilicio fue un artilugio publicitario acerca de sus caracter\u00edsticas, ya que la denominaci\u00f3n de <em>griego<\/em> para el yogur no implicaba que este alimento se hubiera producido en esa zona geogr\u00e1fica. Prueba de ello es que en el etiquetado se indic\u00f3 la designaci\u00f3n del fabricante, as\u00ed como el lugar en el que el producto era elaborado (Parets del Vall\u00e8s, Barcelona), por lo que no cab\u00eda ninguna duda de que se hab\u00eda fabricado en Espa\u00f1a. De hecho, en 1998 la campa\u00f1a publicitaria se modific\u00f3 y en ella se expresaba claramente que era un yogur \u00abfabricado en Espa\u00f1a a la receta griega\u00bb. <\/p>\n\n\n<figure class=\"wp-block-image size-large is-style-default\"><a href=\"http:\/\/blogscvc.cervantes.es\/martes-neologico\/wp-content\/uploads\/sites\/2\/2022\/03\/yogur_griego_500.jpg\"><img decoding=\"async\" class=\"wp-image-7916\" src=\"http:\/\/blogscvc.cervantes.es\/martes-neologico\/wp-content\/uploads\/sites\/2\/2022\/03\/yogur_griego_500.jpg\" alt=\"[fotograf\u00eda] dos yogures en envases de vidrio y dos cucharas met\u00e1licas.\"><\/a><figcaption>Google Images<\/figcaption><\/figure>\n\n\n<p>Desde el punto de vista morfol\u00f3gico, <em>yogur griego<\/em> es un t\u00e9rmino compuesto por disyunci\u00f3n, dado que se trata de una lex\u00eda compleja formada por dos elementos que, aunque no aparezcan fusionados gr\u00e1ficamente, designan un \u00fanico objeto. La relaci\u00f3n sem\u00e1ntica que se establece entre el sustantivo <em>yogur<\/em> y el adjetivo <em>griego<\/em> es de especificaci\u00f3n, esto es, <em>griego<\/em> delimita la extensi\u00f3n de <em>yogur<\/em> y nos indica que se trata de un tipo de yogur, concretamente, uno que se caracteriza por ser m\u00e1s espeso, menos azucarado y de mayor contenido prote\u00ednico que un yogur natural. La denominaci\u00f3n de griego, por tanto, obedece a la textura espesa y cremosa de este producto, algo que se consigue eliminando el suero del yogur, lo cual implica que tenga m\u00e1s prote\u00ednas, menos carbohidratos y menos az\u00facares que cualquier otro. Dicha denominaci\u00f3n se ha mantenido tambi\u00e9n en otras lenguas, como el ingl\u00e9s (<em>greek yogurt<\/em>), franc\u00e9s (<em>yaourt grec<\/em>), alem\u00e1n (<em>griechischer joghurt<\/em>), portugu\u00e9s (<em>iogurte grego<\/em>) o italiano (<em>yogurt greco<\/em>).<\/p>\n\n\n\n<p>Este t\u00e9rmino no se encuentra en la mayor\u00eda de los diccionarios de lengua espa\u00f1ola consultados (<em>Alvar2, Clave, DEA, DLE, VOXUSO),<\/em> salvo en el <em>NEOMM,<\/em> que lo define como \u00abproducto l\u00e1cteo elaborado con leche de vaca o de cabra, con mayor proporci\u00f3n de materia grasa y cremosidad que el yogur ordinario\u00bb e incluye un ejemplo de una obra de 2013:<\/p>\n\n\n\n<ul><li>Prepara estas cr\u00eapes y la compota seg\u00fan las recetas del apartado \u00abRecursos\u00bb. Si lo prefieres, puedes sustituir la salsa de frambuesas por <strong>yogur griego<\/strong> y la compota de manzana por compota de mango, preparada de la misma manera. [M. Carnicero (2013), <em>Grandes recetas para cocinas peque\u00f1as<\/em>]<\/li><\/ul>\n\n\n\n<p>No obstante, en el <em>Oxford English Dictionary<\/em>, adem\u00e1s de registrarse como <em>Greek<\/em> <em>yogurt<\/em> en 2015, se indica que el primer uso escrito de este compuesto es del a\u00f1o 1968. En cambio, en el Corpus de Referencia del Espa\u00f1ol Actual (CREA) la voz se documenta por primera vez en Espa\u00f1a en 1997:<\/p>\n\n\n\n<ul><li>\u00bfNo negar\u00e1 que se ha comido unos <strong>yogures griegos<\/strong> en la portada de un peri\u00f3dico espa\u00f1ol? [<em>ABC Electr\u00f3nico <\/em>(Espa\u00f1a), 4\/11\/1997]<\/li><\/ul>\n\n\n\n<p>Seg\u00fan el Corpus del Espa\u00f1ol del Siglo XXI (CORPES XXI), es a partir del 2010 cuando se registra este vocablo en textos hispanoamericanos (period\u00edsticos y novel\u00edsticos) y estadounidenses:<\/p>\n\n\n\n<ul><li>\u00bfSab\u00eda usted que puede hacer <strong>yogur griego<\/strong> en casa? [<em>El Comercio<\/em> (Per\u00fa), 10\/3\/2010]<\/li><li>La granola de la casa incluye frutos secos, <strong>yogur griego<\/strong> y frutos rojos en porciones tan generosas que se pueden compartir. [<em>Revista Fucsia.com<\/em> (Colombia), 14\/7\/2010]<\/li><li>Una merienda perfecta es <strong>yogur griego<\/strong> con bayas o un pu\u00f1ado de almendras con una fruta. [<em>HuffPost Voces<\/em> (Estados Unidos), 24\/5\/2012]<\/li><li>Llega a la cocina y abre la nevera buscando no sabe bien qu\u00e9. Hay varios <strong>yogures griegos<\/strong>. [Julio Espinosa Guerra, <em>La fr\u00eda piel de agosto<\/em>, Santiago de Chile: Aguilar Chilena Ediciones, 2013]<\/li><li>Tambi\u00e9n realiza combinaciones originales, como en aquella ocasi\u00f3n que hizo postre con higos, naranja y <strong>yogur griego<\/strong>, el cual qued\u00f3 muy rico y fresco. [<em>El Conocedor<\/em> (M\u00e9xico), 10\/2014]<\/li><li>No se trata de que elimines el az\u00facar de tus alimentos, sino que evites alimentos adicionados con az\u00facar, como por ejemplo jugos enlatados o yogures de sabores; trata de consumir <strong>yogur griego<\/strong> y agua natural. [Primera hora (<em>Puerto Rico<\/em>), 17\/3\/2014]<\/li><li>Si eres intolerante a la lactosa tienes la opci\u00f3n de los l\u00e1cteos vegetales o el famoso <strong>yogur griego<\/strong>. [<em>El Universo<\/em> (Ecuador), 22\/3\/2018]<\/li><\/ul>\n\n\n\n<p>En BOBNEO aparece por primera vez en 2010 en revistas espa\u00f1olas de art\u00edculos de alimentaci\u00f3n:<\/p>\n\n\n\n<ul><li>Hay <strong>yogures griegos<\/strong> de sabor natural y natural azucarado, para agradar a todos los paladares. [<em>Revista del Club D\u00eda<\/em> (Espa\u00f1a), 1\/3\/2010]<\/li><li>Combina el cl\u00e1sico <strong>yogur griego<\/strong> con las mejores frutas mediterr\u00e1neas: naranja, lim\u00f3n y mandarina. [<em>Sabor<\/em> (Espa\u00f1a), 1\/3\/2013]<\/li><\/ul>\n\n\n\n<p>Las diferentes bases de datos consultadas constatan que <em>yogur griego<\/em> es un sintagma muy extendido tanto en el \u00e1mbito espa\u00f1ol como en el hispanoamericano, lo cual no nos puede extra\u00f1ar si tenemos en cuenta que remite a un producto comercializado desde hace varios a\u00f1os y muy conocido no solo como postre, sino tambi\u00e9n como ingrediente de muchas salsas en la gastronom\u00eda. Por tanto, con todos estos precedentes, no cabe duda de que poco a poco se ir\u00e1 abriendo camino en las fuentes lexicogr\u00e1ficas.<\/p>\n\n\n\n<p>Elisa Barraj\u00f3n L\u00f3pez<br>NEOROC, Grupo NeoUA (Espa\u00f1a)<\/p>\n","protected":false},"excerpt":{"rendered":"<p>En 1994 la multinacional Danone inici\u00f3 una campa\u00f1a publicitaria para lanzar un nuevo producto al que denomin\u00f3 <em>yogur griego<\/em>. En el anuncio aparec\u00eda una mujer ataviada con la ropa tradicional de este pa\u00eds, que supuestamente mostraba su enfado porque Espa\u00f1a le hab\u00eda arrebatado a Grecia su \u00faltimo tesoro m\u00e1s preciado. El uso de los colores propios de la bandera de Grecia (blanco y azul) en el etiquetado, junto a una imagen que evocaba el templo de Poseid\u00f3n en Sunio (a sesenta y cinco kil\u00f3metros de Atenas), provoc\u00f3 ciertos equ\u00edvocos acerca de su lugar de fabricaci\u00f3n y gener\u00f3 una intensa pol\u00e9mica con la empresa productora de yogures en Grecia, Fage Dairy Industry S. A. (FDISA), que desemboc\u00f3 en una demanda judicial. No obstante, el uso del gentilicio fue un artilugio publicitario acerca de sus caracter\u00edsticas, ya que la denominaci\u00f3n de <em>griego<\/em> para el yogur no implicaba que este alimento se hubiera producido en esa zona geogr\u00e1fica. Prueba de ello es que en el etiquetado se indic\u00f3 la designaci\u00f3n del fabricante, as\u00ed como el lugar en el que el producto era elaborado (Parets del Vall\u00e8s, Barcelona), por lo que no cab\u00eda ninguna duda de que se hab\u00eda fabricado en Espa\u00f1a. De hecho, en 1998 la campa\u00f1a publicitaria se modific\u00f3 y en ella se expresaba claramente que era un yogur \u00abfabricado en Espa\u00f1a a la receta griega\u00bb.<\/p>\n","protected":false},"author":1,"featured_media":9638,"comment_status":"open","ping_status":"open","sticky":false,"template":"","format":"standard","meta":{"_mi_skip_tracking":false,"_s2mail":""},"categories":[20,5],"tags":[],"yoast_head":"<!-- This site is optimized with the Yoast SEO plugin v20.6 - https:\/\/yoast.com\/wordpress\/plugins\/seo\/ -->\n<title>CVC. Yogur griego | Martes Neol\u00f3gico<\/title>\n<meta name=\"description\" content=\"Art\u00edculo sobre el neologismo \u00abyogur griego\u00bb, dentro del blog Martes Neol\u00f3gico del Centro Virtual Cervantes.\" \/>\n<meta name=\"robots\" content=\"index, follow, max-snippet:-1, max-image-preview:large, max-video-preview:-1\" \/>\n<link rel=\"canonical\" href=\"https:\/\/blogscvc.cervantes.es\/martes-neologico\/yogur-griego\/\" \/>\n<meta property=\"og:locale\" content=\"es_ES\" \/>\n<meta property=\"og:type\" content=\"article\" \/>\n<meta property=\"og:title\" content=\"CVC. Yogur griego | Martes Neol\u00f3gico\" \/>\n<meta property=\"og:description\" content=\"Art\u00edculo sobre el neologismo \u00abyogur griego\u00bb, dentro del blog Martes Neol\u00f3gico del Centro Virtual Cervantes.\" \/>\n<meta property=\"og:url\" content=\"https:\/\/blogscvc.cervantes.es\/martes-neologico\/yogur-griego\/\" \/>\n<meta property=\"og:site_name\" content=\"Martes Neol\u00f3gico\" \/>\n<meta property=\"article:published_time\" content=\"2022-03-29T05:00:00+00:00\" \/>\n<meta property=\"article:modified_time\" content=\"2022-04-10T09:12:02+00:00\" \/>\n<meta property=\"og:image\" content=\"http:\/\/blogscvc.cervantes.es\/martes-neologico\/wp-content\/uploads\/sites\/2\/2022\/03\/yogur_griego_350.jpg\" \/>\n\t<meta property=\"og:image:width\" content=\"750\" \/>\n\t<meta property=\"og:image:height\" content=\"350\" \/>\n\t<meta property=\"og:image:type\" content=\"image\/jpeg\" \/>\n<meta name=\"author\" content=\"admin\" \/>\n<meta name=\"twitter:card\" content=\"summary_large_image\" \/>\n<meta name=\"twitter:label1\" content=\"Escrito por\" \/>\n\t<meta name=\"twitter:data1\" content=\"admin\" \/>\n\t<meta name=\"twitter:label2\" content=\"Tiempo de lectura\" \/>\n\t<meta name=\"twitter:data2\" content=\"5 minutos\" \/>\n<script type=\"application\/ld+json\" class=\"yoast-schema-graph\">{\"@context\":\"https:\/\/schema.org\",\"@graph\":[{\"@type\":\"Article\",\"@id\":\"https:\/\/blogscvc.cervantes.es\/martes-neologico\/yogur-griego\/#article\",\"isPartOf\":{\"@id\":\"https:\/\/blogscvc.cervantes.es\/martes-neologico\/yogur-griego\/\"},\"author\":{\"name\":\"admin\",\"@id\":\"https:\/\/blogscvc.cervantes.es\/martes-neologico\/#\/schema\/person\/7e2fd26f886f53b1b2e81721d23acc47\"},\"headline\":\"yogur griego m.\",\"datePublished\":\"2022-03-29T05:00:00+00:00\",\"dateModified\":\"2022-04-10T09:12:02+00:00\",\"mainEntityOfPage\":{\"@id\":\"https:\/\/blogscvc.cervantes.es\/martes-neologico\/yogur-griego\/\"},\"wordCount\":987,\"commentCount\":1,\"publisher\":{\"@id\":\"https:\/\/blogscvc.cervantes.es\/martes-neologico\/#organization\"},\"articleSection\":[\"gastronom\u00eda\",\"sintagmaci\u00f3n\"],\"inLanguage\":\"es\",\"potentialAction\":[{\"@type\":\"CommentAction\",\"name\":\"Comment\",\"target\":[\"https:\/\/blogscvc.cervantes.es\/martes-neologico\/yogur-griego\/#respond\"]}]},{\"@type\":\"WebPage\",\"@id\":\"https:\/\/blogscvc.cervantes.es\/martes-neologico\/yogur-griego\/\",\"url\":\"https:\/\/blogscvc.cervantes.es\/martes-neologico\/yogur-griego\/\",\"name\":\"CVC. Yogur griego | Martes Neol\u00f3gico\",\"isPartOf\":{\"@id\":\"https:\/\/blogscvc.cervantes.es\/martes-neologico\/#website\"},\"datePublished\":\"2022-03-29T05:00:00+00:00\",\"dateModified\":\"2022-04-10T09:12:02+00:00\",\"description\":\"Art\u00edculo sobre el neologismo \u00abyogur griego\u00bb, dentro del blog Martes Neol\u00f3gico del Centro Virtual Cervantes.\",\"breadcrumb\":{\"@id\":\"https:\/\/blogscvc.cervantes.es\/martes-neologico\/yogur-griego\/#breadcrumb\"},\"inLanguage\":\"es\",\"potentialAction\":[{\"@type\":\"ReadAction\",\"target\":[\"https:\/\/blogscvc.cervantes.es\/martes-neologico\/yogur-griego\/\"]}]},{\"@type\":\"BreadcrumbList\",\"@id\":\"https:\/\/blogscvc.cervantes.es\/martes-neologico\/yogur-griego\/#breadcrumb\",\"itemListElement\":[{\"@type\":\"ListItem\",\"position\":1,\"name\":\"Portada\",\"item\":\"https:\/\/blogscvc.cervantes.es\/martes-neologico\/\"},{\"@type\":\"ListItem\",\"position\":2,\"name\":\"yogur griego m.\"}]},{\"@type\":\"WebSite\",\"@id\":\"https:\/\/blogscvc.cervantes.es\/martes-neologico\/#website\",\"url\":\"https:\/\/blogscvc.cervantes.es\/martes-neologico\/\",\"name\":\"Martes Neol\u00f3gico\",\"description\":\"Cada martes, una palabra nueva que podr\u00eda estar en el diccionario\",\"publisher\":{\"@id\":\"https:\/\/blogscvc.cervantes.es\/martes-neologico\/#organization\"},\"potentialAction\":[{\"@type\":\"SearchAction\",\"target\":{\"@type\":\"EntryPoint\",\"urlTemplate\":\"https:\/\/blogscvc.cervantes.es\/martes-neologico\/?s={search_term_string}\"},\"query-input\":\"required name=search_term_string\"}],\"inLanguage\":\"es\"},{\"@type\":\"Organization\",\"@id\":\"https:\/\/blogscvc.cervantes.es\/martes-neologico\/#organization\",\"name\":\"Martes Neol\u00f3gico\",\"url\":\"https:\/\/blogscvc.cervantes.es\/martes-neologico\/\",\"logo\":{\"@type\":\"ImageObject\",\"inLanguage\":\"es\",\"@id\":\"https:\/\/blogscvc.cervantes.es\/martes-neologico\/#\/schema\/logo\/image\/\",\"url\":\"https:\/\/blogscvc.cervantes.es\/martes-neologico\/wp-content\/uploads\/sites\/2\/2025\/10\/logo-martes-neologico-10-anos.png\",\"contentUrl\":\"https:\/\/blogscvc.cervantes.es\/martes-neologico\/wp-content\/uploads\/sites\/2\/2025\/10\/logo-martes-neologico-10-anos.png\",\"width\":300,\"height\":100,\"caption\":\"Martes Neol\u00f3gico\"},\"image\":{\"@id\":\"https:\/\/blogscvc.cervantes.es\/martes-neologico\/#\/schema\/logo\/image\/\"}},{\"@type\":\"Person\",\"@id\":\"https:\/\/blogscvc.cervantes.es\/martes-neologico\/#\/schema\/person\/7e2fd26f886f53b1b2e81721d23acc47\",\"name\":\"admin\",\"image\":{\"@type\":\"ImageObject\",\"inLanguage\":\"es\",\"@id\":\"https:\/\/blogscvc.cervantes.es\/martes-neologico\/#\/schema\/person\/image\/\",\"url\":\"https:\/\/secure.gravatar.com\/avatar\/c4b6a365b64e607f3d2ecd9620a7675a?s=96&d=mm&r=g\",\"contentUrl\":\"https:\/\/secure.gravatar.com\/avatar\/c4b6a365b64e607f3d2ecd9620a7675a?s=96&d=mm&r=g\",\"caption\":\"admin\"},\"url\":\"https:\/\/blogscvc.cervantes.es\/martes-neologico\/author\/admin\/\"}]}<\/script>\n<!-- \/ Yoast SEO plugin. -->","yoast_head_json":{"title":"CVC. Yogur griego | Martes Neol\u00f3gico","description":"Art\u00edculo sobre el neologismo \u00abyogur griego\u00bb, dentro del blog Martes Neol\u00f3gico del Centro Virtual Cervantes.","robots":{"index":"index","follow":"follow","max-snippet":"max-snippet:-1","max-image-preview":"max-image-preview:large","max-video-preview":"max-video-preview:-1"},"canonical":"https:\/\/blogscvc.cervantes.es\/martes-neologico\/yogur-griego\/","og_locale":"es_ES","og_type":"article","og_title":"CVC. Yogur griego | Martes Neol\u00f3gico","og_description":"Art\u00edculo sobre el neologismo \u00abyogur griego\u00bb, dentro del blog Martes Neol\u00f3gico del Centro Virtual Cervantes.","og_url":"https:\/\/blogscvc.cervantes.es\/martes-neologico\/yogur-griego\/","og_site_name":"Martes Neol\u00f3gico","article_published_time":"2022-03-29T05:00:00+00:00","article_modified_time":"2022-04-10T09:12:02+00:00","og_image":[{"width":750,"height":350,"url":"http:\/\/blogscvc.cervantes.es\/martes-neologico\/wp-content\/uploads\/sites\/2\/2022\/03\/yogur_griego_350.jpg","type":"image\/jpeg"}],"author":"admin","twitter_card":"summary_large_image","twitter_misc":{"Escrito por":"admin","Tiempo de lectura":"5 minutos"},"schema":{"@context":"https:\/\/schema.org","@graph":[{"@type":"Article","@id":"https:\/\/blogscvc.cervantes.es\/martes-neologico\/yogur-griego\/#article","isPartOf":{"@id":"https:\/\/blogscvc.cervantes.es\/martes-neologico\/yogur-griego\/"},"author":{"name":"admin","@id":"https:\/\/blogscvc.cervantes.es\/martes-neologico\/#\/schema\/person\/7e2fd26f886f53b1b2e81721d23acc47"},"headline":"yogur griego m.","datePublished":"2022-03-29T05:00:00+00:00","dateModified":"2022-04-10T09:12:02+00:00","mainEntityOfPage":{"@id":"https:\/\/blogscvc.cervantes.es\/martes-neologico\/yogur-griego\/"},"wordCount":987,"commentCount":1,"publisher":{"@id":"https:\/\/blogscvc.cervantes.es\/martes-neologico\/#organization"},"articleSection":["gastronom\u00eda","sintagmaci\u00f3n"],"inLanguage":"es","potentialAction":[{"@type":"CommentAction","name":"Comment","target":["https:\/\/blogscvc.cervantes.es\/martes-neologico\/yogur-griego\/#respond"]}]},{"@type":"WebPage","@id":"https:\/\/blogscvc.cervantes.es\/martes-neologico\/yogur-griego\/","url":"https:\/\/blogscvc.cervantes.es\/martes-neologico\/yogur-griego\/","name":"CVC. Yogur griego | Martes Neol\u00f3gico","isPartOf":{"@id":"https:\/\/blogscvc.cervantes.es\/martes-neologico\/#website"},"datePublished":"2022-03-29T05:00:00+00:00","dateModified":"2022-04-10T09:12:02+00:00","description":"Art\u00edculo sobre el neologismo \u00abyogur griego\u00bb, dentro del blog Martes Neol\u00f3gico del Centro Virtual Cervantes.","breadcrumb":{"@id":"https:\/\/blogscvc.cervantes.es\/martes-neologico\/yogur-griego\/#breadcrumb"},"inLanguage":"es","potentialAction":[{"@type":"ReadAction","target":["https:\/\/blogscvc.cervantes.es\/martes-neologico\/yogur-griego\/"]}]},{"@type":"BreadcrumbList","@id":"https:\/\/blogscvc.cervantes.es\/martes-neologico\/yogur-griego\/#breadcrumb","itemListElement":[{"@type":"ListItem","position":1,"name":"Portada","item":"https:\/\/blogscvc.cervantes.es\/martes-neologico\/"},{"@type":"ListItem","position":2,"name":"yogur griego m."}]},{"@type":"WebSite","@id":"https:\/\/blogscvc.cervantes.es\/martes-neologico\/#website","url":"https:\/\/blogscvc.cervantes.es\/martes-neologico\/","name":"Martes Neol\u00f3gico","description":"Cada martes, una palabra nueva que podr\u00eda estar en el diccionario","publisher":{"@id":"https:\/\/blogscvc.cervantes.es\/martes-neologico\/#organization"},"potentialAction":[{"@type":"SearchAction","target":{"@type":"EntryPoint","urlTemplate":"https:\/\/blogscvc.cervantes.es\/martes-neologico\/?s={search_term_string}"},"query-input":"required name=search_term_string"}],"inLanguage":"es"},{"@type":"Organization","@id":"https:\/\/blogscvc.cervantes.es\/martes-neologico\/#organization","name":"Martes Neol\u00f3gico","url":"https:\/\/blogscvc.cervantes.es\/martes-neologico\/","logo":{"@type":"ImageObject","inLanguage":"es","@id":"https:\/\/blogscvc.cervantes.es\/martes-neologico\/#\/schema\/logo\/image\/","url":"https:\/\/blogscvc.cervantes.es\/martes-neologico\/wp-content\/uploads\/sites\/2\/2025\/10\/logo-martes-neologico-10-anos.png","contentUrl":"https:\/\/blogscvc.cervantes.es\/martes-neologico\/wp-content\/uploads\/sites\/2\/2025\/10\/logo-martes-neologico-10-anos.png","width":300,"height":100,"caption":"Martes Neol\u00f3gico"},"image":{"@id":"https:\/\/blogscvc.cervantes.es\/martes-neologico\/#\/schema\/logo\/image\/"}},{"@type":"Person","@id":"https:\/\/blogscvc.cervantes.es\/martes-neologico\/#\/schema\/person\/7e2fd26f886f53b1b2e81721d23acc47","name":"admin","image":{"@type":"ImageObject","inLanguage":"es","@id":"https:\/\/blogscvc.cervantes.es\/martes-neologico\/#\/schema\/person\/image\/","url":"https:\/\/secure.gravatar.com\/avatar\/c4b6a365b64e607f3d2ecd9620a7675a?s=96&d=mm&r=g","contentUrl":"https:\/\/secure.gravatar.com\/avatar\/c4b6a365b64e607f3d2ecd9620a7675a?s=96&d=mm&r=g","caption":"admin"},"url":"https:\/\/blogscvc.cervantes.es\/martes-neologico\/author\/admin\/"}]}},"_links":{"self":[{"href":"https:\/\/blogscvc.cervantes.es\/martes-neologico\/wp-json\/wp\/v2\/posts\/9632"}],"collection":[{"href":"https:\/\/blogscvc.cervantes.es\/martes-neologico\/wp-json\/wp\/v2\/posts"}],"about":[{"href":"https:\/\/blogscvc.cervantes.es\/martes-neologico\/wp-json\/wp\/v2\/types\/post"}],"author":[{"embeddable":true,"href":"https:\/\/blogscvc.cervantes.es\/martes-neologico\/wp-json\/wp\/v2\/users\/1"}],"replies":[{"embeddable":true,"href":"https:\/\/blogscvc.cervantes.es\/martes-neologico\/wp-json\/wp\/v2\/comments?post=9632"}],"version-history":[{"count":2,"href":"https:\/\/blogscvc.cervantes.es\/martes-neologico\/wp-json\/wp\/v2\/posts\/9632\/revisions"}],"predecessor-version":[{"id":9704,"href":"https:\/\/blogscvc.cervantes.es\/martes-neologico\/wp-json\/wp\/v2\/posts\/9632\/revisions\/9704"}],"wp:featuredmedia":[{"embeddable":true,"href":"https:\/\/blogscvc.cervantes.es\/martes-neologico\/wp-json\/wp\/v2\/media\/9638"}],"wp:attachment":[{"href":"https:\/\/blogscvc.cervantes.es\/martes-neologico\/wp-json\/wp\/v2\/media?parent=9632"}],"wp:term":[{"taxonomy":"category","embeddable":true,"href":"https:\/\/blogscvc.cervantes.es\/martes-neologico\/wp-json\/wp\/v2\/categories?post=9632"},{"taxonomy":"post_tag","embeddable":true,"href":"https:\/\/blogscvc.cervantes.es\/martes-neologico\/wp-json\/wp\/v2\/tags?post=9632"}],"curies":[{"name":"wp","href":"https:\/\/api.w.org\/{rel}","templated":true}]}}