{"id":9665,"date":"2022-04-05T07:00:00","date_gmt":"2022-04-05T05:00:00","guid":{"rendered":"https:\/\/blogscvc.cervantes.es\/martes-neologico\/?p=9665"},"modified":"2025-07-31T12:43:09","modified_gmt":"2025-07-31T10:43:09","slug":"metadato","status":"publish","type":"post","link":"https:\/\/blogscvc.cervantes.es\/martes-neologico\/metadato\/","title":{"rendered":"metadato <em>m.<\/em>"},"content":{"rendered":"\n<p>La palabra <em>metadato<\/em> se encuentra formada mediante composici\u00f3n por dos bases l\u00e9xicas: <em>meta-<\/em>, del griego, que significa \u2018junto a\u2019, \u2018despu\u00e9s de\u2019, \u2018entre\u2019, \u2018con\u2019 o \u2018acerca de\u2019; y <em>dato<\/em>, del lat\u00edn datum. Sin embargo, probablemente la lengua espa\u00f1ola no habr\u00e1 creado este compuesto desde las lenguas cl\u00e1sicas, sino que m\u00e1s bien lo habr\u00e1 incorporado como un pr\u00e9stamo a trav\u00e9s del sustantivo incontable ingl\u00e9s <em>metadata<\/em> (\u00abdata whose purpose is to describe and give information about other data\u00bb, <em>Oxford English Dictionary<\/em>), como la mayor\u00eda de voces propias del lenguaje inform\u00e1tico y tecnol\u00f3gico (pi\u00e9nsese en <em>tel\u00e9fono<\/em>, por ejemplo).<\/p>\n\n\n<figure class=\"wp-block-image size-large is-style-default\"><a href=\"http:\/\/blogscvc.cervantes.es\/martes-neologico\/wp-content\/uploads\/sites\/2\/2022\/04\/metadato_500.jpg\"><img decoding=\"async\" class=\"wp-image-7916\" src=\"http:\/\/blogscvc.cervantes.es\/martes-neologico\/wp-content\/uploads\/sites\/2\/2022\/04\/metadato_500.jpg\" alt=\"[fotograf\u00eda] ordenador port\u00e1til semicerrado.\"><\/a><figcaption>Federico Orlandi (Pexels)<\/figcaption><\/figure>\n\n\n<p>Como sustantivo com\u00fan, pues, hace referencia a aquella informaci\u00f3n que define y describe otros datos. Esta palabra ha cobrado especial relevancia a partir del uso masivo de Internet y la consecuente necesidad de clasificar la enorme cantidad de datos ah\u00ed alojados. Por ello, lo general es hallarlo en textos especializados de tem\u00e1tica cient\u00edfico-t\u00e9cnica o que hacen referencia a soportes electr\u00f3nicos.<\/p>\n\n\n\n<ul>\n<li>Todos los archivos que se crean en una computadora [&#8230;] poseen <strong>metadatos<\/strong> que indican el nombre del usuario que los ha creado, [&#8230;] usuarios que los han modificado, la referencia de la impresora que los reprodujo, etc. [<em>El Comercio <\/em>(Per\u00fa), 7\/8\/2011]<\/li>\n<\/ul>\n\n\n\n<p>Quiz\u00e1 esta palabra resulte familiar tambi\u00e9n porque ha protagonizado la pol\u00e9mica sobre las pol\u00edticas de privacidad y manejo de datos personales de los usuarios y compradores de plataformas y redes sociales inform\u00e1ticas:<\/p>\n\n\n\n<ul>\n<li>Ars Technica ha desvelado que iTunes incrusta en cada canci\u00f3n <strong>metadatos<\/strong> que identifican a su comprador [<em>El Pa\u00eds <\/em>(Espa\u00f1a), 17\/6\/2007]<\/li>\n<\/ul>\n\n\n\n<p>Son, desde luego, datos muy valiosos, por lo que no es de extra\u00f1ar que despierten el inter\u00e9s no solo para las empresas, sino tambi\u00e9n para organismos de seguridad ciudadana:<\/p>\n\n\n\n<ul>\n<li>Las autoridades estadounidenses aclararon enseguida que no espiaban el contenido de las conversaciones en s\u00ed sino <strong>metadatos<\/strong> como qui\u00e9n llamaba a qui\u00e9n [<em>El Pa\u00eds <\/em>(Espa\u00f1a), 5\/3\/2014]<\/li>\n\n\n\n<li>Si el art\u00edculo 215 de la Ley Patri\u00f3tica expira, no podremos continuar el programa de recolectar los <strong>metadatos<\/strong> telef\u00f3nicos, tarea crucial para la seguridad del pa\u00eds, declar\u00f3 Ned Price, vocero del Consejo de Seguridad Nacional [<em>La Jornada <\/em>(M\u00e9xico), 27\/3\/2015]<\/li>\n<\/ul>\n\n\n\n<p>Como se puede ver en estos ejemplos, lo m\u00e1s frecuente, tanto en el espa\u00f1ol de Espa\u00f1a como en Hispanoam\u00e9rica, es utilizar la forma <em>metadato<\/em>, una variante adaptada a las reglas morfol\u00f3gicas del espa\u00f1ol como un sustantivo masculino, por lo que, de utilizarse en plural, aparecer\u00e1 con una terminaci\u00f3n en &#8211;<em>s:<\/em> <em>metadatos<\/em>. En este sentido, es raro utilizarla como un anglicismo (<em>metadata<\/em>) sin adaptar, y a\u00fan menos, reinterpretada en espa\u00f1ol como femenino singular, pero de significado colectivo, por su terminaci\u00f3n en &#8211;<em>a<\/em> (como otras palabras del tipo <em>camada<\/em> o <em>arboleda<\/em>):<\/p>\n\n\n\n<ul>\n<li>Recientemente se ha evaluado la posibilidad de crear un ambiente abierto y tener un marco de referencia que permita compartir experiencias e informaci\u00f3n a la hora de buscar recursos, actualizarse, obtener informaci\u00f3n sobre <strong>metadata<\/strong>, formato de datos y tecnolog\u00eda, pero el futuro de los datos y recursos disponibles para aplicar los SIG en la educaci\u00f3n est\u00e1 a\u00fan en discusi\u00f3n. [<em>Geofocus <\/em>(Espa\u00f1a), 2003]<\/li>\n<\/ul>\n\n\n\n<p>Probablemente, estos escasos ejemplos se deban a la influencia de su forma original inglesa y, adem\u00e1s, solo se dar\u00edan en los primeros textos en espa\u00f1ol que recogieran este concepto. Es curioso que, como nombre propio, s\u00ed es m\u00e1s general recurrir al anglicismo (ser\u00e1 por eso del <em>marketing<\/em>)<em> metadata<\/em>:es el caso del nombre de una revista digital de tecnolog\u00eda en catal\u00e1n o de empresas que prestan servicios de consultor\u00eda y desarrollo de <em>software<\/em>.<\/p>\n\n\n\n<p>En cuanto a su presencia en las obras lexicogr\u00e1ficas del espa\u00f1ol, aunque esta palabra est\u00e1 en circulaci\u00f3n en esta lengua desde los primeros a\u00f1os de los 2000, no aparece registrada en diccionariosde referencia general, como el acad\u00e9mico <em>DLE,<\/em> aunque s\u00ed en el <em>Diccionario panhisp\u00e1nico del espa\u00f1ol jur\u00eddico<\/em>, de 2020, donde se recogen t\u00e9rminos contemplados en la legislaci\u00f3n. En el caso de otras lenguas romances, se observa su inclusi\u00f3n tan solo espor\u00e1dicamente en alg\u00fan diccionario virtual portugu\u00e9s, como <em>Infop\u00e9dia<\/em> (s. v. <em>metadado<\/em>), pero no en otros similares (por ejemplo, <em>Dicio<\/em>)o en diccionarios en papel. No se encuentra tampoco en diccionarios de las lenguas gallega, francesa, catalana o italiana; ni siquiera en otras lenguas germ\u00e1nicas, como el alem\u00e1n: salvando el caso portugu\u00e9s antes expuesto, solo parece estar incorporado en los vocabularios de la lengua origen del t\u00e9rmino, el ingl\u00e9s, donde se utiliza desde la d\u00e9cada de 1960 (<em>Oxford English Dictionary<\/em>, <em>Collins English Dictionary<\/em>)<em>.<\/em><\/p>\n\n\n\n<p>Su ausencia casi general en diccionarios y vocabularios de otras lenguas distintas al ingl\u00e9s y, desde luego, en el caso del espa\u00f1ol, probablemente se deba a su reciente incorporaci\u00f3n, as\u00ed como al contexto de uso especializado; quiz\u00e1, en un futuro no muy lejano, la situaci\u00f3n sea otra y este neologismo encuentre su lugar en la lexicograf\u00eda hisp\u00e1nica como reflejo y resultado de su vigencia y vitalidad.<\/p>\n\n\n\n<p>Blanca Garrido Mart\u00edn<br>Historia 15<br>Universidad de Sevilla (Espa\u00f1a)<\/p>\n","protected":false},"excerpt":{"rendered":"<p>La palabra <em>metadato<\/em> se encuentra formada mediante composici\u00f3n por dos bases l\u00e9xicas: <em>meta-<\/em>, del griego, que significa \u2018junto a\u2019, \u2018despu\u00e9s de\u2019, \u2018entre\u2019, \u2018con\u2019 o \u2018acerca de\u2019; y <em>dato<\/em>, del lat\u00edn datum. Sin embargo, probablemente la lengua espa\u00f1ola no habr\u00e1 creado este compuesto desde las lenguas cl\u00e1sicas, sino que m\u00e1s bien lo habr\u00e1 incorporado como un pr\u00e9stamo a trav\u00e9s del sustantivo incontable ingl\u00e9s <em>metadata<\/em> (\u00abdata whose purpose is to describe and give information about other data\u00bb, <em>Oxford English Dictionary<\/em>), como la mayor\u00eda de voces propias del lenguaje inform\u00e1tico y tecnol\u00f3gico (pi\u00e9nsese en <em>tel\u00e9fono<\/em>, por ejemplo).<\/p>\n","protected":false},"author":1,"featured_media":9668,"comment_status":"open","ping_status":"open","sticky":false,"template":"","format":"standard","meta":{"_mi_skip_tracking":false,"_s2mail":""},"categories":[58,52],"tags":[],"yoast_head":"<!-- This site is optimized with the Yoast SEO plugin v20.6 - https:\/\/yoast.com\/wordpress\/plugins\/seo\/ -->\n<title>CVC. Metadato | Martes Neol\u00f3gico<\/title>\n<meta name=\"description\" content=\"Art\u00edculo sobre el neologismo \u00abmetadato\u00bb, dentro del blog Martes Neol\u00f3gico del Centro Virtual Cervantes.\" \/>\n<meta name=\"robots\" content=\"index, follow, max-snippet:-1, max-image-preview:large, max-video-preview:-1\" \/>\n<link rel=\"canonical\" href=\"https:\/\/blogscvc.cervantes.es\/martes-neologico\/metadato\/\" \/>\n<meta property=\"og:locale\" content=\"es_ES\" \/>\n<meta property=\"og:type\" content=\"article\" \/>\n<meta property=\"og:title\" content=\"CVC. Metadato | Martes Neol\u00f3gico\" \/>\n<meta property=\"og:description\" content=\"Art\u00edculo sobre el neologismo \u00abmetadato\u00bb, dentro del blog Martes Neol\u00f3gico del Centro Virtual Cervantes.\" \/>\n<meta property=\"og:url\" content=\"https:\/\/blogscvc.cervantes.es\/martes-neologico\/metadato\/\" \/>\n<meta property=\"og:site_name\" content=\"Martes Neol\u00f3gico\" \/>\n<meta property=\"article:published_time\" content=\"2022-04-05T05:00:00+00:00\" \/>\n<meta property=\"article:modified_time\" content=\"2025-07-31T10:43:09+00:00\" \/>\n<meta property=\"og:image\" content=\"http:\/\/blogscvc.cervantes.es\/martes-neologico\/wp-content\/uploads\/sites\/2\/2022\/04\/metadato_350.jpg\" \/>\n\t<meta property=\"og:image:width\" content=\"750\" \/>\n\t<meta property=\"og:image:height\" content=\"350\" \/>\n\t<meta property=\"og:image:type\" content=\"image\/jpeg\" \/>\n<meta name=\"author\" content=\"admin\" \/>\n<meta name=\"twitter:card\" content=\"summary_large_image\" \/>\n<meta name=\"twitter:label1\" content=\"Escrito por\" \/>\n\t<meta name=\"twitter:data1\" content=\"admin\" \/>\n\t<meta name=\"twitter:label2\" content=\"Tiempo de lectura\" \/>\n\t<meta name=\"twitter:data2\" content=\"4 minutos\" \/>\n<script type=\"application\/ld+json\" class=\"yoast-schema-graph\">{\"@context\":\"https:\/\/schema.org\",\"@graph\":[{\"@type\":\"Article\",\"@id\":\"https:\/\/blogscvc.cervantes.es\/martes-neologico\/metadato\/#article\",\"isPartOf\":{\"@id\":\"https:\/\/blogscvc.cervantes.es\/martes-neologico\/metadato\/\"},\"author\":{\"name\":\"admin\",\"@id\":\"https:\/\/blogscvc.cervantes.es\/martes-neologico\/#\/schema\/person\/7e2fd26f886f53b1b2e81721d23acc47\"},\"headline\":\"metadato m.\",\"datePublished\":\"2022-04-05T05:00:00+00:00\",\"dateModified\":\"2025-07-31T10:43:09+00:00\",\"mainEntityOfPage\":{\"@id\":\"https:\/\/blogscvc.cervantes.es\/martes-neologico\/metadato\/\"},\"wordCount\":877,\"commentCount\":0,\"publisher\":{\"@id\":\"https:\/\/blogscvc.cervantes.es\/martes-neologico\/#organization\"},\"articleSection\":[\"inform\u00e1tica\",\"prefijaci\u00f3n\"],\"inLanguage\":\"es\",\"potentialAction\":[{\"@type\":\"CommentAction\",\"name\":\"Comment\",\"target\":[\"https:\/\/blogscvc.cervantes.es\/martes-neologico\/metadato\/#respond\"]}]},{\"@type\":\"WebPage\",\"@id\":\"https:\/\/blogscvc.cervantes.es\/martes-neologico\/metadato\/\",\"url\":\"https:\/\/blogscvc.cervantes.es\/martes-neologico\/metadato\/\",\"name\":\"CVC. Metadato | Martes Neol\u00f3gico\",\"isPartOf\":{\"@id\":\"https:\/\/blogscvc.cervantes.es\/martes-neologico\/#website\"},\"datePublished\":\"2022-04-05T05:00:00+00:00\",\"dateModified\":\"2025-07-31T10:43:09+00:00\",\"description\":\"Art\u00edculo sobre el neologismo \u00abmetadato\u00bb, dentro del blog Martes Neol\u00f3gico del Centro Virtual Cervantes.\",\"breadcrumb\":{\"@id\":\"https:\/\/blogscvc.cervantes.es\/martes-neologico\/metadato\/#breadcrumb\"},\"inLanguage\":\"es\",\"potentialAction\":[{\"@type\":\"ReadAction\",\"target\":[\"https:\/\/blogscvc.cervantes.es\/martes-neologico\/metadato\/\"]}]},{\"@type\":\"BreadcrumbList\",\"@id\":\"https:\/\/blogscvc.cervantes.es\/martes-neologico\/metadato\/#breadcrumb\",\"itemListElement\":[{\"@type\":\"ListItem\",\"position\":1,\"name\":\"Portada\",\"item\":\"https:\/\/blogscvc.cervantes.es\/martes-neologico\/\"},{\"@type\":\"ListItem\",\"position\":2,\"name\":\"metadato m.\"}]},{\"@type\":\"WebSite\",\"@id\":\"https:\/\/blogscvc.cervantes.es\/martes-neologico\/#website\",\"url\":\"https:\/\/blogscvc.cervantes.es\/martes-neologico\/\",\"name\":\"Martes Neol\u00f3gico\",\"description\":\"Cada martes, una palabra nueva que podr\u00eda estar en el diccionario\",\"publisher\":{\"@id\":\"https:\/\/blogscvc.cervantes.es\/martes-neologico\/#organization\"},\"potentialAction\":[{\"@type\":\"SearchAction\",\"target\":{\"@type\":\"EntryPoint\",\"urlTemplate\":\"https:\/\/blogscvc.cervantes.es\/martes-neologico\/?s={search_term_string}\"},\"query-input\":\"required name=search_term_string\"}],\"inLanguage\":\"es\"},{\"@type\":\"Organization\",\"@id\":\"https:\/\/blogscvc.cervantes.es\/martes-neologico\/#organization\",\"name\":\"Martes Neol\u00f3gico\",\"url\":\"https:\/\/blogscvc.cervantes.es\/martes-neologico\/\",\"logo\":{\"@type\":\"ImageObject\",\"inLanguage\":\"es\",\"@id\":\"https:\/\/blogscvc.cervantes.es\/martes-neologico\/#\/schema\/logo\/image\/\",\"url\":\"https:\/\/blogscvc.cervantes.es\/martes-neologico\/wp-content\/uploads\/sites\/2\/2025\/10\/logo-martes-neologico-10-anos.png\",\"contentUrl\":\"https:\/\/blogscvc.cervantes.es\/martes-neologico\/wp-content\/uploads\/sites\/2\/2025\/10\/logo-martes-neologico-10-anos.png\",\"width\":300,\"height\":100,\"caption\":\"Martes Neol\u00f3gico\"},\"image\":{\"@id\":\"https:\/\/blogscvc.cervantes.es\/martes-neologico\/#\/schema\/logo\/image\/\"}},{\"@type\":\"Person\",\"@id\":\"https:\/\/blogscvc.cervantes.es\/martes-neologico\/#\/schema\/person\/7e2fd26f886f53b1b2e81721d23acc47\",\"name\":\"admin\",\"image\":{\"@type\":\"ImageObject\",\"inLanguage\":\"es\",\"@id\":\"https:\/\/blogscvc.cervantes.es\/martes-neologico\/#\/schema\/person\/image\/\",\"url\":\"https:\/\/secure.gravatar.com\/avatar\/c4b6a365b64e607f3d2ecd9620a7675a?s=96&d=mm&r=g\",\"contentUrl\":\"https:\/\/secure.gravatar.com\/avatar\/c4b6a365b64e607f3d2ecd9620a7675a?s=96&d=mm&r=g\",\"caption\":\"admin\"},\"url\":\"https:\/\/blogscvc.cervantes.es\/martes-neologico\/author\/admin\/\"}]}<\/script>\n<!-- \/ Yoast SEO plugin. -->","yoast_head_json":{"title":"CVC. Metadato | Martes Neol\u00f3gico","description":"Art\u00edculo sobre el neologismo \u00abmetadato\u00bb, dentro del blog Martes Neol\u00f3gico del Centro Virtual Cervantes.","robots":{"index":"index","follow":"follow","max-snippet":"max-snippet:-1","max-image-preview":"max-image-preview:large","max-video-preview":"max-video-preview:-1"},"canonical":"https:\/\/blogscvc.cervantes.es\/martes-neologico\/metadato\/","og_locale":"es_ES","og_type":"article","og_title":"CVC. Metadato | Martes Neol\u00f3gico","og_description":"Art\u00edculo sobre el neologismo \u00abmetadato\u00bb, dentro del blog Martes Neol\u00f3gico del Centro Virtual Cervantes.","og_url":"https:\/\/blogscvc.cervantes.es\/martes-neologico\/metadato\/","og_site_name":"Martes Neol\u00f3gico","article_published_time":"2022-04-05T05:00:00+00:00","article_modified_time":"2025-07-31T10:43:09+00:00","og_image":[{"width":750,"height":350,"url":"http:\/\/blogscvc.cervantes.es\/martes-neologico\/wp-content\/uploads\/sites\/2\/2022\/04\/metadato_350.jpg","type":"image\/jpeg"}],"author":"admin","twitter_card":"summary_large_image","twitter_misc":{"Escrito por":"admin","Tiempo de lectura":"4 minutos"},"schema":{"@context":"https:\/\/schema.org","@graph":[{"@type":"Article","@id":"https:\/\/blogscvc.cervantes.es\/martes-neologico\/metadato\/#article","isPartOf":{"@id":"https:\/\/blogscvc.cervantes.es\/martes-neologico\/metadato\/"},"author":{"name":"admin","@id":"https:\/\/blogscvc.cervantes.es\/martes-neologico\/#\/schema\/person\/7e2fd26f886f53b1b2e81721d23acc47"},"headline":"metadato m.","datePublished":"2022-04-05T05:00:00+00:00","dateModified":"2025-07-31T10:43:09+00:00","mainEntityOfPage":{"@id":"https:\/\/blogscvc.cervantes.es\/martes-neologico\/metadato\/"},"wordCount":877,"commentCount":0,"publisher":{"@id":"https:\/\/blogscvc.cervantes.es\/martes-neologico\/#organization"},"articleSection":["inform\u00e1tica","prefijaci\u00f3n"],"inLanguage":"es","potentialAction":[{"@type":"CommentAction","name":"Comment","target":["https:\/\/blogscvc.cervantes.es\/martes-neologico\/metadato\/#respond"]}]},{"@type":"WebPage","@id":"https:\/\/blogscvc.cervantes.es\/martes-neologico\/metadato\/","url":"https:\/\/blogscvc.cervantes.es\/martes-neologico\/metadato\/","name":"CVC. Metadato | Martes Neol\u00f3gico","isPartOf":{"@id":"https:\/\/blogscvc.cervantes.es\/martes-neologico\/#website"},"datePublished":"2022-04-05T05:00:00+00:00","dateModified":"2025-07-31T10:43:09+00:00","description":"Art\u00edculo sobre el neologismo \u00abmetadato\u00bb, dentro del blog Martes Neol\u00f3gico del Centro Virtual Cervantes.","breadcrumb":{"@id":"https:\/\/blogscvc.cervantes.es\/martes-neologico\/metadato\/#breadcrumb"},"inLanguage":"es","potentialAction":[{"@type":"ReadAction","target":["https:\/\/blogscvc.cervantes.es\/martes-neologico\/metadato\/"]}]},{"@type":"BreadcrumbList","@id":"https:\/\/blogscvc.cervantes.es\/martes-neologico\/metadato\/#breadcrumb","itemListElement":[{"@type":"ListItem","position":1,"name":"Portada","item":"https:\/\/blogscvc.cervantes.es\/martes-neologico\/"},{"@type":"ListItem","position":2,"name":"metadato m."}]},{"@type":"WebSite","@id":"https:\/\/blogscvc.cervantes.es\/martes-neologico\/#website","url":"https:\/\/blogscvc.cervantes.es\/martes-neologico\/","name":"Martes Neol\u00f3gico","description":"Cada martes, una palabra nueva que podr\u00eda estar en el diccionario","publisher":{"@id":"https:\/\/blogscvc.cervantes.es\/martes-neologico\/#organization"},"potentialAction":[{"@type":"SearchAction","target":{"@type":"EntryPoint","urlTemplate":"https:\/\/blogscvc.cervantes.es\/martes-neologico\/?s={search_term_string}"},"query-input":"required name=search_term_string"}],"inLanguage":"es"},{"@type":"Organization","@id":"https:\/\/blogscvc.cervantes.es\/martes-neologico\/#organization","name":"Martes Neol\u00f3gico","url":"https:\/\/blogscvc.cervantes.es\/martes-neologico\/","logo":{"@type":"ImageObject","inLanguage":"es","@id":"https:\/\/blogscvc.cervantes.es\/martes-neologico\/#\/schema\/logo\/image\/","url":"https:\/\/blogscvc.cervantes.es\/martes-neologico\/wp-content\/uploads\/sites\/2\/2025\/10\/logo-martes-neologico-10-anos.png","contentUrl":"https:\/\/blogscvc.cervantes.es\/martes-neologico\/wp-content\/uploads\/sites\/2\/2025\/10\/logo-martes-neologico-10-anos.png","width":300,"height":100,"caption":"Martes Neol\u00f3gico"},"image":{"@id":"https:\/\/blogscvc.cervantes.es\/martes-neologico\/#\/schema\/logo\/image\/"}},{"@type":"Person","@id":"https:\/\/blogscvc.cervantes.es\/martes-neologico\/#\/schema\/person\/7e2fd26f886f53b1b2e81721d23acc47","name":"admin","image":{"@type":"ImageObject","inLanguage":"es","@id":"https:\/\/blogscvc.cervantes.es\/martes-neologico\/#\/schema\/person\/image\/","url":"https:\/\/secure.gravatar.com\/avatar\/c4b6a365b64e607f3d2ecd9620a7675a?s=96&d=mm&r=g","contentUrl":"https:\/\/secure.gravatar.com\/avatar\/c4b6a365b64e607f3d2ecd9620a7675a?s=96&d=mm&r=g","caption":"admin"},"url":"https:\/\/blogscvc.cervantes.es\/martes-neologico\/author\/admin\/"}]}},"_links":{"self":[{"href":"https:\/\/blogscvc.cervantes.es\/martes-neologico\/wp-json\/wp\/v2\/posts\/9665"}],"collection":[{"href":"https:\/\/blogscvc.cervantes.es\/martes-neologico\/wp-json\/wp\/v2\/posts"}],"about":[{"href":"https:\/\/blogscvc.cervantes.es\/martes-neologico\/wp-json\/wp\/v2\/types\/post"}],"author":[{"embeddable":true,"href":"https:\/\/blogscvc.cervantes.es\/martes-neologico\/wp-json\/wp\/v2\/users\/1"}],"replies":[{"embeddable":true,"href":"https:\/\/blogscvc.cervantes.es\/martes-neologico\/wp-json\/wp\/v2\/comments?post=9665"}],"version-history":[{"count":4,"href":"https:\/\/blogscvc.cervantes.es\/martes-neologico\/wp-json\/wp\/v2\/posts\/9665\/revisions"}],"predecessor-version":[{"id":13645,"href":"https:\/\/blogscvc.cervantes.es\/martes-neologico\/wp-json\/wp\/v2\/posts\/9665\/revisions\/13645"}],"wp:featuredmedia":[{"embeddable":true,"href":"https:\/\/blogscvc.cervantes.es\/martes-neologico\/wp-json\/wp\/v2\/media\/9668"}],"wp:attachment":[{"href":"https:\/\/blogscvc.cervantes.es\/martes-neologico\/wp-json\/wp\/v2\/media?parent=9665"}],"wp:term":[{"taxonomy":"category","embeddable":true,"href":"https:\/\/blogscvc.cervantes.es\/martes-neologico\/wp-json\/wp\/v2\/categories?post=9665"},{"taxonomy":"post_tag","embeddable":true,"href":"https:\/\/blogscvc.cervantes.es\/martes-neologico\/wp-json\/wp\/v2\/tags?post=9665"}],"curies":[{"name":"wp","href":"https:\/\/api.w.org\/{rel}","templated":true}]}}