{"id":9701,"date":"2022-04-12T07:00:00","date_gmt":"2022-04-12T05:00:00","guid":{"rendered":"https:\/\/blogscvc.cervantes.es\/martes-neologico\/?p=9701"},"modified":"2022-04-10T11:24:35","modified_gmt":"2022-04-10T09:24:35","slug":"ultraprocesado","status":"publish","type":"post","link":"https:\/\/blogscvc.cervantes.es\/martes-neologico\/ultraprocesado\/","title":{"rendered":"ultraprocesado <em>adj.<\/em> y <em>m.<\/em>"},"content":{"rendered":"\n<p>Dos vertientes recorre el inter\u00e9s medi\u00e1tico por la alimentaci\u00f3n: en la primera, esta se integra a una trama cultural donde la dieta elegida se\u00f1ala pertenencia social y grado de cosmopolitismo, entre otros valores (a ella corresponde la proliferaci\u00f3n de voces como <em><a style=\"color: #2d9659;\" href=\"https:\/\/blogscvc.cervantes.es\/martes-neologico\/nouvelle-cuisine\/\">nouvelle cuisine<\/a><\/em>, <em><a style=\"color: #2d9659;\" href=\"https:\/\/blogscvc.cervantes.es\/martes-neologico\/menu-degustacion\/\">men\u00fa degustaci\u00f3n<\/a><\/em>, <em><a style=\"color: #2d9659;\" href=\"https:\/\/blogscvc.cervantes.es\/martes-neologico\/bagel\/\">bagel<\/a><\/em>, <em><a style=\"color: #2d9659;\" href=\"https:\/\/blogscvc.cervantes.es\/martes-neologico\/seitan\/\">seit\u00e1n<\/a><\/em>); en la segunda, la alimentaci\u00f3n se asocia al cuidado de la salud y el medio ambiente, y en este campo de inter\u00e9s encontramos palabras como <em><a style=\"color: #2d9659;\" href=\"https:\/\/blogscvc.cervantes.es\/martes-neologico\/superalimento\/\">superalimento<\/a><\/em>, <em><a style=\"color: #2d9659;\" href=\"https:\/\/blogscvc.cervantes.es\/martes-neologico\/muesli\/\">muesli<\/a><\/em>, <em><a style=\"color: #2d9659;\" href=\"https:\/\/blogscvc.cervantes.es\/martes-neologico\/hormonar\/\">hormonar<\/a><\/em> y <em>ultraprocesado<\/em>.<\/p>\n\n\n<figure class=\"wp-block-image size-large is-style-default\"><a href=\"http:\/\/blogscvc.cervantes.es\/martes-neologico\/wp-content\/uploads\/sites\/2\/2022\/04\/ultraprocesado_500.jpg\"><img decoding=\"async\" class=\"wp-image-7916\" src=\"http:\/\/blogscvc.cervantes.es\/martes-neologico\/wp-content\/uploads\/sites\/2\/2022\/04\/ultraprocesado_500.jpg\" alt=\"[fotograf\u00eda] bandeja con comida poco saludable\"><\/a><figcaption>Mohamed Hergafi (Pexels)<\/figcaption><\/figure>\n\n\n<p>El adjetivo <em>ultraprocesado<\/em>, probablemente un calco del ingl\u00e9s <em>ultra-processed<\/em>, se usa para referirse a las caracter\u00edsticas de un alimento que se considera poco nutritivo, en cuya elaboraci\u00f3n intervienen m\u00faltiples procesos industriales, que incorpora varios componentes adicionales \u2014como conservantes, saborizantes y colorantes\u2014 y se comercializa listo para consumir o calentar. Los contextos siguientes, tomados de fuentes del Observatori de Neologia, ilustran el uso de este adjetivo:<\/p>\n\n\n\n<ul><li>Moodie y otra decena de investigadores han publicado un informe en la revista m\u00e9dica <em>The Lancet<\/em> donde acusan a estas compa\u00f1\u00edas de ser las grandes responsables de la moderna transici\u00f3n alimenticia: el abandono de los alimentos naturales o poco procesados por el de las comidas y bebidas <strong>ultraprocesadas<\/strong>. [<em>La Excepci\u00f3n<\/em> (Espa\u00f1a), 25\/3\/2013]<\/li><li>Al norte del r\u00edo Bravo son habituales el sedentarismo, las bebidas azucaradas y los alimentos <strong>ultraprocesados<\/strong>, hipercal\u00f3ricos y ricos en grasas. [<em>MG Magazine<\/em> (Espa\u00f1a), 10\/11\/2019]<\/li><\/ul>\n\n\n\n<p>El sustantivo <em>ultraprocesado<\/em>, creado por conversi\u00f3n a partir del adjetivo, designa el alimento elaborado de la manera ya descrita y se emplea en ejemplos como el siguiente:<\/p>\n\n\n\n<ul><li>Carlos R\u00edos consigue que Alcampo modifique una campa\u00f1a que promocionaba como saludables chocolatinas, gominolas, refrescos y otros <strong>ultraprocesados<\/strong>. [<em>El Pa\u00eds<\/em> (Espa\u00f1a), 13\/6\/2018]<\/li><\/ul>\n\n\n\n<p>En el primero y el tercero de los ejemplos presentados se pone de manifiesto que el uso de <em>ultraprocesado<\/em> no solo se inscribe en el campo tem\u00e1tico de la salud, sino tambi\u00e9n en el de la econom\u00eda, en tanto apunta a la conducta de la industria alimenticia, en particular a grandes conglomerados que tienen la capacidad de incidir sobre el comportamiento social y tambi\u00e9n sobre las pol\u00edticas p\u00fablicas. En ese sentido, la cr\u00edtica a las pr\u00e1cticas del mercado se suma a la preocupaci\u00f3n sanitaria, y ambas impulsan la valoraci\u00f3n negativa que en general entra\u00f1a el uso de <em>ultraprocesado<\/em>, y que se pone de manifiesto en los ejemplos siguientes:<\/p>\n\n\n\n<ul><li>\u00bfQu\u00e9 son los alimentos <strong>ultraprocesados<\/strong> y c\u00f3mo se relacionan con el c\u00e1ncer? [<em>El Comercio<\/em> (Per\u00fa), 17\/2\/2018]<\/li><li>El abuso de alimentos <strong>ultraprocesados<\/strong> aumenta riesgo cardiovascular y de muerte. [<em>El Espectador<\/em> (Colombia), 7\/6\/2019]<\/li><li>As\u00ed te enga\u00f1a la publicidad para que compres productos <strong>ultraprocesados<\/strong> a tus hijos. [<em>El Pa\u00eds<\/em> (Espa\u00f1a), 3\/9\/2019]<\/li><li>Los falsos argumentos de la industria de los <strong>ultraprocesados<\/strong>. [<em>P\u00e1gina 12<\/em> (Argentina), 27\/12\/2020]<\/li><\/ul>\n\n\n\n<p>Vale la pena preguntarse c\u00f3mo se construye esta connotaci\u00f3n negativa. Sin duda, buena parte de ella se debe al significado de la base <em>procesado<\/em> usada en el contexto de la producci\u00f3n de alimentos, donde se opone a <em>natural<\/em>, <em>casero<\/em>, <em>artesanal<\/em> y otras palabras que se emplean con connotaci\u00f3n positiva. El valor peyorativo de la palabra derivada <em>ultraprocesado<\/em> se obtiene entonces del referente de su base l\u00e9xica, aunque no exclusivamente, pues a ese valor tambi\u00e9n contribuye el prefijo <em>ultra-<\/em>. Nos detendremos brevemente en este prefijo, para comprender mejor su funci\u00f3n como recurso de formaci\u00f3n de palabras en espa\u00f1ol.<\/p>\n\n\n\n<p>El prefijo <em>ultra<\/em>-, de origen latino, puede afijarse a bases adjetivas (<em>ultras\u00f3nico<\/em>, <em>ultramoderno<\/em>) o, en menor medida, sustantivas (<em>ultramar<\/em>, <em>ultraderecha<\/em>). En cuanto al significado que aporta <em>ultra<\/em>&#8211; a una base l\u00e9xica, se distinguen dos matices: su uso neutro, que indica una posici\u00f3n que excede una escala objetiva (<em>ultravioleta<\/em>, <em>ultras\u00f3nico<\/em>) y su uso valorativo, que implica una ponderaci\u00f3n de grado: <em>ultrarr\u00e1pido<\/em>, <em>ultraderecha<\/em>. En esta segunda acepci\u00f3n el prefijo ubica en un grado extremo lo denotado por la base adjetiva o sustantiva, y ello consolida la valoraci\u00f3n negativa de <em>ultraprocesado<\/em>.<\/p>\n\n\n\n<p>Ni el adjetivo ni el sustantivo que nos ocupan se encuentran a\u00fan registrados lexicogr\u00e1ficamente en espa\u00f1ol, pero tampoco en otras lenguas europeas. En ingl\u00e9s, aunque en sitios web de organismos p\u00fablicos de salud se citan fuentes especializadas que definen el t\u00e9rmino <em>ultra-processed<\/em> desde 2009, tampoco se encuentra lematizado en diccionarios. Lo mismo sucede con el equivalente franc\u00e9s <em>ultra-transform\u00e9<\/em>, el portugu\u00e9s <em>ultraprocessado<\/em> y el italiano <em>ultraprocessato<\/em>. Es posible que esta falta de registro se deba a que los diccionarios consignan alguna acepci\u00f3n del verbo <em>procesar<\/em> o del adjetivo <em>procesado<\/em> (o sus equivalentes en distintas lenguas) que puede aplicarse al caso de los alimentos, y la prefijaci\u00f3n de esas bases l\u00e9xicas con el formante <em>ultra<\/em>&#8211; produce un resultado sem\u00e1nticamente transparente, previsible. As\u00ed, como sucede con otros casos de prefijaci\u00f3n regular, por ejemplo, con <em>pre<\/em>&#8211; o <em>re<\/em>-, la lematizaci\u00f3n de las formas derivadas no es sistem\u00e1tica y puede depender de diversos criterios. Sin embargo, un tratamiento lexicogr\u00e1fico especial de la palabra <em>ultraprocesado<\/em> no ser\u00eda superfluo, pues parecen resultar difusos los l\u00edmites conceptuales que la separan de <em>procesado<\/em>, de lo que dan testimonio ejemplos como el siguiente:<\/p>\n\n\n\n<ul><li>A menudo metemos en el mismo saco los productos procesados y los <strong>ultraprocesados<\/strong>, un error habitual que puede hacer que nos perdamos alimentos saludables que pueden ser muy \u00fatiles en nuestro d\u00eda a d\u00eda. [<em>La Vanguardia<\/em> (Espa\u00f1a), 30\/3\/2020]<\/li><\/ul>\n\n\n\n<p>En suma, la palabra <em>ultraprocesado<\/em> parece condensar dos formas del exceso en la sociedad de consumo: el exceso en la dieta y el exceso en la b\u00fasqueda de maximizar las ganancias; es acaso una expresi\u00f3n muy nueva para mentar las muy viejas demas\u00edas pecaminosas de la gula y la codicia.<\/p>\n\n\n\n<p>Gabriela Resnik<br>Universidad Nacional de General Sarmiento (Argentina)<\/p>\n","protected":false},"excerpt":{"rendered":"<p>Dos vertientes recorre el inter\u00e9s medi\u00e1tico por la alimentaci\u00f3n: en la primera, esta se integra a una trama cultural donde la dieta elegida se\u00f1ala pertenencia social y grado de cosmopolitismo, entre otros valores (a ella corresponde la proliferaci\u00f3n de voces como <em>nouvelle cuisine<\/em>,  <em>men\u00fa degustaci\u00f3n<\/em>, <em>bagel<\/em>,  <em>seit\u00e1n<\/em>);  en la segunda, la alimentaci\u00f3n se asocia al cuidado de la salud y el medio ambiente, y en este campo de inter\u00e9s encontramos palabras como <em>superalimento<\/em>,  <em>muesli<\/em>,  <em>hormonar<\/em> y <em>ultraprocesado<\/em>.<\/p>\n","protected":false},"author":1,"featured_media":9707,"comment_status":"open","ping_status":"open","sticky":false,"template":"","format":"standard","meta":{"_mi_skip_tracking":false,"_s2mail":""},"categories":[153,52],"tags":[],"yoast_head":"<!-- This site is optimized with the Yoast SEO plugin v20.6 - https:\/\/yoast.com\/wordpress\/plugins\/seo\/ -->\n<title>CVC. Ultraprocesado | Martes Neol\u00f3gico<\/title>\n<meta name=\"description\" content=\"Art\u00edculo sobre el neologismo \u00abultraprocesado\u00bb, dentro del blog Martes Neol\u00f3gico del Centro Virtual Cervantes.\" \/>\n<meta name=\"robots\" content=\"index, follow, max-snippet:-1, max-image-preview:large, max-video-preview:-1\" \/>\n<link rel=\"canonical\" href=\"https:\/\/blogscvc.cervantes.es\/martes-neologico\/ultraprocesado\/\" \/>\n<meta property=\"og:locale\" content=\"es_ES\" \/>\n<meta property=\"og:type\" content=\"article\" \/>\n<meta property=\"og:title\" content=\"CVC. Ultraprocesado | Martes Neol\u00f3gico\" \/>\n<meta property=\"og:description\" content=\"Art\u00edculo sobre el neologismo \u00abultraprocesado\u00bb, dentro del blog Martes Neol\u00f3gico del Centro Virtual Cervantes.\" \/>\n<meta property=\"og:url\" content=\"https:\/\/blogscvc.cervantes.es\/martes-neologico\/ultraprocesado\/\" \/>\n<meta property=\"og:site_name\" content=\"Martes Neol\u00f3gico\" \/>\n<meta property=\"article:published_time\" content=\"2022-04-12T05:00:00+00:00\" \/>\n<meta property=\"article:modified_time\" content=\"2022-04-10T09:24:35+00:00\" \/>\n<meta property=\"og:image\" content=\"http:\/\/blogscvc.cervantes.es\/martes-neologico\/wp-content\/uploads\/sites\/2\/2022\/04\/ultraprocesado_350.jpg\" \/>\n\t<meta property=\"og:image:width\" content=\"750\" \/>\n\t<meta property=\"og:image:height\" content=\"350\" \/>\n\t<meta property=\"og:image:type\" content=\"image\/jpeg\" \/>\n<meta name=\"author\" content=\"admin\" \/>\n<meta name=\"twitter:card\" content=\"summary_large_image\" \/>\n<meta name=\"twitter:label1\" content=\"Escrito por\" \/>\n\t<meta name=\"twitter:data1\" content=\"admin\" \/>\n\t<meta name=\"twitter:label2\" content=\"Tiempo de lectura\" \/>\n\t<meta name=\"twitter:data2\" content=\"5 minutos\" \/>\n<script type=\"application\/ld+json\" class=\"yoast-schema-graph\">{\"@context\":\"https:\/\/schema.org\",\"@graph\":[{\"@type\":\"Article\",\"@id\":\"https:\/\/blogscvc.cervantes.es\/martes-neologico\/ultraprocesado\/#article\",\"isPartOf\":{\"@id\":\"https:\/\/blogscvc.cervantes.es\/martes-neologico\/ultraprocesado\/\"},\"author\":{\"name\":\"admin\",\"@id\":\"https:\/\/blogscvc.cervantes.es\/martes-neologico\/#\/schema\/person\/7e2fd26f886f53b1b2e81721d23acc47\"},\"headline\":\"ultraprocesado adj. y m.\",\"datePublished\":\"2022-04-12T05:00:00+00:00\",\"dateModified\":\"2022-04-10T09:24:35+00:00\",\"mainEntityOfPage\":{\"@id\":\"https:\/\/blogscvc.cervantes.es\/martes-neologico\/ultraprocesado\/\"},\"wordCount\":981,\"commentCount\":0,\"publisher\":{\"@id\":\"https:\/\/blogscvc.cervantes.es\/martes-neologico\/#organization\"},\"articleSection\":[\"alimentaci\u00f3n\",\"prefijaci\u00f3n\"],\"inLanguage\":\"es\",\"potentialAction\":[{\"@type\":\"CommentAction\",\"name\":\"Comment\",\"target\":[\"https:\/\/blogscvc.cervantes.es\/martes-neologico\/ultraprocesado\/#respond\"]}]},{\"@type\":\"WebPage\",\"@id\":\"https:\/\/blogscvc.cervantes.es\/martes-neologico\/ultraprocesado\/\",\"url\":\"https:\/\/blogscvc.cervantes.es\/martes-neologico\/ultraprocesado\/\",\"name\":\"CVC. Ultraprocesado | Martes Neol\u00f3gico\",\"isPartOf\":{\"@id\":\"https:\/\/blogscvc.cervantes.es\/martes-neologico\/#website\"},\"datePublished\":\"2022-04-12T05:00:00+00:00\",\"dateModified\":\"2022-04-10T09:24:35+00:00\",\"description\":\"Art\u00edculo sobre el neologismo \u00abultraprocesado\u00bb, dentro del blog Martes Neol\u00f3gico del Centro Virtual Cervantes.\",\"breadcrumb\":{\"@id\":\"https:\/\/blogscvc.cervantes.es\/martes-neologico\/ultraprocesado\/#breadcrumb\"},\"inLanguage\":\"es\",\"potentialAction\":[{\"@type\":\"ReadAction\",\"target\":[\"https:\/\/blogscvc.cervantes.es\/martes-neologico\/ultraprocesado\/\"]}]},{\"@type\":\"BreadcrumbList\",\"@id\":\"https:\/\/blogscvc.cervantes.es\/martes-neologico\/ultraprocesado\/#breadcrumb\",\"itemListElement\":[{\"@type\":\"ListItem\",\"position\":1,\"name\":\"Portada\",\"item\":\"https:\/\/blogscvc.cervantes.es\/martes-neologico\/\"},{\"@type\":\"ListItem\",\"position\":2,\"name\":\"ultraprocesado adj. y m.\"}]},{\"@type\":\"WebSite\",\"@id\":\"https:\/\/blogscvc.cervantes.es\/martes-neologico\/#website\",\"url\":\"https:\/\/blogscvc.cervantes.es\/martes-neologico\/\",\"name\":\"Martes Neol\u00f3gico\",\"description\":\"Cada martes, una palabra nueva que podr\u00eda estar en el diccionario\",\"publisher\":{\"@id\":\"https:\/\/blogscvc.cervantes.es\/martes-neologico\/#organization\"},\"potentialAction\":[{\"@type\":\"SearchAction\",\"target\":{\"@type\":\"EntryPoint\",\"urlTemplate\":\"https:\/\/blogscvc.cervantes.es\/martes-neologico\/?s={search_term_string}\"},\"query-input\":\"required name=search_term_string\"}],\"inLanguage\":\"es\"},{\"@type\":\"Organization\",\"@id\":\"https:\/\/blogscvc.cervantes.es\/martes-neologico\/#organization\",\"name\":\"Martes Neol\u00f3gico\",\"url\":\"https:\/\/blogscvc.cervantes.es\/martes-neologico\/\",\"logo\":{\"@type\":\"ImageObject\",\"inLanguage\":\"es\",\"@id\":\"https:\/\/blogscvc.cervantes.es\/martes-neologico\/#\/schema\/logo\/image\/\",\"url\":\"https:\/\/blogscvc.cervantes.es\/martes-neologico\/wp-content\/uploads\/sites\/2\/2025\/10\/logo-martes-neologico-10-anos.png\",\"contentUrl\":\"https:\/\/blogscvc.cervantes.es\/martes-neologico\/wp-content\/uploads\/sites\/2\/2025\/10\/logo-martes-neologico-10-anos.png\",\"width\":300,\"height\":100,\"caption\":\"Martes Neol\u00f3gico\"},\"image\":{\"@id\":\"https:\/\/blogscvc.cervantes.es\/martes-neologico\/#\/schema\/logo\/image\/\"}},{\"@type\":\"Person\",\"@id\":\"https:\/\/blogscvc.cervantes.es\/martes-neologico\/#\/schema\/person\/7e2fd26f886f53b1b2e81721d23acc47\",\"name\":\"admin\",\"image\":{\"@type\":\"ImageObject\",\"inLanguage\":\"es\",\"@id\":\"https:\/\/blogscvc.cervantes.es\/martes-neologico\/#\/schema\/person\/image\/\",\"url\":\"https:\/\/secure.gravatar.com\/avatar\/c4b6a365b64e607f3d2ecd9620a7675a?s=96&d=mm&r=g\",\"contentUrl\":\"https:\/\/secure.gravatar.com\/avatar\/c4b6a365b64e607f3d2ecd9620a7675a?s=96&d=mm&r=g\",\"caption\":\"admin\"},\"url\":\"https:\/\/blogscvc.cervantes.es\/martes-neologico\/author\/admin\/\"}]}<\/script>\n<!-- \/ Yoast SEO plugin. -->","yoast_head_json":{"title":"CVC. Ultraprocesado | Martes Neol\u00f3gico","description":"Art\u00edculo sobre el neologismo \u00abultraprocesado\u00bb, dentro del blog Martes Neol\u00f3gico del Centro Virtual Cervantes.","robots":{"index":"index","follow":"follow","max-snippet":"max-snippet:-1","max-image-preview":"max-image-preview:large","max-video-preview":"max-video-preview:-1"},"canonical":"https:\/\/blogscvc.cervantes.es\/martes-neologico\/ultraprocesado\/","og_locale":"es_ES","og_type":"article","og_title":"CVC. Ultraprocesado | Martes Neol\u00f3gico","og_description":"Art\u00edculo sobre el neologismo \u00abultraprocesado\u00bb, dentro del blog Martes Neol\u00f3gico del Centro Virtual Cervantes.","og_url":"https:\/\/blogscvc.cervantes.es\/martes-neologico\/ultraprocesado\/","og_site_name":"Martes Neol\u00f3gico","article_published_time":"2022-04-12T05:00:00+00:00","article_modified_time":"2022-04-10T09:24:35+00:00","og_image":[{"width":750,"height":350,"url":"http:\/\/blogscvc.cervantes.es\/martes-neologico\/wp-content\/uploads\/sites\/2\/2022\/04\/ultraprocesado_350.jpg","type":"image\/jpeg"}],"author":"admin","twitter_card":"summary_large_image","twitter_misc":{"Escrito por":"admin","Tiempo de lectura":"5 minutos"},"schema":{"@context":"https:\/\/schema.org","@graph":[{"@type":"Article","@id":"https:\/\/blogscvc.cervantes.es\/martes-neologico\/ultraprocesado\/#article","isPartOf":{"@id":"https:\/\/blogscvc.cervantes.es\/martes-neologico\/ultraprocesado\/"},"author":{"name":"admin","@id":"https:\/\/blogscvc.cervantes.es\/martes-neologico\/#\/schema\/person\/7e2fd26f886f53b1b2e81721d23acc47"},"headline":"ultraprocesado adj. y m.","datePublished":"2022-04-12T05:00:00+00:00","dateModified":"2022-04-10T09:24:35+00:00","mainEntityOfPage":{"@id":"https:\/\/blogscvc.cervantes.es\/martes-neologico\/ultraprocesado\/"},"wordCount":981,"commentCount":0,"publisher":{"@id":"https:\/\/blogscvc.cervantes.es\/martes-neologico\/#organization"},"articleSection":["alimentaci\u00f3n","prefijaci\u00f3n"],"inLanguage":"es","potentialAction":[{"@type":"CommentAction","name":"Comment","target":["https:\/\/blogscvc.cervantes.es\/martes-neologico\/ultraprocesado\/#respond"]}]},{"@type":"WebPage","@id":"https:\/\/blogscvc.cervantes.es\/martes-neologico\/ultraprocesado\/","url":"https:\/\/blogscvc.cervantes.es\/martes-neologico\/ultraprocesado\/","name":"CVC. Ultraprocesado | Martes Neol\u00f3gico","isPartOf":{"@id":"https:\/\/blogscvc.cervantes.es\/martes-neologico\/#website"},"datePublished":"2022-04-12T05:00:00+00:00","dateModified":"2022-04-10T09:24:35+00:00","description":"Art\u00edculo sobre el neologismo \u00abultraprocesado\u00bb, dentro del blog Martes Neol\u00f3gico del Centro Virtual Cervantes.","breadcrumb":{"@id":"https:\/\/blogscvc.cervantes.es\/martes-neologico\/ultraprocesado\/#breadcrumb"},"inLanguage":"es","potentialAction":[{"@type":"ReadAction","target":["https:\/\/blogscvc.cervantes.es\/martes-neologico\/ultraprocesado\/"]}]},{"@type":"BreadcrumbList","@id":"https:\/\/blogscvc.cervantes.es\/martes-neologico\/ultraprocesado\/#breadcrumb","itemListElement":[{"@type":"ListItem","position":1,"name":"Portada","item":"https:\/\/blogscvc.cervantes.es\/martes-neologico\/"},{"@type":"ListItem","position":2,"name":"ultraprocesado adj. y m."}]},{"@type":"WebSite","@id":"https:\/\/blogscvc.cervantes.es\/martes-neologico\/#website","url":"https:\/\/blogscvc.cervantes.es\/martes-neologico\/","name":"Martes Neol\u00f3gico","description":"Cada martes, una palabra nueva que podr\u00eda estar en el diccionario","publisher":{"@id":"https:\/\/blogscvc.cervantes.es\/martes-neologico\/#organization"},"potentialAction":[{"@type":"SearchAction","target":{"@type":"EntryPoint","urlTemplate":"https:\/\/blogscvc.cervantes.es\/martes-neologico\/?s={search_term_string}"},"query-input":"required name=search_term_string"}],"inLanguage":"es"},{"@type":"Organization","@id":"https:\/\/blogscvc.cervantes.es\/martes-neologico\/#organization","name":"Martes Neol\u00f3gico","url":"https:\/\/blogscvc.cervantes.es\/martes-neologico\/","logo":{"@type":"ImageObject","inLanguage":"es","@id":"https:\/\/blogscvc.cervantes.es\/martes-neologico\/#\/schema\/logo\/image\/","url":"https:\/\/blogscvc.cervantes.es\/martes-neologico\/wp-content\/uploads\/sites\/2\/2025\/10\/logo-martes-neologico-10-anos.png","contentUrl":"https:\/\/blogscvc.cervantes.es\/martes-neologico\/wp-content\/uploads\/sites\/2\/2025\/10\/logo-martes-neologico-10-anos.png","width":300,"height":100,"caption":"Martes Neol\u00f3gico"},"image":{"@id":"https:\/\/blogscvc.cervantes.es\/martes-neologico\/#\/schema\/logo\/image\/"}},{"@type":"Person","@id":"https:\/\/blogscvc.cervantes.es\/martes-neologico\/#\/schema\/person\/7e2fd26f886f53b1b2e81721d23acc47","name":"admin","image":{"@type":"ImageObject","inLanguage":"es","@id":"https:\/\/blogscvc.cervantes.es\/martes-neologico\/#\/schema\/person\/image\/","url":"https:\/\/secure.gravatar.com\/avatar\/c4b6a365b64e607f3d2ecd9620a7675a?s=96&d=mm&r=g","contentUrl":"https:\/\/secure.gravatar.com\/avatar\/c4b6a365b64e607f3d2ecd9620a7675a?s=96&d=mm&r=g","caption":"admin"},"url":"https:\/\/blogscvc.cervantes.es\/martes-neologico\/author\/admin\/"}]}},"_links":{"self":[{"href":"https:\/\/blogscvc.cervantes.es\/martes-neologico\/wp-json\/wp\/v2\/posts\/9701"}],"collection":[{"href":"https:\/\/blogscvc.cervantes.es\/martes-neologico\/wp-json\/wp\/v2\/posts"}],"about":[{"href":"https:\/\/blogscvc.cervantes.es\/martes-neologico\/wp-json\/wp\/v2\/types\/post"}],"author":[{"embeddable":true,"href":"https:\/\/blogscvc.cervantes.es\/martes-neologico\/wp-json\/wp\/v2\/users\/1"}],"replies":[{"embeddable":true,"href":"https:\/\/blogscvc.cervantes.es\/martes-neologico\/wp-json\/wp\/v2\/comments?post=9701"}],"version-history":[{"count":2,"href":"https:\/\/blogscvc.cervantes.es\/martes-neologico\/wp-json\/wp\/v2\/posts\/9701\/revisions"}],"predecessor-version":[{"id":9731,"href":"https:\/\/blogscvc.cervantes.es\/martes-neologico\/wp-json\/wp\/v2\/posts\/9701\/revisions\/9731"}],"wp:featuredmedia":[{"embeddable":true,"href":"https:\/\/blogscvc.cervantes.es\/martes-neologico\/wp-json\/wp\/v2\/media\/9707"}],"wp:attachment":[{"href":"https:\/\/blogscvc.cervantes.es\/martes-neologico\/wp-json\/wp\/v2\/media?parent=9701"}],"wp:term":[{"taxonomy":"category","embeddable":true,"href":"https:\/\/blogscvc.cervantes.es\/martes-neologico\/wp-json\/wp\/v2\/categories?post=9701"},{"taxonomy":"post_tag","embeddable":true,"href":"https:\/\/blogscvc.cervantes.es\/martes-neologico\/wp-json\/wp\/v2\/tags?post=9701"}],"curies":[{"name":"wp","href":"https:\/\/api.w.org\/{rel}","templated":true}]}}