{"id":9746,"date":"2022-04-26T07:00:00","date_gmt":"2022-04-26T05:00:00","guid":{"rendered":"https:\/\/blogscvc.cervantes.es\/martes-neologico\/?p=9746"},"modified":"2025-07-31T11:25:29","modified_gmt":"2025-07-31T09:25:29","slug":"influencer","status":"publish","type":"post","link":"https:\/\/blogscvc.cervantes.es\/martes-neologico\/influencer\/","title":{"rendered":"influencer <em>m.<\/em> o <em>f.<\/em> y <em>adj.<\/em>"},"content":{"rendered":"\n<p>La tecnolog\u00eda digital ha revolucionado el mundo empresarial: la forma de contacto con los clientes, la toma de decisiones, el tratamiento de datos y las estrategias de <em>marketing.<\/em> Dentro de este marco, surge el t\u00e9rmino <em>influencer<\/em>. El diccionario <em>Oxford Learners\u2019 Dictionary<\/em> define este concepto como \u2018persona o cosa con capacidad de influir en los compradores potenciales de un producto, recomend\u00e1ndolo en las redes sociales\u2019.<\/p>\n\n\n<figure class=\"wp-block-image size-large is-style-default\"><a href=\"http:\/\/blogscvc.cervantes.es\/martes-neologico\/wp-content\/uploads\/sites\/2\/2022\/04\/influencer_500.jpg\"><img decoding=\"async\" class=\"wp-image-7916\" src=\"http:\/\/blogscvc.cervantes.es\/martes-neologico\/wp-content\/uploads\/sites\/2\/2022\/04\/influencer_500.jpg\" alt=\"[fotograf\u00eda] c\u00e1mara digital enfocando a una influencer que graba un v\u00eddeo\"><\/a><figcaption>Los Muertos Crew (Pexels)<\/figcaption><\/figure>\n\n\n<p>La voz inglesa no figura ni en el <em>DLE<\/em> ni en el <em>Clave<\/em>, pero posee una entrada en la Fund\u00e9u, que aporta la siguiente definici\u00f3n: \u2018persona con conocimiento, prestigio y presencia en determinados \u00e1mbitos en los que sus opiniones pueden influir en el comportamiento de otras muchas personas\u2019. Tambi\u00e9n est\u00e1 registrada en Corpes XXI desde 2015 y en la plataforma OBNEO desde 2014. En esta \u00faltima se recogen fragmentos de noticias donde se emplea como sustantivo masculino o femenino, pero adopta en ocasiones la funci\u00f3n de adjetivo:<\/p>\n\n\n\n<ul>\n<li>No era una cr\u00edtica a los <strong>influencers.<\/strong> [<em>El Pa\u00eds<\/em> (Espa\u00f1a), 17\/10\/2018]<\/li>\n\n\n\n<li>Las mujeres <strong>influencers <\/strong>empiezan a despuntar en un mundo dominado por hombres. [<em>El Peri\u00f3dico <\/em>(Espa\u00f1a), 23\/03\/2018]<\/li>\n<\/ul>\n\n\n\n<p>Por lo que respecta a la tipolog\u00eda, la historia y la sem\u00e1ntica, se trata de un pr\u00e9stamo del ingl\u00e9s que viene a designar una nueva realidad en la era digital dentro del \u00e1mbito de las redes sociales y la mercadotecnia. Aunque existe desde 1803 una voz espa\u00f1ola que se asemeja ortogr\u00e1fica y conceptualmente a la realidad que designa este pr\u00e9stamo, el anglicismo contiene especificidades o matices de significado que no recoge la voz <em>influente (adj.)<\/em>, definida como alguien o algo \u2018que goza de mucha influencia\u2019 seg\u00fan el <em>DLE<\/em>. Veamos los siguientes ejemplos:<\/p>\n\n\n\n<ul>\n<li>La <strong>influencer<\/strong> sorprendi\u00f3 con una sofisticada foto que recogi\u00f3 miles y miles de likes en las redes. [<em>El Mercurio<\/em> (Chile), 23\/02\/2019]<\/li>\n\n\n\n<li>Los <strong>influencers<\/strong> de LIF Week son una buena fuente de inspiraci\u00f3n e informaci\u00f3n sobre moda. [<em>El Comercio<\/em> (Per\u00fa), 23\/10\/2015]<\/li>\n\n\n\n<li>M\u00e1ximo \u00c1lvarez no es un cura cualquiera, es un <strong>influencer<\/strong> de la religi\u00f3n. [<em>Diario de Le\u00f3n<\/em> (Espa\u00f1a), 27\/02\/2018]<\/li>\n\n\n\n<li>Esta atrevida <strong>influencer<\/strong> firme defensora del feminismo consigue una muy buena relaci\u00f3n son sus seguidores gracias a su diversi\u00f3n y a las incre\u00edbles fotos de sus aventuras por todo el mundo. [<em>La Vanguardia<\/em> (Espa\u00f1a), 02\/06\/2018]<\/li>\n\n\n\n<li>Daiana entrevist\u00f3 a Michelle Obama en marzo (fue la \u00fanica argentina que lo hizo) y es convocada por Youtube en cada evento internacional sobre la plataforma que hace, viajando por el mundo, esponsoreando marcas y siendo considerada una <strong>influencer<\/strong> para chicos y chicas adolescentes. [<em>P\u00e1gina 12<\/em> (Argentina), 22\/02\/2017]<\/li>\n<\/ul>\n\n\n\n<p>Como se puede ver en estos ejemplos extra\u00eddos de los peri\u00f3dicos espa\u00f1oles y latinoamericanos, se trata de personas con gran alcance en redes sociales por su contenido ameno, divertido e interesante, que contribuyen a la creaci\u00f3n, propagaci\u00f3n y mantenimiento de tendencias art\u00edsticas, creencias religiosas, ideolog\u00edas sociales o h\u00e1bitos de consumo. Por a\u00f1adidura, en el \u00e1mbito de la econom\u00eda se trata de una persona famosa que recibe ingresos por publicitar o promover la visibilidad de las marcas, que es m\u00e1s congruente con las definiciones aportadas por el<em> Oxford Learners\u2019 Dictionary<\/em> y la Fund\u00e9u.<\/p>\n\n\n\n<p>Con respecto a las equivalencias, la Fund\u00e9u propone el uso de nuevas palabras como <em>influente<\/em>, <em>influidor<\/em> e <em>influenciador<\/em> en lugar del anglicismo<\/em>, mientras que <em>influyente<\/em> se reserva como adjetivo. Por \u00faltimo, podr\u00edamos pensar que otro posible equivalente ser\u00eda la voz espa\u00f1ola <em>referente. <\/em>No obstante, no siempre son intercambiables, puesto que un <em>influencer<\/em> puede convertirse en un modelo a seguir para algunos, pero para otros, un referente v\u00e1lido no siempre ha de ser un <em>influencer<\/em>. As\u00ed lo explica el cr\u00edtico Roberto Enr\u00edquez, conocido como Bob Pop:<\/p>\n\n\n\n<p>\u201c[&#8230;] Nos aferramos a <strong>influencers<\/strong> que no tienen suficientes referentes. Por lo general, son personas que recogen ideas que han escuchado en alg\u00fan lado y que terminan por ser la fotocopia, de la fotocopia, de la fotocopia de la original [&#8230;]\u201d. El escritor y cr\u00edtico televisivo destaca a Susan Sontag y Bel\u00e9n Gopegui como referentes a los que seguir. [<em>El Pa\u00eds<\/em> (Espa\u00f1a), 17\/10\/2018]<\/p>\n\n\n\n<p>Pese a la similitud a nivel formal e incluso sem\u00e1ntico, tampoco valdr\u00eda el uso de la palabra espa\u00f1ola <em>influencia <\/em>que seg\u00fan el <em>DLE<\/em> significa \u2018persona con poder con cuya intervenci\u00f3n se puede obtener ventaja\u2019. Si bien el alcance y el prestigio de los <em>influencers<\/em> en redes socialeses aprovechado por las marcas para dar a conocer sus productos, los <em>influencers<\/em> habitualmente no poseen el mismo poder adquisitivo que las marcas. Por consiguiente, se establece generalmente una relaci\u00f3n colaborativa y laboral por medio de la cual el <em>influencer<\/em> se beneficia econ\u00f3micamente. De esta forma, se puede afirmar que implica un beneficio mutuo, en vez del beneficio unilateral que en ocasiones predomina cuando se utilizan las influencias.<\/p>\n\n\n\n<p>Finalmente, cabe destacar la relaci\u00f3n sem\u00e1ntica con otros neologismos surgidos en el \u00e1mbito de las redes sociales. Existen varios tipos de <em>influencers<\/em> seg\u00fan la plataforma (YouTube, TikTok o Instagram) que utilicen para trabajar: <em>influencer youtuber<\/em>, <em>influencer tiktoker<\/em> o <em>influencer instagramer<\/em>. Por tanto, la relaci\u00f3n sem\u00e1ntica binaria corresponde con la hiperonimia e hiponimia. Todo indica que es un neologismo diccionarizable.<\/p>\n\n\n\n<p>Luisa Miguelina Gonz\u00e1lez Rodr\u00edguez<br>Grupo NEOAL<br>Universidad de Alicante (Espa\u00f1a)<\/p>\n","protected":false},"excerpt":{"rendered":"<p>La tecnolog\u00eda digital ha revolucionado el mundo empresarial: la forma de contacto con los clientes, la toma de decisiones, el tratamiento de datos y las estrategias de <em>marketing.<\/em> Dentro de este marco, surge el t\u00e9rmino <em>influencer<\/em>. El diccionario <em>Oxford Learners\u2019 Dictionary<\/em> define este concepto como \u2018persona o cosa con capacidad de influir en los compradores potenciales de un producto, recomend\u00e1ndolo en las redes sociales\u2019.<\/p>\n","protected":false},"author":1,"featured_media":9749,"comment_status":"open","ping_status":"open","sticky":false,"template":"","format":"standard","meta":{"_mi_skip_tracking":false,"_s2mail":""},"categories":[256,274,188],"tags":[],"yoast_head":"<!-- This site is optimized with the Yoast SEO plugin v20.6 - https:\/\/yoast.com\/wordpress\/plugins\/seo\/ -->\n<title>CVC. Influencer | Martes Neol\u00f3gico<\/title>\n<meta name=\"description\" content=\"Art\u00edculo sobre el neologismo \u00abinfluencer\u00bb, dentro del blog Martes Neol\u00f3gico del Centro Virtual Cervantes.\" \/>\n<meta name=\"robots\" content=\"index, follow, max-snippet:-1, max-image-preview:large, max-video-preview:-1\" \/>\n<link rel=\"canonical\" href=\"https:\/\/blogscvc.cervantes.es\/martes-neologico\/influencer\/\" \/>\n<meta property=\"og:locale\" content=\"es_ES\" \/>\n<meta property=\"og:type\" content=\"article\" \/>\n<meta property=\"og:title\" content=\"CVC. Influencer | Martes Neol\u00f3gico\" \/>\n<meta property=\"og:description\" content=\"Art\u00edculo sobre el neologismo \u00abinfluencer\u00bb, dentro del blog Martes Neol\u00f3gico del Centro Virtual Cervantes.\" \/>\n<meta property=\"og:url\" content=\"https:\/\/blogscvc.cervantes.es\/martes-neologico\/influencer\/\" \/>\n<meta property=\"og:site_name\" content=\"Martes Neol\u00f3gico\" \/>\n<meta property=\"article:published_time\" content=\"2022-04-26T05:00:00+00:00\" \/>\n<meta property=\"article:modified_time\" content=\"2025-07-31T09:25:29+00:00\" \/>\n<meta property=\"og:image\" content=\"http:\/\/blogscvc.cervantes.es\/martes-neologico\/wp-content\/uploads\/sites\/2\/2022\/04\/influencer_350.jpg\" \/>\n\t<meta property=\"og:image:width\" content=\"750\" \/>\n\t<meta property=\"og:image:height\" content=\"350\" \/>\n\t<meta property=\"og:image:type\" content=\"image\/jpeg\" \/>\n<meta name=\"author\" content=\"admin\" \/>\n<meta name=\"twitter:card\" content=\"summary_large_image\" \/>\n<meta name=\"twitter:label1\" content=\"Escrito por\" \/>\n\t<meta name=\"twitter:data1\" content=\"admin\" \/>\n\t<meta name=\"twitter:label2\" content=\"Tiempo de lectura\" \/>\n\t<meta name=\"twitter:data2\" content=\"5 minutos\" \/>\n<script type=\"application\/ld+json\" class=\"yoast-schema-graph\">{\"@context\":\"https:\/\/schema.org\",\"@graph\":[{\"@type\":\"Article\",\"@id\":\"https:\/\/blogscvc.cervantes.es\/martes-neologico\/influencer\/#article\",\"isPartOf\":{\"@id\":\"https:\/\/blogscvc.cervantes.es\/martes-neologico\/influencer\/\"},\"author\":{\"name\":\"admin\",\"@id\":\"https:\/\/blogscvc.cervantes.es\/martes-neologico\/#\/schema\/person\/7e2fd26f886f53b1b2e81721d23acc47\"},\"headline\":\"influencer m. o f. y adj.\",\"datePublished\":\"2022-04-26T05:00:00+00:00\",\"dateModified\":\"2025-07-31T09:25:29+00:00\",\"mainEntityOfPage\":{\"@id\":\"https:\/\/blogscvc.cervantes.es\/martes-neologico\/influencer\/\"},\"wordCount\":898,\"commentCount\":0,\"publisher\":{\"@id\":\"https:\/\/blogscvc.cervantes.es\/martes-neologico\/#organization\"},\"articleSection\":[\"ingl\u00e9s\",\"pr\u00e9stamo\",\"redes sociales\"],\"inLanguage\":\"es\",\"potentialAction\":[{\"@type\":\"CommentAction\",\"name\":\"Comment\",\"target\":[\"https:\/\/blogscvc.cervantes.es\/martes-neologico\/influencer\/#respond\"]}]},{\"@type\":\"WebPage\",\"@id\":\"https:\/\/blogscvc.cervantes.es\/martes-neologico\/influencer\/\",\"url\":\"https:\/\/blogscvc.cervantes.es\/martes-neologico\/influencer\/\",\"name\":\"CVC. Influencer | Martes Neol\u00f3gico\",\"isPartOf\":{\"@id\":\"https:\/\/blogscvc.cervantes.es\/martes-neologico\/#website\"},\"datePublished\":\"2022-04-26T05:00:00+00:00\",\"dateModified\":\"2025-07-31T09:25:29+00:00\",\"description\":\"Art\u00edculo sobre el neologismo \u00abinfluencer\u00bb, dentro del blog Martes Neol\u00f3gico del Centro Virtual Cervantes.\",\"breadcrumb\":{\"@id\":\"https:\/\/blogscvc.cervantes.es\/martes-neologico\/influencer\/#breadcrumb\"},\"inLanguage\":\"es\",\"potentialAction\":[{\"@type\":\"ReadAction\",\"target\":[\"https:\/\/blogscvc.cervantes.es\/martes-neologico\/influencer\/\"]}]},{\"@type\":\"BreadcrumbList\",\"@id\":\"https:\/\/blogscvc.cervantes.es\/martes-neologico\/influencer\/#breadcrumb\",\"itemListElement\":[{\"@type\":\"ListItem\",\"position\":1,\"name\":\"Portada\",\"item\":\"https:\/\/blogscvc.cervantes.es\/martes-neologico\/\"},{\"@type\":\"ListItem\",\"position\":2,\"name\":\"influencer m. o f. y adj.\"}]},{\"@type\":\"WebSite\",\"@id\":\"https:\/\/blogscvc.cervantes.es\/martes-neologico\/#website\",\"url\":\"https:\/\/blogscvc.cervantes.es\/martes-neologico\/\",\"name\":\"Martes Neol\u00f3gico\",\"description\":\"Cada martes, una palabra nueva que podr\u00eda estar en el diccionario\",\"publisher\":{\"@id\":\"https:\/\/blogscvc.cervantes.es\/martes-neologico\/#organization\"},\"potentialAction\":[{\"@type\":\"SearchAction\",\"target\":{\"@type\":\"EntryPoint\",\"urlTemplate\":\"https:\/\/blogscvc.cervantes.es\/martes-neologico\/?s={search_term_string}\"},\"query-input\":\"required name=search_term_string\"}],\"inLanguage\":\"es\"},{\"@type\":\"Organization\",\"@id\":\"https:\/\/blogscvc.cervantes.es\/martes-neologico\/#organization\",\"name\":\"Martes Neol\u00f3gico\",\"url\":\"https:\/\/blogscvc.cervantes.es\/martes-neologico\/\",\"logo\":{\"@type\":\"ImageObject\",\"inLanguage\":\"es\",\"@id\":\"https:\/\/blogscvc.cervantes.es\/martes-neologico\/#\/schema\/logo\/image\/\",\"url\":\"https:\/\/blogscvc.cervantes.es\/martes-neologico\/wp-content\/uploads\/sites\/2\/2025\/10\/logo-martes-neologico-10-anos.png\",\"contentUrl\":\"https:\/\/blogscvc.cervantes.es\/martes-neologico\/wp-content\/uploads\/sites\/2\/2025\/10\/logo-martes-neologico-10-anos.png\",\"width\":300,\"height\":100,\"caption\":\"Martes Neol\u00f3gico\"},\"image\":{\"@id\":\"https:\/\/blogscvc.cervantes.es\/martes-neologico\/#\/schema\/logo\/image\/\"}},{\"@type\":\"Person\",\"@id\":\"https:\/\/blogscvc.cervantes.es\/martes-neologico\/#\/schema\/person\/7e2fd26f886f53b1b2e81721d23acc47\",\"name\":\"admin\",\"image\":{\"@type\":\"ImageObject\",\"inLanguage\":\"es\",\"@id\":\"https:\/\/blogscvc.cervantes.es\/martes-neologico\/#\/schema\/person\/image\/\",\"url\":\"https:\/\/secure.gravatar.com\/avatar\/c4b6a365b64e607f3d2ecd9620a7675a?s=96&d=mm&r=g\",\"contentUrl\":\"https:\/\/secure.gravatar.com\/avatar\/c4b6a365b64e607f3d2ecd9620a7675a?s=96&d=mm&r=g\",\"caption\":\"admin\"},\"url\":\"https:\/\/blogscvc.cervantes.es\/martes-neologico\/author\/admin\/\"}]}<\/script>\n<!-- \/ Yoast SEO plugin. -->","yoast_head_json":{"title":"CVC. Influencer | Martes Neol\u00f3gico","description":"Art\u00edculo sobre el neologismo \u00abinfluencer\u00bb, dentro del blog Martes Neol\u00f3gico del Centro Virtual Cervantes.","robots":{"index":"index","follow":"follow","max-snippet":"max-snippet:-1","max-image-preview":"max-image-preview:large","max-video-preview":"max-video-preview:-1"},"canonical":"https:\/\/blogscvc.cervantes.es\/martes-neologico\/influencer\/","og_locale":"es_ES","og_type":"article","og_title":"CVC. Influencer | Martes Neol\u00f3gico","og_description":"Art\u00edculo sobre el neologismo \u00abinfluencer\u00bb, dentro del blog Martes Neol\u00f3gico del Centro Virtual Cervantes.","og_url":"https:\/\/blogscvc.cervantes.es\/martes-neologico\/influencer\/","og_site_name":"Martes Neol\u00f3gico","article_published_time":"2022-04-26T05:00:00+00:00","article_modified_time":"2025-07-31T09:25:29+00:00","og_image":[{"width":750,"height":350,"url":"http:\/\/blogscvc.cervantes.es\/martes-neologico\/wp-content\/uploads\/sites\/2\/2022\/04\/influencer_350.jpg","type":"image\/jpeg"}],"author":"admin","twitter_card":"summary_large_image","twitter_misc":{"Escrito por":"admin","Tiempo de lectura":"5 minutos"},"schema":{"@context":"https:\/\/schema.org","@graph":[{"@type":"Article","@id":"https:\/\/blogscvc.cervantes.es\/martes-neologico\/influencer\/#article","isPartOf":{"@id":"https:\/\/blogscvc.cervantes.es\/martes-neologico\/influencer\/"},"author":{"name":"admin","@id":"https:\/\/blogscvc.cervantes.es\/martes-neologico\/#\/schema\/person\/7e2fd26f886f53b1b2e81721d23acc47"},"headline":"influencer m. o f. y adj.","datePublished":"2022-04-26T05:00:00+00:00","dateModified":"2025-07-31T09:25:29+00:00","mainEntityOfPage":{"@id":"https:\/\/blogscvc.cervantes.es\/martes-neologico\/influencer\/"},"wordCount":898,"commentCount":0,"publisher":{"@id":"https:\/\/blogscvc.cervantes.es\/martes-neologico\/#organization"},"articleSection":["ingl\u00e9s","pr\u00e9stamo","redes sociales"],"inLanguage":"es","potentialAction":[{"@type":"CommentAction","name":"Comment","target":["https:\/\/blogscvc.cervantes.es\/martes-neologico\/influencer\/#respond"]}]},{"@type":"WebPage","@id":"https:\/\/blogscvc.cervantes.es\/martes-neologico\/influencer\/","url":"https:\/\/blogscvc.cervantes.es\/martes-neologico\/influencer\/","name":"CVC. Influencer | Martes Neol\u00f3gico","isPartOf":{"@id":"https:\/\/blogscvc.cervantes.es\/martes-neologico\/#website"},"datePublished":"2022-04-26T05:00:00+00:00","dateModified":"2025-07-31T09:25:29+00:00","description":"Art\u00edculo sobre el neologismo \u00abinfluencer\u00bb, dentro del blog Martes Neol\u00f3gico del Centro Virtual Cervantes.","breadcrumb":{"@id":"https:\/\/blogscvc.cervantes.es\/martes-neologico\/influencer\/#breadcrumb"},"inLanguage":"es","potentialAction":[{"@type":"ReadAction","target":["https:\/\/blogscvc.cervantes.es\/martes-neologico\/influencer\/"]}]},{"@type":"BreadcrumbList","@id":"https:\/\/blogscvc.cervantes.es\/martes-neologico\/influencer\/#breadcrumb","itemListElement":[{"@type":"ListItem","position":1,"name":"Portada","item":"https:\/\/blogscvc.cervantes.es\/martes-neologico\/"},{"@type":"ListItem","position":2,"name":"influencer m. o f. y adj."}]},{"@type":"WebSite","@id":"https:\/\/blogscvc.cervantes.es\/martes-neologico\/#website","url":"https:\/\/blogscvc.cervantes.es\/martes-neologico\/","name":"Martes Neol\u00f3gico","description":"Cada martes, una palabra nueva que podr\u00eda estar en el diccionario","publisher":{"@id":"https:\/\/blogscvc.cervantes.es\/martes-neologico\/#organization"},"potentialAction":[{"@type":"SearchAction","target":{"@type":"EntryPoint","urlTemplate":"https:\/\/blogscvc.cervantes.es\/martes-neologico\/?s={search_term_string}"},"query-input":"required name=search_term_string"}],"inLanguage":"es"},{"@type":"Organization","@id":"https:\/\/blogscvc.cervantes.es\/martes-neologico\/#organization","name":"Martes Neol\u00f3gico","url":"https:\/\/blogscvc.cervantes.es\/martes-neologico\/","logo":{"@type":"ImageObject","inLanguage":"es","@id":"https:\/\/blogscvc.cervantes.es\/martes-neologico\/#\/schema\/logo\/image\/","url":"https:\/\/blogscvc.cervantes.es\/martes-neologico\/wp-content\/uploads\/sites\/2\/2025\/10\/logo-martes-neologico-10-anos.png","contentUrl":"https:\/\/blogscvc.cervantes.es\/martes-neologico\/wp-content\/uploads\/sites\/2\/2025\/10\/logo-martes-neologico-10-anos.png","width":300,"height":100,"caption":"Martes Neol\u00f3gico"},"image":{"@id":"https:\/\/blogscvc.cervantes.es\/martes-neologico\/#\/schema\/logo\/image\/"}},{"@type":"Person","@id":"https:\/\/blogscvc.cervantes.es\/martes-neologico\/#\/schema\/person\/7e2fd26f886f53b1b2e81721d23acc47","name":"admin","image":{"@type":"ImageObject","inLanguage":"es","@id":"https:\/\/blogscvc.cervantes.es\/martes-neologico\/#\/schema\/person\/image\/","url":"https:\/\/secure.gravatar.com\/avatar\/c4b6a365b64e607f3d2ecd9620a7675a?s=96&d=mm&r=g","contentUrl":"https:\/\/secure.gravatar.com\/avatar\/c4b6a365b64e607f3d2ecd9620a7675a?s=96&d=mm&r=g","caption":"admin"},"url":"https:\/\/blogscvc.cervantes.es\/martes-neologico\/author\/admin\/"}]}},"_links":{"self":[{"href":"https:\/\/blogscvc.cervantes.es\/martes-neologico\/wp-json\/wp\/v2\/posts\/9746"}],"collection":[{"href":"https:\/\/blogscvc.cervantes.es\/martes-neologico\/wp-json\/wp\/v2\/posts"}],"about":[{"href":"https:\/\/blogscvc.cervantes.es\/martes-neologico\/wp-json\/wp\/v2\/types\/post"}],"author":[{"embeddable":true,"href":"https:\/\/blogscvc.cervantes.es\/martes-neologico\/wp-json\/wp\/v2\/users\/1"}],"replies":[{"embeddable":true,"href":"https:\/\/blogscvc.cervantes.es\/martes-neologico\/wp-json\/wp\/v2\/comments?post=9746"}],"version-history":[{"count":2,"href":"https:\/\/blogscvc.cervantes.es\/martes-neologico\/wp-json\/wp\/v2\/posts\/9746\/revisions"}],"predecessor-version":[{"id":13555,"href":"https:\/\/blogscvc.cervantes.es\/martes-neologico\/wp-json\/wp\/v2\/posts\/9746\/revisions\/13555"}],"wp:featuredmedia":[{"embeddable":true,"href":"https:\/\/blogscvc.cervantes.es\/martes-neologico\/wp-json\/wp\/v2\/media\/9749"}],"wp:attachment":[{"href":"https:\/\/blogscvc.cervantes.es\/martes-neologico\/wp-json\/wp\/v2\/media?parent=9746"}],"wp:term":[{"taxonomy":"category","embeddable":true,"href":"https:\/\/blogscvc.cervantes.es\/martes-neologico\/wp-json\/wp\/v2\/categories?post=9746"},{"taxonomy":"post_tag","embeddable":true,"href":"https:\/\/blogscvc.cervantes.es\/martes-neologico\/wp-json\/wp\/v2\/tags?post=9746"}],"curies":[{"name":"wp","href":"https:\/\/api.w.org\/{rel}","templated":true}]}}