{"id":9929,"date":"2022-06-07T06:59:55","date_gmt":"2022-06-07T04:59:55","guid":{"rendered":"https:\/\/blogscvc.cervantes.es\/martes-neologico\/?p=9929"},"modified":"2025-07-30T15:19:18","modified_gmt":"2025-07-30T13:19:18","slug":"gotico-gotica","status":"publish","type":"post","link":"https:\/\/blogscvc.cervantes.es\/martes-neologico\/gotico-gotica\/","title":{"rendered":"g\u00f3tico, g\u00f3tica <em>adj.<\/em> y <em>m.<\/em> y <em>f.<\/em>"},"content":{"rendered":"\n<p>A finales de la d\u00e9cada de 1970 comienza a emplearse en Inglaterra el t\u00e9rmino <em>gothic rock<\/em> (<em>rock g\u00f3tico<\/em>) para definir un g\u00e9nero musical emergente, que acabar\u00e1 formando parte de un movimiento mayor: la subcultura g\u00f3tica. Gran parte del \u00e9xito de la acu\u00f1aci\u00f3n del t\u00e9rmino y la formaci\u00f3n del ideario del colectivo se debe a un pub londinense situado en el barrio del Soho, <em>The Batcave Club<\/em>, donde, a principios de los 80, se congregaban grupos de j\u00f3venes con vestimenta oscura, rostros p\u00e1lidos, y labios, ojos y u\u00f1as pintados de negro que cantaban al un\u00edsono canciones de The Cure. Es aqu\u00ed donde se difunde el rock g\u00f3tico y se gesta la subcultura g\u00f3tica formada por sus seguidores, los g\u00f3ticos.<\/p>\n\n\n<figure class=\"wp-block-image size-large is-style-default\"><a href=\"http:\/\/blogscvc.cervantes.es\/martes-neologico\/wp-content\/uploads\/sites\/2\/2022\/06\/gotico_500.jpg\"><img decoding=\"async\" class=\"wp-image-7916\" src=\"http:\/\/blogscvc.cervantes.es\/martes-neologico\/wp-content\/uploads\/sites\/2\/2022\/06\/gotico_500.jpg\" alt=\"[fotograf\u00eda] mujer vestida de negro con rosas de color naranja\"><\/a><figcaption>Jill Burrow (Pexels)<\/figcaption><\/figure>\n\n\n<p>Este movimiento cultural se caracteriza por su vestimenta (prendas oscuras, de cuero, botas con grandes plataformas, cadenas, tachuelas, etc.), pero tambi\u00e9n por su inter\u00e9s por lo l\u00fagubre, lo siniestro y sobrenatural, y su visi\u00f3n del mundo depresiva, con un sentimiento de angustia y sufrimiento constante. Los g\u00e9neros musicales asociados a esta tribu urbana son el rock y el metal g\u00f3ticos(entre otros), con exponentes de \u00e1mbito internacional como The Cure y Paradise Lost.<\/p>\n\n\n\n<p>El ideario de la subcultura <em>g\u00f3tica<\/em> se nutre de la llamada <em>novela g\u00f3tica<\/em>, definida por el <em>DLE<\/em> como \u00abvariedad de relato de misterio, fantas\u00eda y terror que aparece a finales del siglo <span class=\"versalitas\">xviii<\/span>\u00bb. Por tanto, estamos ante un neologismo sem\u00e1ntico, ya que este nuevo significado de <em>g\u00f3tico<\/em> nace por extensi\u00f3n de significado de <em>novela g\u00f3tica<\/em>.<\/p>\n\n\n\n<p>En espa\u00f1ol, se emplea <em>g\u00f3tico<\/em> como adjetivo al menos desde finales de los 80 y, como sustantivo, referido a la tribu urbana, al menos desde finales de los 90 del siglo <span class=\"versalitas\">xx<\/span>. Desde principios de los a\u00f1os 80 se fundan grupos de rock g\u00f3tico tanto en Espa\u00f1a como Latinoam\u00e9rica (por ejemplo, Par\u00e1lisis Permanente y Voz Propia) y, desde entonces, este subg\u00e9nero musical (y otros relacionados) sigue generando expectaci\u00f3n entre j\u00f3venes y no tan j\u00f3venes fieles a este movimiento, por lo que es una tribu urbana que perdura hasta la actualidad.<\/p>\n\n\n\n<p>Prueba de ello es la frecuencia de uso del t\u00e9rmino en espa\u00f1ol, que se usa con profusi\u00f3n, tal y como se ha comprobado en BOBNEO, CREA, CORPES y otras hemerotecas digitales:<\/p>\n\n\n\n<ul>\n<li>The Cure, la banda del singular Robert Smith, est\u00e1 de gira una vez m\u00e1s en nuestro pa\u00eds. El que fuera grupo de culto entre los seguidores del <em>punk<\/em> m\u00e1s oscuro y siniestro, aquello que se dio en llamar \u00abrock <strong>g\u00f3tico<\/strong>\u00bb, pas\u00f3 a ser un \u00e9xito de masas, gracias a un decepcionante trasvase hacia la m\u00fasica de discoteca. [<em>ABC Madrid<\/em> (Espa\u00f1a), 30\/06\/1989]<\/li>\n\n\n\n<li>Una legi\u00f3n de representantes de las m\u00e1s exc\u00e9ntricas tribus urbanas convive pac\u00edficamente en las calles y los comercios del barrio londinense. Para un lego o un simple turista no es f\u00e1cil distinguirlos, pero ellos se reconocen y diferencian entre s\u00ed por sus ropas, c\u00f3digos de comunicaci\u00f3n, comportamientos y distintos rituales: pueden ser <strong>g\u00f3ticos<\/strong>, punks, clubbers, navers, y hasta algunos sobrevivientes hippies. [<em>P\u00e1gina\/12<\/em> (Argentina), 01\/02\/2004]<\/li>\n\n\n\n<li>Los piercing aparecen tambi\u00e9n en otras tribus: <strong>g\u00f3ticos<\/strong> \u2014son los que usan ropa negra, maquillajes y peinados elaborados\u2014 y emos. [<em>Clar\u00edn<\/em> (Argentina), 03\/10\/2008]<\/li>\n<\/ul>\n\n\n\n<p>Sin embargo, esta realidad ling\u00fc\u00edstica no se traslada a los diccionarios hisp\u00e1nicos, ya que tan solo el <em>DEA<\/em> (2011) registra <em>g\u00f3tico<\/em> con este significado y lo atribuye a la persona \u00abperteneciente a una tribu urbana que se caracteriza por vestir totalmente de negro y con aire siniestro\u00bb.<\/p>\n\n\n\n<p>Este t\u00e9rmino no es el \u00fanico empleado en espa\u00f1ol para referirse a esta tribu urbana, sino que convive con otros menos frecuentes como son <em>siniestro<\/em> (por influencia de la movida madrile\u00f1a, aunque extensible a todo el mundo hisp\u00e1nico)y <em>dark<\/em>:<\/p>\n\n\n\n<ul>\n<li>La sesi\u00f3n siniestra de la sala Flamingo es de esas citas que resisten el paso del tiempo y el embate de las modas. Despu\u00e9s de 13 a\u00f1os de vida, sus s\u00e1bados congregan a los <strong>g\u00f3ticos<\/strong> de toda la vida. [\u2026] El p\u00fablico es variopinto aunque hay mayor\u00eda de siniestros y la media de edad va de los 18 hasta los 40 y muchos. [<em>El Mundo<\/em> (Espa\u00f1a), 23\/10\/2009]<\/li>\n\n\n\n<li>En M\u00e9xico el auge de las tribus urbanas ocurri\u00f3 en 2008 con los <em>darks<\/em><em>,<\/em> <em>cholos<\/em><em>,<\/em> <strong><em>g\u00f3ticos<\/em><\/strong><em>, metaleros, skatos,<\/em> <em>skaters<\/em> [\u2026]. [\u2026] Darks\/<strong>G\u00f3ticos<\/strong>: Sus integrantes escuchan rock <strong>g\u00f3tico<\/strong>. Usan ropa oscura y tienen preferencias marcadas por la muerte y temas afines. [<em>El Imparcial<\/em> (M\u00e9xico), 10\/07\/2019]<\/li>\n\n\n\n<li>Y en el \u00faltimo cap\u00edtulo repasa la subcultura <strong>g\u00f3tica<\/strong> por regiones. En el apartado dedicado a nuestra comunidad, cabe mencionar a Crimen Perfecto \u2014\u00abel \u00fanico grupo siniestro asturiano que grab\u00f3 un disco\u00bb\u2014 [\u2026]. Por el libro desfilan otros asturianos, entre ellos, Pito Cubillas, un personaje capital en la transici\u00f3n de la nueva ola a la movida [\u2026]. [<em>El Comercio<\/em> (Espa\u00f1a), 24\/01\/2020]<\/li>\n<\/ul>\n\n\n\n<p>Al consultar el comportamiento del t\u00e9rmino en otras lenguas, comprobamos que en ingl\u00e9s, lengua originaria de este significado, el <em>Oxford English Dictionary<\/em> recoge el sustantivo <em>goth<\/em> y el adjetivo <em>gothic<\/em> como propuesta de adici\u00f3n al diccionario desde 1993. El sustantivo se define como \u00abestilo de m\u00fasica rock\u00bb y como \u00abint\u00e9rprete o fan\u00e1tico de esta m\u00fasica, o persona af\u00edn en apariencia, mediante el uso de maquillaje de ojos oscuro, tez p\u00e1lida, ropa oscura y joyas met\u00e1licas y voluminosas\u00bb; y el adjetivocomo \u00abperteneciente o relativo a la m\u00fasica g\u00f3tica o a sus seguidores\u00bb. Por su parte, el franc\u00e9s (<em>Le Robert<\/em>, en l\u00ednea) tambi\u00e9n registra <em>gothique<\/em> como adjetivo, \u00abmovimiento cultural con una est\u00e9tica oscura y rom\u00e1ntica, a menudo macabra\u00bb; y como sustantivo, \u00abadeptos de este movimiento\u00bb. Sin embargo, en lenguas como el catal\u00e1n o el italiano, no se consigna este significado en sus diccionarios de referencia a pesar de contar con documentaci\u00f3n l\u00e9xica.<\/p>\n\n\n\n<p>De acuerdo con lo expuesto, se ha comprobado la extensi\u00f3n de uso de <em>g\u00f3tico<\/em> en el mundo panhisp\u00e1nico y, dado que en la actualidad seguimos disfrutando de bandas de rock y metal g\u00f3ticos, as\u00ed como g\u00f3ticos fieles que ayudan a mantener viva esta subcultura, no queda duda de que esta acepci\u00f3n merece tener su lugar en el diccionario.<\/p>\n\n\n\n<p>Tamara N\u00fa\u00f1ez Garc\u00eda<br>Universidad Nacional de Educaci\u00f3n a Distancia (Espa\u00f1a)<br>Equipo de la Real Academia Espa\u00f1ola del <em>Diccionario hist\u00f3rico de la lengua espa\u00f1ola<\/em><\/p>\n","protected":false},"excerpt":{"rendered":"<p>A finales de la d\u00e9cada de 1970 comienza a emplearse en Inglaterra el t\u00e9rmino <em>gothic rock<\/em> (<em>rock g\u00f3tico<\/em>) para definir un g\u00e9nero musical emergente, que acabar\u00e1 formando parte de un movimiento mayor: la subcultura g\u00f3tica. Gran parte del \u00e9xito de la acu\u00f1aci\u00f3n del t\u00e9rmino y la formaci\u00f3n del ideario del colectivo se debe a un pub londinense situado en el barrio del Soho, <em>The Batcave Club<\/em>, donde, a principios de los 80, se congregaban grupos de j\u00f3venes con vestimenta oscura, rostros p\u00e1lidos, y labios, ojos y u\u00f1as pintados de negro que cantaban al un\u00edsono canciones de The Cure. Es aqu\u00ed donde se difunde el rock g\u00f3tico y se gesta la subcultura g\u00f3tica formada por sus seguidores, los g\u00f3ticos.<\/p>\n","protected":false},"author":1,"featured_media":9935,"comment_status":"open","ping_status":"open","sticky":false,"template":"","format":"standard","meta":{"_mi_skip_tracking":false,"_s2mail":""},"categories":[146,147],"tags":[],"yoast_head":"<!-- This site is optimized with the Yoast SEO plugin v20.6 - https:\/\/yoast.com\/wordpress\/plugins\/seo\/ -->\n<title>CVC. G\u00f3tico, g\u00f3tica | Martes Neol\u00f3gico<\/title>\n<meta name=\"description\" content=\"Art\u00edculo sobre el neologismo \u00abg\u00f3tico, g\u00f3tica\u00bb, dentro del blog Martes Neol\u00f3gico del Centro Virtual Cervantes.\" \/>\n<meta name=\"robots\" content=\"index, follow, max-snippet:-1, max-image-preview:large, max-video-preview:-1\" \/>\n<link rel=\"canonical\" href=\"https:\/\/blogscvc.cervantes.es\/martes-neologico\/gotico-gotica\/\" \/>\n<meta property=\"og:locale\" content=\"es_ES\" \/>\n<meta property=\"og:type\" content=\"article\" \/>\n<meta property=\"og:title\" content=\"CVC. G\u00f3tico, g\u00f3tica | Martes Neol\u00f3gico\" \/>\n<meta property=\"og:description\" content=\"Art\u00edculo sobre el neologismo \u00abg\u00f3tico, g\u00f3tica\u00bb, dentro del blog Martes Neol\u00f3gico del Centro Virtual Cervantes.\" \/>\n<meta property=\"og:url\" content=\"https:\/\/blogscvc.cervantes.es\/martes-neologico\/gotico-gotica\/\" \/>\n<meta property=\"og:site_name\" content=\"Martes Neol\u00f3gico\" \/>\n<meta property=\"article:published_time\" content=\"2022-06-07T04:59:55+00:00\" \/>\n<meta property=\"article:modified_time\" content=\"2025-07-30T13:19:18+00:00\" \/>\n<meta property=\"og:image\" content=\"http:\/\/blogscvc.cervantes.es\/martes-neologico\/wp-content\/uploads\/sites\/2\/2022\/06\/gotico_350.jpg\" \/>\n\t<meta property=\"og:image:width\" content=\"750\" \/>\n\t<meta property=\"og:image:height\" content=\"350\" \/>\n\t<meta property=\"og:image:type\" content=\"image\/jpeg\" \/>\n<meta name=\"author\" content=\"admin\" \/>\n<meta name=\"twitter:card\" content=\"summary_large_image\" \/>\n<meta name=\"twitter:label1\" content=\"Escrito por\" \/>\n\t<meta name=\"twitter:data1\" content=\"admin\" \/>\n\t<meta name=\"twitter:label2\" content=\"Tiempo de lectura\" \/>\n\t<meta name=\"twitter:data2\" content=\"5 minutos\" \/>\n<script type=\"application\/ld+json\" class=\"yoast-schema-graph\">{\"@context\":\"https:\/\/schema.org\",\"@graph\":[{\"@type\":\"Article\",\"@id\":\"https:\/\/blogscvc.cervantes.es\/martes-neologico\/gotico-gotica\/#article\",\"isPartOf\":{\"@id\":\"https:\/\/blogscvc.cervantes.es\/martes-neologico\/gotico-gotica\/\"},\"author\":{\"name\":\"admin\",\"@id\":\"https:\/\/blogscvc.cervantes.es\/martes-neologico\/#\/schema\/person\/7e2fd26f886f53b1b2e81721d23acc47\"},\"headline\":\"g\u00f3tico, g\u00f3tica adj. y m. y f.\",\"datePublished\":\"2022-06-07T04:59:55+00:00\",\"dateModified\":\"2025-07-30T13:19:18+00:00\",\"mainEntityOfPage\":{\"@id\":\"https:\/\/blogscvc.cervantes.es\/martes-neologico\/gotico-gotica\/\"},\"wordCount\":1113,\"commentCount\":0,\"publisher\":{\"@id\":\"https:\/\/blogscvc.cervantes.es\/martes-neologico\/#organization\"},\"articleSection\":[\"neologismo sem\u00e1ntico\",\"sociolog\u00eda\"],\"inLanguage\":\"es\",\"potentialAction\":[{\"@type\":\"CommentAction\",\"name\":\"Comment\",\"target\":[\"https:\/\/blogscvc.cervantes.es\/martes-neologico\/gotico-gotica\/#respond\"]}]},{\"@type\":\"WebPage\",\"@id\":\"https:\/\/blogscvc.cervantes.es\/martes-neologico\/gotico-gotica\/\",\"url\":\"https:\/\/blogscvc.cervantes.es\/martes-neologico\/gotico-gotica\/\",\"name\":\"CVC. G\u00f3tico, g\u00f3tica | Martes Neol\u00f3gico\",\"isPartOf\":{\"@id\":\"https:\/\/blogscvc.cervantes.es\/martes-neologico\/#website\"},\"datePublished\":\"2022-06-07T04:59:55+00:00\",\"dateModified\":\"2025-07-30T13:19:18+00:00\",\"description\":\"Art\u00edculo sobre el neologismo \u00abg\u00f3tico, g\u00f3tica\u00bb, dentro del blog Martes Neol\u00f3gico del Centro Virtual Cervantes.\",\"breadcrumb\":{\"@id\":\"https:\/\/blogscvc.cervantes.es\/martes-neologico\/gotico-gotica\/#breadcrumb\"},\"inLanguage\":\"es\",\"potentialAction\":[{\"@type\":\"ReadAction\",\"target\":[\"https:\/\/blogscvc.cervantes.es\/martes-neologico\/gotico-gotica\/\"]}]},{\"@type\":\"BreadcrumbList\",\"@id\":\"https:\/\/blogscvc.cervantes.es\/martes-neologico\/gotico-gotica\/#breadcrumb\",\"itemListElement\":[{\"@type\":\"ListItem\",\"position\":1,\"name\":\"Portada\",\"item\":\"https:\/\/blogscvc.cervantes.es\/martes-neologico\/\"},{\"@type\":\"ListItem\",\"position\":2,\"name\":\"g\u00f3tico, g\u00f3tica adj. y m. y f.\"}]},{\"@type\":\"WebSite\",\"@id\":\"https:\/\/blogscvc.cervantes.es\/martes-neologico\/#website\",\"url\":\"https:\/\/blogscvc.cervantes.es\/martes-neologico\/\",\"name\":\"Martes Neol\u00f3gico\",\"description\":\"Cada martes, una palabra nueva que podr\u00eda estar en el diccionario\",\"publisher\":{\"@id\":\"https:\/\/blogscvc.cervantes.es\/martes-neologico\/#organization\"},\"potentialAction\":[{\"@type\":\"SearchAction\",\"target\":{\"@type\":\"EntryPoint\",\"urlTemplate\":\"https:\/\/blogscvc.cervantes.es\/martes-neologico\/?s={search_term_string}\"},\"query-input\":\"required name=search_term_string\"}],\"inLanguage\":\"es\"},{\"@type\":\"Organization\",\"@id\":\"https:\/\/blogscvc.cervantes.es\/martes-neologico\/#organization\",\"name\":\"Martes Neol\u00f3gico\",\"url\":\"https:\/\/blogscvc.cervantes.es\/martes-neologico\/\",\"logo\":{\"@type\":\"ImageObject\",\"inLanguage\":\"es\",\"@id\":\"https:\/\/blogscvc.cervantes.es\/martes-neologico\/#\/schema\/logo\/image\/\",\"url\":\"https:\/\/blogscvc.cervantes.es\/martes-neologico\/wp-content\/uploads\/sites\/2\/2025\/10\/logo-martes-neologico-10-anos.png\",\"contentUrl\":\"https:\/\/blogscvc.cervantes.es\/martes-neologico\/wp-content\/uploads\/sites\/2\/2025\/10\/logo-martes-neologico-10-anos.png\",\"width\":300,\"height\":100,\"caption\":\"Martes Neol\u00f3gico\"},\"image\":{\"@id\":\"https:\/\/blogscvc.cervantes.es\/martes-neologico\/#\/schema\/logo\/image\/\"}},{\"@type\":\"Person\",\"@id\":\"https:\/\/blogscvc.cervantes.es\/martes-neologico\/#\/schema\/person\/7e2fd26f886f53b1b2e81721d23acc47\",\"name\":\"admin\",\"image\":{\"@type\":\"ImageObject\",\"inLanguage\":\"es\",\"@id\":\"https:\/\/blogscvc.cervantes.es\/martes-neologico\/#\/schema\/person\/image\/\",\"url\":\"https:\/\/secure.gravatar.com\/avatar\/c4b6a365b64e607f3d2ecd9620a7675a?s=96&d=mm&r=g\",\"contentUrl\":\"https:\/\/secure.gravatar.com\/avatar\/c4b6a365b64e607f3d2ecd9620a7675a?s=96&d=mm&r=g\",\"caption\":\"admin\"},\"url\":\"https:\/\/blogscvc.cervantes.es\/martes-neologico\/author\/admin\/\"}]}<\/script>\n<!-- \/ Yoast SEO plugin. -->","yoast_head_json":{"title":"CVC. G\u00f3tico, g\u00f3tica | Martes Neol\u00f3gico","description":"Art\u00edculo sobre el neologismo \u00abg\u00f3tico, g\u00f3tica\u00bb, dentro del blog Martes Neol\u00f3gico del Centro Virtual Cervantes.","robots":{"index":"index","follow":"follow","max-snippet":"max-snippet:-1","max-image-preview":"max-image-preview:large","max-video-preview":"max-video-preview:-1"},"canonical":"https:\/\/blogscvc.cervantes.es\/martes-neologico\/gotico-gotica\/","og_locale":"es_ES","og_type":"article","og_title":"CVC. G\u00f3tico, g\u00f3tica | Martes Neol\u00f3gico","og_description":"Art\u00edculo sobre el neologismo \u00abg\u00f3tico, g\u00f3tica\u00bb, dentro del blog Martes Neol\u00f3gico del Centro Virtual Cervantes.","og_url":"https:\/\/blogscvc.cervantes.es\/martes-neologico\/gotico-gotica\/","og_site_name":"Martes Neol\u00f3gico","article_published_time":"2022-06-07T04:59:55+00:00","article_modified_time":"2025-07-30T13:19:18+00:00","og_image":[{"width":750,"height":350,"url":"http:\/\/blogscvc.cervantes.es\/martes-neologico\/wp-content\/uploads\/sites\/2\/2022\/06\/gotico_350.jpg","type":"image\/jpeg"}],"author":"admin","twitter_card":"summary_large_image","twitter_misc":{"Escrito por":"admin","Tiempo de lectura":"5 minutos"},"schema":{"@context":"https:\/\/schema.org","@graph":[{"@type":"Article","@id":"https:\/\/blogscvc.cervantes.es\/martes-neologico\/gotico-gotica\/#article","isPartOf":{"@id":"https:\/\/blogscvc.cervantes.es\/martes-neologico\/gotico-gotica\/"},"author":{"name":"admin","@id":"https:\/\/blogscvc.cervantes.es\/martes-neologico\/#\/schema\/person\/7e2fd26f886f53b1b2e81721d23acc47"},"headline":"g\u00f3tico, g\u00f3tica adj. y m. y f.","datePublished":"2022-06-07T04:59:55+00:00","dateModified":"2025-07-30T13:19:18+00:00","mainEntityOfPage":{"@id":"https:\/\/blogscvc.cervantes.es\/martes-neologico\/gotico-gotica\/"},"wordCount":1113,"commentCount":0,"publisher":{"@id":"https:\/\/blogscvc.cervantes.es\/martes-neologico\/#organization"},"articleSection":["neologismo sem\u00e1ntico","sociolog\u00eda"],"inLanguage":"es","potentialAction":[{"@type":"CommentAction","name":"Comment","target":["https:\/\/blogscvc.cervantes.es\/martes-neologico\/gotico-gotica\/#respond"]}]},{"@type":"WebPage","@id":"https:\/\/blogscvc.cervantes.es\/martes-neologico\/gotico-gotica\/","url":"https:\/\/blogscvc.cervantes.es\/martes-neologico\/gotico-gotica\/","name":"CVC. G\u00f3tico, g\u00f3tica | Martes Neol\u00f3gico","isPartOf":{"@id":"https:\/\/blogscvc.cervantes.es\/martes-neologico\/#website"},"datePublished":"2022-06-07T04:59:55+00:00","dateModified":"2025-07-30T13:19:18+00:00","description":"Art\u00edculo sobre el neologismo \u00abg\u00f3tico, g\u00f3tica\u00bb, dentro del blog Martes Neol\u00f3gico del Centro Virtual Cervantes.","breadcrumb":{"@id":"https:\/\/blogscvc.cervantes.es\/martes-neologico\/gotico-gotica\/#breadcrumb"},"inLanguage":"es","potentialAction":[{"@type":"ReadAction","target":["https:\/\/blogscvc.cervantes.es\/martes-neologico\/gotico-gotica\/"]}]},{"@type":"BreadcrumbList","@id":"https:\/\/blogscvc.cervantes.es\/martes-neologico\/gotico-gotica\/#breadcrumb","itemListElement":[{"@type":"ListItem","position":1,"name":"Portada","item":"https:\/\/blogscvc.cervantes.es\/martes-neologico\/"},{"@type":"ListItem","position":2,"name":"g\u00f3tico, g\u00f3tica adj. y m. y f."}]},{"@type":"WebSite","@id":"https:\/\/blogscvc.cervantes.es\/martes-neologico\/#website","url":"https:\/\/blogscvc.cervantes.es\/martes-neologico\/","name":"Martes Neol\u00f3gico","description":"Cada martes, una palabra nueva que podr\u00eda estar en el diccionario","publisher":{"@id":"https:\/\/blogscvc.cervantes.es\/martes-neologico\/#organization"},"potentialAction":[{"@type":"SearchAction","target":{"@type":"EntryPoint","urlTemplate":"https:\/\/blogscvc.cervantes.es\/martes-neologico\/?s={search_term_string}"},"query-input":"required name=search_term_string"}],"inLanguage":"es"},{"@type":"Organization","@id":"https:\/\/blogscvc.cervantes.es\/martes-neologico\/#organization","name":"Martes Neol\u00f3gico","url":"https:\/\/blogscvc.cervantes.es\/martes-neologico\/","logo":{"@type":"ImageObject","inLanguage":"es","@id":"https:\/\/blogscvc.cervantes.es\/martes-neologico\/#\/schema\/logo\/image\/","url":"https:\/\/blogscvc.cervantes.es\/martes-neologico\/wp-content\/uploads\/sites\/2\/2025\/10\/logo-martes-neologico-10-anos.png","contentUrl":"https:\/\/blogscvc.cervantes.es\/martes-neologico\/wp-content\/uploads\/sites\/2\/2025\/10\/logo-martes-neologico-10-anos.png","width":300,"height":100,"caption":"Martes Neol\u00f3gico"},"image":{"@id":"https:\/\/blogscvc.cervantes.es\/martes-neologico\/#\/schema\/logo\/image\/"}},{"@type":"Person","@id":"https:\/\/blogscvc.cervantes.es\/martes-neologico\/#\/schema\/person\/7e2fd26f886f53b1b2e81721d23acc47","name":"admin","image":{"@type":"ImageObject","inLanguage":"es","@id":"https:\/\/blogscvc.cervantes.es\/martes-neologico\/#\/schema\/person\/image\/","url":"https:\/\/secure.gravatar.com\/avatar\/c4b6a365b64e607f3d2ecd9620a7675a?s=96&d=mm&r=g","contentUrl":"https:\/\/secure.gravatar.com\/avatar\/c4b6a365b64e607f3d2ecd9620a7675a?s=96&d=mm&r=g","caption":"admin"},"url":"https:\/\/blogscvc.cervantes.es\/martes-neologico\/author\/admin\/"}]}},"_links":{"self":[{"href":"https:\/\/blogscvc.cervantes.es\/martes-neologico\/wp-json\/wp\/v2\/posts\/9929"}],"collection":[{"href":"https:\/\/blogscvc.cervantes.es\/martes-neologico\/wp-json\/wp\/v2\/posts"}],"about":[{"href":"https:\/\/blogscvc.cervantes.es\/martes-neologico\/wp-json\/wp\/v2\/types\/post"}],"author":[{"embeddable":true,"href":"https:\/\/blogscvc.cervantes.es\/martes-neologico\/wp-json\/wp\/v2\/users\/1"}],"replies":[{"embeddable":true,"href":"https:\/\/blogscvc.cervantes.es\/martes-neologico\/wp-json\/wp\/v2\/comments?post=9929"}],"version-history":[{"count":2,"href":"https:\/\/blogscvc.cervantes.es\/martes-neologico\/wp-json\/wp\/v2\/posts\/9929\/revisions"}],"predecessor-version":[{"id":13486,"href":"https:\/\/blogscvc.cervantes.es\/martes-neologico\/wp-json\/wp\/v2\/posts\/9929\/revisions\/13486"}],"wp:featuredmedia":[{"embeddable":true,"href":"https:\/\/blogscvc.cervantes.es\/martes-neologico\/wp-json\/wp\/v2\/media\/9935"}],"wp:attachment":[{"href":"https:\/\/blogscvc.cervantes.es\/martes-neologico\/wp-json\/wp\/v2\/media?parent=9929"}],"wp:term":[{"taxonomy":"category","embeddable":true,"href":"https:\/\/blogscvc.cervantes.es\/martes-neologico\/wp-json\/wp\/v2\/categories?post=9929"},{"taxonomy":"post_tag","embeddable":true,"href":"https:\/\/blogscvc.cervantes.es\/martes-neologico\/wp-json\/wp\/v2\/tags?post=9929"}],"curies":[{"name":"wp","href":"https:\/\/api.w.org\/{rel}","templated":true}]}}